{"id":10513,"date":"2013-07-14T23:56:42","date_gmt":"2013-07-14T23:56:42","guid":{"rendered":"http:\/\/www.islamidavet.com\/azeri\/?p=10513"},"modified":"2013-07-14T23:56:42","modified_gmt":"2013-07-14T23:56:42","slug":"b%c9%99hreyn-xalqi-ramazan-ayinda-namazlarini-dagidilmis-m%c9%99scidl%c9%99rd%c9%99-qilirlar","status":"publish","type":"post","link":"https:\/\/www.islamidavet.com\/azeri\/b%c9%99hreyn-xalqi-ramazan-ayinda-namazlarini-dagidilmis-m%c9%99scidl%c9%99rd%c9%99-qilirlar\/","title":{"rendered":"B\u0259hreyn xalq\u0131 Ramazan ay\u0131nda namazlar\u0131n\u0131 da\u011f\u0131d\u0131lm\u0131\u015f m\u0259scidl\u0259rd\u0259 q\u0131l\u0131rlar"},"content":{"rendered":"<p>B\u0259hreyn xalq\u0131 Ali-X\u0259lif\u0259 rejimi t\u0259r\u0259find\u0259n t\u0259tbiq edil\u0259n m\u0259hdudiyy\u0259tl\u0259r v\u0259 t\u0259zyiql\u0259r\u0259 r\u0259\u011fm\u0259n da\u011f\u0131d\u0131lm\u0131\u015f m\u0259scidl\u0259rin k\u0259nar\u0131nda camaat namaz\u0131 t\u0259\u015fkil edir.<\/p>\n<p> B\u0259hreynd\u0259 \u00e7\u0131xan \u0259l-V\u0259s\u0259t q\u0259zetinin yazd\u0131\u011f\u0131na g\u00f6r\u0259, B\u0259hreyn v\u0259t\u0259nda\u015flar\u0131 hakim rejim t\u0259r\u0259find\u0259n da\u011f\u0131d\u0131lm\u0131\u015f m\u0259scidl\u0259rin k\u0259nar\u0131nda camaat namaz\u0131 q\u0131l\u0131blar.<\/p>\n<p> Ali-X\u0259lif\u0259 rejimi 2011-ci ilin fevral\u0131nda \u00f6lk\u0259d\u0259 inqilab\u0131n ba\u015flanmas\u0131ndan b\u0259ri bir s\u0131ra m\u0259scidl\u0259ri da\u011f\u0131d\u0131b v\u0259 onlar\u0131n yenid\u0259n b\u0259rpa edilm\u0259sin\u0259 icaz\u0259 vermir.<\/p>\n<p> H\u0259m\u00e7inin, B\u0259hreyn rejimi ba\u015fqa bir h\u0259r\u0259k\u0259td\u0259 xalqa bu m\u0259scidl\u0259rin xarabal\u0131qlar\u0131 k\u0259nar\u0131nda namaz q\u0131lma\u011fa icaz\u0259 vermir. Eyni zamanda bu m\u0259scidl\u0259rin torpaq \u0259razil\u0259rini m\u00fcsadir\u0259 ed\u0259r\u0259k, m\u0259scidl\u0259ri uzaq v\u0259 k\u0259nar m\u0259h\u0259ll\u0259l\u0259r\u0259 k\u00f6\u00e7\u00fcrm\u0259y\u0259 \u00e7al\u0131\u015f\u0131r.<\/p>\n<p> Bu g\u00fcn on minl\u0259rl\u0259 b\u0259hreynli paytaxt Manaman\u0131n q\u0259rbind\u0259 yerl\u0259\u015f\u0259n Azadl\u0131q meydan\u0131nda aksiya t\u0259\u015fkil ed\u0259r\u0259k, Ali-X\u0259lif\u0259 rejiminin zorak\u0131l\u0131qlar\u0131na, zindanda qad\u0131n m\u0259hbusa t\u0259cav\u00fcz\u00fcn edilm\u0259sin\u0259 etiraz edibl\u0259r.<\/p>\n<p> Bazar g\u00fcn\u00fc ke\u00e7iril\u0259n bu aksiyada &#8221; Xalq \u00f6z l\u0259yaq\u0259ti v\u0259 \u015f\u0259r\u0259fini qoruyacaq&#8221; \u015f\u00fcar\u0131 verilib.<br \/>\n B\u0259hreynin Milli Vifaq c\u0259miyy\u0259tinin s\u0259dri \u015eeyx \u018fli Salman deyib: H\u0259bsd\u0259 olan qad\u0131na t\u0259cav\u00fcz etm\u0259k bir daha s\u00fcbut etmi\u015f oldu ki, Ali-X\u0259lif\u0259 rejimi \u00f6z qanuniliyini itirib.<\/p>\n<p> \u015eeyx \u018fli Salman d\u00fcnya ictimaiyy\u0259tind\u0259n ist\u0259yib ki, B\u0259hreyn r\u0259smil\u0259rin\u0259 \u00f6z cinay\u0259tl\u0259rini durdurmalar\u0131 \u00fc\u00e7\u00fcn t\u0259zyiq g\u00f6st\u0259rsin.<\/p>\n<p> B\u0259hreynin Milli Vifaq c\u0259miyy\u0259tinin s\u0259dri Ali-X\u0259lif\u0259 rejimini qeyri-qanuni, qeyri-demokratik v\u0259 zal\u0131m rejim adland\u0131r\u0131b v\u0259 xalq\u0131 bu rejim\u0259 qar\u015f\u0131 ita\u0259tsizliy\u0259 d\u0259v\u0259t edib.<\/p>\n","protected":false},"excerpt":{"rendered":"<p>B\u0259hreyn xalq\u0131 Ali-X\u0259lif\u0259 rejimi t\u0259r\u0259find\u0259n t\u0259tbiq edil\u0259n m\u0259hdudiyy\u0259tl\u0259r v\u0259 t\u0259zyiql\u0259r\u0259 r\u0259\u011fm\u0259n da\u011f\u0131d\u0131lm\u0131\u015f m\u0259scidl\u0259rin k\u0259nar\u0131nda camaat namaz\u0131 t\u0259\u015fkil edir. B\u0259hreynd\u0259 \u00e7\u0131xan \u0259l-V\u0259s\u0259t q\u0259zetinin yazd\u0131\u011f\u0131na g\u00f6r\u0259, B\u0259hreyn v\u0259t\u0259nda\u015flar\u0131 hakim rejim t\u0259r\u0259find\u0259n da\u011f\u0131d\u0131lm\u0131\u015f m\u0259scidl\u0259rin k\u0259nar\u0131nda camaat namaz\u0131 q\u0131l\u0131blar. Ali-X\u0259lif\u0259 rejimi 2011-ci ilin fevral\u0131nda \u00f6lk\u0259d\u0259 inqilab\u0131n ba\u015flanmas\u0131ndan b\u0259ri bir s\u0131ra m\u0259scidl\u0259ri da\u011f\u0131d\u0131b v\u0259 onlar\u0131n yenid\u0259n b\u0259rpa edilm\u0259sin\u0259 icaz\u0259 vermir. &hellip;<\/p>\n","protected":false},"author":1,"featured_media":0,"comment_status":"open","ping_status":"open","sticky":false,"template":"","format":"standard","meta":{"footnotes":""},"categories":[69,2],"tags":[24706,7995,5190,7997,7994,7996,7095,7887],"class_list":["post-10513","post","type-post","status-publish","format-standard","hentry","category-bhreyn","category-xbrlr","tag-bhreyn","tag-bhreyn-rsmilri","tag-bhreyn-xalqi","tag-bhreyn-xalqi-ramazan-ayinda-namazlarini-dagidilmis-mscidlr","tag-bhreyn-xalqi-ramazan-ayinda-namazlarini-dagidilmis-mscidlrd-qilirlar","tag-fni-dagidilmis-mscidlrd-qilirlar","tag-ramazan-ayi","tag-seyx-li-salman"],"aioseo_notices":[],"aioseo_head":"\n\t\t<!-- All in One SEO 5.0.1.1 - aioseo.com -->\n\t<meta name=\"description\" content=\"B\u0259hreyn xalq\u0131 Ali-X\u0259lif\u0259 rejimi t\u0259r\u0259find\u0259n t\u0259tbiq edil\u0259n m\u0259hdudiyy\u0259tl\u0259r v\u0259 t\u0259zyiql\u0259r\u0259 r\u0259\u011fm\u0259n da\u011f\u0131d\u0131lm\u0131\u015f m\u0259scidl\u0259rin k\u0259nar\u0131nda camaat namaz\u0131 t\u0259\u015fkil edir. B\u0259hreynd\u0259 \u00e7\u0131xan \u0259l-V\u0259s\u0259t q\u0259zetinin yazd\u0131\u011f\u0131na g\u00f6r\u0259, B\u0259hreyn v\u0259t\u0259nda\u015flar\u0131 hakim rejim t\u0259r\u0259find\u0259n da\u011f\u0131d\u0131lm\u0131\u015f m\u0259scidl\u0259rin k\u0259nar\u0131nda camaat namaz\u0131 q\u0131l\u0131blar. Ali-X\u0259lif\u0259 rejimi 2011-ci ilin fevral\u0131nda \u00f6lk\u0259d\u0259 inqilab\u0131n ba\u015flanmas\u0131ndan b\u0259ri bir s\u0131ra m\u0259scidl\u0259ri da\u011f\u0131d\u0131b v\u0259 onlar\u0131n yenid\u0259n b\u0259rpa edilm\u0259sin\u0259 icaz\u0259 vermir.\" \/>\n\t<meta name=\"robots\" content=\"max-image-preview:large\" \/>\n\t<meta name=\"author\" content=\"admin\"\/>\n\t<link rel=\"canonical\" href=\"https:\/\/www.islamidavet.com\/azeri\/b%c9%99hreyn-xalqi-ramazan-ayinda-namazlarini-dagidilmis-m%c9%99scidl%c9%99rd%c9%99-qilirlar\/\" \/>\n\t<meta name=\"generator\" content=\"All in One SEO (AIOSEO) 5.0.1.1\" \/>\n\t\t<meta property=\"og:locale\" content=\"tr_TR\" \/>\n\t\t<meta property=\"og:site_name\" content=\"Azeri \u0130sl\u00e2mi Davet - Az\u0259rbaycanca | Azeri \u0130sl\u00e2mi Davet - Az\u0259rbaycanca\" \/>\n\t\t<meta property=\"og:type\" content=\"article\" \/>\n\t\t<meta property=\"og:title\" content=\"B\u0259hreyn xalq\u0131 Ramazan ay\u0131nda namazlar\u0131n\u0131 da\u011f\u0131d\u0131lm\u0131\u015f m\u0259scidl\u0259rd\u0259 q\u0131l\u0131rlar | Azeri \u0130sl\u00e2mi Davet - Az\u0259rbaycanca\" \/>\n\t\t<meta property=\"og:description\" content=\"B\u0259hreyn xalq\u0131 Ali-X\u0259lif\u0259 rejimi t\u0259r\u0259find\u0259n t\u0259tbiq edil\u0259n m\u0259hdudiyy\u0259tl\u0259r v\u0259 t\u0259zyiql\u0259r\u0259 r\u0259\u011fm\u0259n da\u011f\u0131d\u0131lm\u0131\u015f m\u0259scidl\u0259rin k\u0259nar\u0131nda camaat namaz\u0131 t\u0259\u015fkil edir. B\u0259hreynd\u0259 \u00e7\u0131xan \u0259l-V\u0259s\u0259t q\u0259zetinin yazd\u0131\u011f\u0131na g\u00f6r\u0259, B\u0259hreyn v\u0259t\u0259nda\u015flar\u0131 hakim rejim t\u0259r\u0259find\u0259n da\u011f\u0131d\u0131lm\u0131\u015f m\u0259scidl\u0259rin k\u0259nar\u0131nda camaat namaz\u0131 q\u0131l\u0131blar. Ali-X\u0259lif\u0259 rejimi 2011-ci ilin fevral\u0131nda \u00f6lk\u0259d\u0259 inqilab\u0131n ba\u015flanmas\u0131ndan b\u0259ri bir s\u0131ra m\u0259scidl\u0259ri da\u011f\u0131d\u0131b v\u0259 onlar\u0131n yenid\u0259n b\u0259rpa edilm\u0259sin\u0259 icaz\u0259 vermir.\" \/>\n\t\t<meta property=\"og:url\" content=\"https:\/\/www.islamidavet.com\/azeri\/b%c9%99hreyn-xalqi-ramazan-ayinda-namazlarini-dagidilmis-m%c9%99scidl%c9%99rd%c9%99-qilirlar\/\" \/>\n\t\t<meta property=\"article:published_time\" content=\"2013-07-14T23:56:42+00:00\" \/>\n\t\t<meta property=\"article:modified_time\" content=\"2013-07-14T23:56:42+00:00\" \/>\n\t\t<meta name=\"twitter:card\" content=\"summary_large_image\" \/>\n\t\t<meta name=\"twitter:title\" content=\"B\u0259hreyn xalq\u0131 Ramazan ay\u0131nda namazlar\u0131n\u0131 da\u011f\u0131d\u0131lm\u0131\u015f m\u0259scidl\u0259rd\u0259 q\u0131l\u0131rlar | Azeri \u0130sl\u00e2mi Davet - Az\u0259rbaycanca\" \/>\n\t\t<meta name=\"twitter:description\" content=\"B\u0259hreyn xalq\u0131 Ali-X\u0259lif\u0259 rejimi t\u0259r\u0259find\u0259n t\u0259tbiq edil\u0259n m\u0259hdudiyy\u0259tl\u0259r v\u0259 t\u0259zyiql\u0259r\u0259 r\u0259\u011fm\u0259n da\u011f\u0131d\u0131lm\u0131\u015f m\u0259scidl\u0259rin k\u0259nar\u0131nda camaat namaz\u0131 t\u0259\u015fkil edir. B\u0259hreynd\u0259 \u00e7\u0131xan \u0259l-V\u0259s\u0259t q\u0259zetinin yazd\u0131\u011f\u0131na g\u00f6r\u0259, B\u0259hreyn v\u0259t\u0259nda\u015flar\u0131 hakim rejim t\u0259r\u0259find\u0259n da\u011f\u0131d\u0131lm\u0131\u015f m\u0259scidl\u0259rin k\u0259nar\u0131nda camaat namaz\u0131 q\u0131l\u0131blar. Ali-X\u0259lif\u0259 rejimi 2011-ci ilin fevral\u0131nda \u00f6lk\u0259d\u0259 inqilab\u0131n ba\u015flanmas\u0131ndan b\u0259ri bir s\u0131ra m\u0259scidl\u0259ri da\u011f\u0131d\u0131b v\u0259 onlar\u0131n yenid\u0259n b\u0259rpa edilm\u0259sin\u0259 icaz\u0259 vermir.\" \/>\n\t\t<script type=\"application\/ld+json\" class=\"aioseo-schema\">\n\t\t\t{\"@context\":\"https:\\\/\\\/schema.org\",\"@graph\":[{\"@type\":\"Article\",\"@id\":\"https:\\\/\\\/www.islamidavet.com\\\/azeri\\\/b%c9%99hreyn-xalqi-ramazan-ayinda-namazlarini-dagidilmis-m%c9%99scidl%c9%99rd%c9%99-qilirlar\\\/#article\",\"name\":\"B\\u0259hreyn xalq\\u0131 Ramazan ay\\u0131nda namazlar\\u0131n\\u0131 da\\u011f\\u0131d\\u0131lm\\u0131\\u015f m\\u0259scidl\\u0259rd\\u0259 q\\u0131l\\u0131rlar | Azeri \\u0130sl\\u00e2mi Davet - Az\\u0259rbaycanca\",\"headline\":\"B\\u0259hreyn xalq\\u0131 Ramazan ay\\u0131nda namazlar\\u0131n\\u0131 da\\u011f\\u0131d\\u0131lm\\u0131\\u015f m\\u0259scidl\\u0259rd\\u0259 q\\u0131l\\u0131rlar\",\"author\":{\"@id\":\"https:\\\/\\\/www.islamidavet.com\\\/azeri\\\/author\\\/admin\\\/#author\"},\"publisher\":{\"@id\":\"https:\\\/\\\/www.islamidavet.com\\\/azeri\\\/#organization\"},\"datePublished\":\"2013-07-14T23:56:42+05:00\",\"dateModified\":\"2013-07-14T23:56:42+05:00\",\"inLanguage\":\"tr-TR\",\"mainEntityOfPage\":{\"@id\":\"https:\\\/\\\/www.islamidavet.com\\\/azeri\\\/b%c9%99hreyn-xalqi-ramazan-ayinda-namazlarini-dagidilmis-m%c9%99scidl%c9%99rd%c9%99-qilirlar\\\/#webpage\"},\"isPartOf\":{\"@id\":\"https:\\\/\\\/www.islamidavet.com\\\/azeri\\\/b%c9%99hreyn-xalqi-ramazan-ayinda-namazlarini-dagidilmis-m%c9%99scidl%c9%99rd%c9%99-qilirlar\\\/#webpage\"},\"articleSection\":\"B\\u0259hreyn, X\\u018fB\\u018fRL\\u018fR, B\\u0259hreyn, B\\u0259hreyn r\\u0259smil\\u0259ri, B\\u0259hreyn xalq\\u0131, B\\u0259hreyn xalq\\u0131 Ramazan ay\\u0131nda namazlar\\u0131n\\u0131 da\\u011f\\u0131d\\u0131lm\\u0131\\u015f m\\u0259scidl\\u0259r, B\\u0259hreyn xalq\\u0131 Ramazan ay\\u0131nda namazlar\\u0131n\\u0131 da\\u011f\\u0131d\\u0131lm\\u0131\\u015f m\\u0259scidl\\u0259rd\\u0259 q\\u0131l\\u0131rlar, Fn\\u0131 da\\u011f\\u0131d\\u0131lm\\u0131\\u015f m\\u0259scidl\\u0259rd\\u0259 q\\u0131l\\u0131rlar, Ramazan ay\\u0131, \\u015eeyx \\u018fli Salman\"},{\"@type\":\"BreadcrumbList\",\"@id\":\"https:\\\/\\\/www.islamidavet.com\\\/azeri\\\/b%c9%99hreyn-xalqi-ramazan-ayinda-namazlarini-dagidilmis-m%c9%99scidl%c9%99rd%c9%99-qilirlar\\\/#breadcrumblist\",\"itemListElement\":[{\"@type\":\"ListItem\",\"@id\":\"https:\\\/\\\/www.islamidavet.com\\\/azeri#listItem\",\"position\":1,\"name\":\"Ev\",\"item\":\"https:\\\/\\\/www.islamidavet.com\\\/azeri\",\"nextItem\":{\"@type\":\"ListItem\",\"@id\":\"https:\\\/\\\/www.islamidavet.com\\\/azeri\\\/x%c9%99b%c9%99rl%c9%99r\\\/#listItem\",\"name\":\"X\\u018fB\\u018fRL\\u018fR\"}},{\"@type\":\"ListItem\",\"@id\":\"https:\\\/\\\/www.islamidavet.com\\\/azeri\\\/x%c9%99b%c9%99rl%c9%99r\\\/#listItem\",\"position\":2,\"name\":\"X\\u018fB\\u018fRL\\u018fR\",\"item\":\"https:\\\/\\\/www.islamidavet.com\\\/azeri\\\/x%c9%99b%c9%99rl%c9%99r\\\/\",\"nextItem\":{\"@type\":\"ListItem\",\"@id\":\"https:\\\/\\\/www.islamidavet.com\\\/azeri\\\/x%c9%99b%c9%99rl%c9%99r\\\/b%c9%99hreyn\\\/#listItem\",\"name\":\"B\\u0259hreyn\"},\"previousItem\":{\"@type\":\"ListItem\",\"@id\":\"https:\\\/\\\/www.islamidavet.com\\\/azeri#listItem\",\"name\":\"Ev\"}},{\"@type\":\"ListItem\",\"@id\":\"https:\\\/\\\/www.islamidavet.com\\\/azeri\\\/x%c9%99b%c9%99rl%c9%99r\\\/b%c9%99hreyn\\\/#listItem\",\"position\":3,\"name\":\"B\\u0259hreyn\",\"item\":\"https:\\\/\\\/www.islamidavet.com\\\/azeri\\\/x%c9%99b%c9%99rl%c9%99r\\\/b%c9%99hreyn\\\/\",\"nextItem\":{\"@type\":\"ListItem\",\"@id\":\"https:\\\/\\\/www.islamidavet.com\\\/azeri\\\/b%c9%99hreyn-xalqi-ramazan-ayinda-namazlarini-dagidilmis-m%c9%99scidl%c9%99rd%c9%99-qilirlar\\\/#listItem\",\"name\":\"B\\u0259hreyn xalq\\u0131 Ramazan ay\\u0131nda namazlar\\u0131n\\u0131 da\\u011f\\u0131d\\u0131lm\\u0131\\u015f m\\u0259scidl\\u0259rd\\u0259 q\\u0131l\\u0131rlar\"},\"previousItem\":{\"@type\":\"ListItem\",\"@id\":\"https:\\\/\\\/www.islamidavet.com\\\/azeri\\\/x%c9%99b%c9%99rl%c9%99r\\\/#listItem\",\"name\":\"X\\u018fB\\u018fRL\\u018fR\"}},{\"@type\":\"ListItem\",\"@id\":\"https:\\\/\\\/www.islamidavet.com\\\/azeri\\\/b%c9%99hreyn-xalqi-ramazan-ayinda-namazlarini-dagidilmis-m%c9%99scidl%c9%99rd%c9%99-qilirlar\\\/#listItem\",\"position\":4,\"name\":\"B\\u0259hreyn xalq\\u0131 Ramazan ay\\u0131nda namazlar\\u0131n\\u0131 da\\u011f\\u0131d\\u0131lm\\u0131\\u015f m\\u0259scidl\\u0259rd\\u0259 q\\u0131l\\u0131rlar\",\"previousItem\":{\"@type\":\"ListItem\",\"@id\":\"https:\\\/\\\/www.islamidavet.com\\\/azeri\\\/x%c9%99b%c9%99rl%c9%99r\\\/b%c9%99hreyn\\\/#listItem\",\"name\":\"B\\u0259hreyn\"}}]},{\"@type\":\"Organization\",\"@id\":\"https:\\\/\\\/www.islamidavet.com\\\/azeri\\\/#organization\",\"name\":\"Azeri \\u0130sl\\u00e2mi Davet - Az\\u0259rbaycanca\",\"description\":\"Azeri \\u0130sl\\u00e2mi Davet - Az\\u0259rbaycanca\",\"url\":\"https:\\\/\\\/www.islamidavet.com\\\/azeri\\\/\"},{\"@type\":\"Person\",\"@id\":\"https:\\\/\\\/www.islamidavet.com\\\/azeri\\\/author\\\/admin\\\/#author\",\"url\":\"https:\\\/\\\/www.islamidavet.com\\\/azeri\\\/author\\\/admin\\\/\",\"name\":\"admin\",\"image\":{\"@type\":\"ImageObject\",\"@id\":\"https:\\\/\\\/www.islamidavet.com\\\/azeri\\\/b%c9%99hreyn-xalqi-ramazan-ayinda-namazlarini-dagidilmis-m%c9%99scidl%c9%99rd%c9%99-qilirlar\\\/#authorImage\",\"url\":\"https:\\\/\\\/secure.gravatar.com\\\/avatar\\\/c1d8483ec39fbbba55dfad1685bf961c55dfcb0620a6e6120073dcc7bed0ca6d?s=96&d=mm&r=g\",\"width\":96,\"height\":96,\"caption\":\"admin\"}},{\"@type\":\"WebPage\",\"@id\":\"https:\\\/\\\/www.islamidavet.com\\\/azeri\\\/b%c9%99hreyn-xalqi-ramazan-ayinda-namazlarini-dagidilmis-m%c9%99scidl%c9%99rd%c9%99-qilirlar\\\/#webpage\",\"url\":\"https:\\\/\\\/www.islamidavet.com\\\/azeri\\\/b%c9%99hreyn-xalqi-ramazan-ayinda-namazlarini-dagidilmis-m%c9%99scidl%c9%99rd%c9%99-qilirlar\\\/\",\"name\":\"B\\u0259hreyn xalq\\u0131 Ramazan ay\\u0131nda namazlar\\u0131n\\u0131 da\\u011f\\u0131d\\u0131lm\\u0131\\u015f m\\u0259scidl\\u0259rd\\u0259 q\\u0131l\\u0131rlar | Azeri \\u0130sl\\u00e2mi Davet - Az\\u0259rbaycanca\",\"description\":\"B\\u0259hreyn xalq\\u0131 Ali-X\\u0259lif\\u0259 rejimi t\\u0259r\\u0259find\\u0259n t\\u0259tbiq edil\\u0259n m\\u0259hdudiyy\\u0259tl\\u0259r v\\u0259 t\\u0259zyiql\\u0259r\\u0259 r\\u0259\\u011fm\\u0259n da\\u011f\\u0131d\\u0131lm\\u0131\\u015f m\\u0259scidl\\u0259rin k\\u0259nar\\u0131nda camaat namaz\\u0131 t\\u0259\\u015fkil edir. B\\u0259hreynd\\u0259 \\u00e7\\u0131xan \\u0259l-V\\u0259s\\u0259t q\\u0259zetinin yazd\\u0131\\u011f\\u0131na g\\u00f6r\\u0259, B\\u0259hreyn v\\u0259t\\u0259nda\\u015flar\\u0131 hakim rejim t\\u0259r\\u0259find\\u0259n da\\u011f\\u0131d\\u0131lm\\u0131\\u015f m\\u0259scidl\\u0259rin k\\u0259nar\\u0131nda camaat namaz\\u0131 q\\u0131l\\u0131blar. Ali-X\\u0259lif\\u0259 rejimi 2011-ci ilin fevral\\u0131nda \\u00f6lk\\u0259d\\u0259 inqilab\\u0131n ba\\u015flanmas\\u0131ndan b\\u0259ri bir s\\u0131ra m\\u0259scidl\\u0259ri da\\u011f\\u0131d\\u0131b v\\u0259 onlar\\u0131n yenid\\u0259n b\\u0259rpa edilm\\u0259sin\\u0259 icaz\\u0259 vermir.\",\"inLanguage\":\"tr-TR\",\"isPartOf\":{\"@id\":\"https:\\\/\\\/www.islamidavet.com\\\/azeri\\\/#website\"},\"breadcrumb\":{\"@id\":\"https:\\\/\\\/www.islamidavet.com\\\/azeri\\\/b%c9%99hreyn-xalqi-ramazan-ayinda-namazlarini-dagidilmis-m%c9%99scidl%c9%99rd%c9%99-qilirlar\\\/#breadcrumblist\"},\"author\":{\"@id\":\"https:\\\/\\\/www.islamidavet.com\\\/azeri\\\/author\\\/admin\\\/#author\"},\"creator\":{\"@id\":\"https:\\\/\\\/www.islamidavet.com\\\/azeri\\\/author\\\/admin\\\/#author\"},\"datePublished\":\"2013-07-14T23:56:42+05:00\",\"dateModified\":\"2013-07-14T23:56:42+05:00\"},{\"@type\":\"WebSite\",\"@id\":\"https:\\\/\\\/www.islamidavet.com\\\/azeri\\\/#website\",\"url\":\"https:\\\/\\\/www.islamidavet.com\\\/azeri\\\/\",\"name\":\"Azeri \\u0130sl\\u00e2mi Davet - Az\\u0259rbaycanca\",\"description\":\"Azeri \\u0130sl\\u00e2mi Davet - Az\\u0259rbaycanca\",\"inLanguage\":\"tr-TR\",\"publisher\":{\"@id\":\"https:\\\/\\\/www.islamidavet.com\\\/azeri\\\/#organization\"}}]}\n\t\t<\/script>\n\t\t<!-- All in One SEO -->\n\n","aioseo_head_json":{"title":"B\u0259hreyn xalq\u0131 Ramazan ay\u0131nda namazlar\u0131n\u0131 da\u011f\u0131d\u0131lm\u0131\u015f m\u0259scidl\u0259rd\u0259 q\u0131l\u0131rlar | Azeri \u0130sl\u00e2mi Davet - Az\u0259rbaycanca","description":"B\u0259hreyn xalq\u0131 Ali-X\u0259lif\u0259 rejimi t\u0259r\u0259find\u0259n t\u0259tbiq edil\u0259n m\u0259hdudiyy\u0259tl\u0259r v\u0259 t\u0259zyiql\u0259r\u0259 r\u0259\u011fm\u0259n da\u011f\u0131d\u0131lm\u0131\u015f m\u0259scidl\u0259rin k\u0259nar\u0131nda camaat namaz\u0131 t\u0259\u015fkil edir. B\u0259hreynd\u0259 \u00e7\u0131xan \u0259l-V\u0259s\u0259t q\u0259zetinin yazd\u0131\u011f\u0131na g\u00f6r\u0259, B\u0259hreyn v\u0259t\u0259nda\u015flar\u0131 hakim rejim t\u0259r\u0259find\u0259n da\u011f\u0131d\u0131lm\u0131\u015f m\u0259scidl\u0259rin k\u0259nar\u0131nda camaat namaz\u0131 q\u0131l\u0131blar. Ali-X\u0259lif\u0259 rejimi 2011-ci ilin fevral\u0131nda \u00f6lk\u0259d\u0259 inqilab\u0131n ba\u015flanmas\u0131ndan b\u0259ri bir s\u0131ra m\u0259scidl\u0259ri da\u011f\u0131d\u0131b v\u0259 onlar\u0131n yenid\u0259n b\u0259rpa edilm\u0259sin\u0259 icaz\u0259 vermir.","canonical_url":"https:\/\/www.islamidavet.com\/azeri\/b%c9%99hreyn-xalqi-ramazan-ayinda-namazlarini-dagidilmis-m%c9%99scidl%c9%99rd%c9%99-qilirlar\/","robots":"max-image-preview:large","keywords":"","webmasterTools":{"miscellaneous":""},"schema":{"@context":"https:\/\/schema.org","@graph":[{"@type":"Article","@id":"https:\/\/www.islamidavet.com\/azeri\/b%c9%99hreyn-xalqi-ramazan-ayinda-namazlarini-dagidilmis-m%c9%99scidl%c9%99rd%c9%99-qilirlar\/#article","name":"B\u0259hreyn xalq\u0131 Ramazan ay\u0131nda namazlar\u0131n\u0131 da\u011f\u0131d\u0131lm\u0131\u015f m\u0259scidl\u0259rd\u0259 q\u0131l\u0131rlar | Azeri \u0130sl\u00e2mi Davet - Az\u0259rbaycanca","headline":"B\u0259hreyn xalq\u0131 Ramazan ay\u0131nda namazlar\u0131n\u0131 da\u011f\u0131d\u0131lm\u0131\u015f m\u0259scidl\u0259rd\u0259 q\u0131l\u0131rlar","author":{"@id":"https:\/\/www.islamidavet.com\/azeri\/author\/admin\/#author"},"publisher":{"@id":"https:\/\/www.islamidavet.com\/azeri\/#organization"},"datePublished":"2013-07-14T23:56:42+05:00","dateModified":"2013-07-14T23:56:42+05:00","inLanguage":"tr-TR","mainEntityOfPage":{"@id":"https:\/\/www.islamidavet.com\/azeri\/b%c9%99hreyn-xalqi-ramazan-ayinda-namazlarini-dagidilmis-m%c9%99scidl%c9%99rd%c9%99-qilirlar\/#webpage"},"isPartOf":{"@id":"https:\/\/www.islamidavet.com\/azeri\/b%c9%99hreyn-xalqi-ramazan-ayinda-namazlarini-dagidilmis-m%c9%99scidl%c9%99rd%c9%99-qilirlar\/#webpage"},"articleSection":"B\u0259hreyn, X\u018fB\u018fRL\u018fR, B\u0259hreyn, B\u0259hreyn r\u0259smil\u0259ri, B\u0259hreyn xalq\u0131, B\u0259hreyn xalq\u0131 Ramazan ay\u0131nda namazlar\u0131n\u0131 da\u011f\u0131d\u0131lm\u0131\u015f m\u0259scidl\u0259r, B\u0259hreyn xalq\u0131 Ramazan ay\u0131nda namazlar\u0131n\u0131 da\u011f\u0131d\u0131lm\u0131\u015f m\u0259scidl\u0259rd\u0259 q\u0131l\u0131rlar, Fn\u0131 da\u011f\u0131d\u0131lm\u0131\u015f m\u0259scidl\u0259rd\u0259 q\u0131l\u0131rlar, Ramazan ay\u0131, \u015eeyx \u018fli Salman"},{"@type":"BreadcrumbList","@id":"https:\/\/www.islamidavet.com\/azeri\/b%c9%99hreyn-xalqi-ramazan-ayinda-namazlarini-dagidilmis-m%c9%99scidl%c9%99rd%c9%99-qilirlar\/#breadcrumblist","itemListElement":[{"@type":"ListItem","@id":"https:\/\/www.islamidavet.com\/azeri#listItem","position":1,"name":"Ev","item":"https:\/\/www.islamidavet.com\/azeri","nextItem":{"@type":"ListItem","@id":"https:\/\/www.islamidavet.com\/azeri\/x%c9%99b%c9%99rl%c9%99r\/#listItem","name":"X\u018fB\u018fRL\u018fR"}},{"@type":"ListItem","@id":"https:\/\/www.islamidavet.com\/azeri\/x%c9%99b%c9%99rl%c9%99r\/#listItem","position":2,"name":"X\u018fB\u018fRL\u018fR","item":"https:\/\/www.islamidavet.com\/azeri\/x%c9%99b%c9%99rl%c9%99r\/","nextItem":{"@type":"ListItem","@id":"https:\/\/www.islamidavet.com\/azeri\/x%c9%99b%c9%99rl%c9%99r\/b%c9%99hreyn\/#listItem","name":"B\u0259hreyn"},"previousItem":{"@type":"ListItem","@id":"https:\/\/www.islamidavet.com\/azeri#listItem","name":"Ev"}},{"@type":"ListItem","@id":"https:\/\/www.islamidavet.com\/azeri\/x%c9%99b%c9%99rl%c9%99r\/b%c9%99hreyn\/#listItem","position":3,"name":"B\u0259hreyn","item":"https:\/\/www.islamidavet.com\/azeri\/x%c9%99b%c9%99rl%c9%99r\/b%c9%99hreyn\/","nextItem":{"@type":"ListItem","@id":"https:\/\/www.islamidavet.com\/azeri\/b%c9%99hreyn-xalqi-ramazan-ayinda-namazlarini-dagidilmis-m%c9%99scidl%c9%99rd%c9%99-qilirlar\/#listItem","name":"B\u0259hreyn xalq\u0131 Ramazan ay\u0131nda namazlar\u0131n\u0131 da\u011f\u0131d\u0131lm\u0131\u015f m\u0259scidl\u0259rd\u0259 q\u0131l\u0131rlar"},"previousItem":{"@type":"ListItem","@id":"https:\/\/www.islamidavet.com\/azeri\/x%c9%99b%c9%99rl%c9%99r\/#listItem","name":"X\u018fB\u018fRL\u018fR"}},{"@type":"ListItem","@id":"https:\/\/www.islamidavet.com\/azeri\/b%c9%99hreyn-xalqi-ramazan-ayinda-namazlarini-dagidilmis-m%c9%99scidl%c9%99rd%c9%99-qilirlar\/#listItem","position":4,"name":"B\u0259hreyn xalq\u0131 Ramazan ay\u0131nda namazlar\u0131n\u0131 da\u011f\u0131d\u0131lm\u0131\u015f m\u0259scidl\u0259rd\u0259 q\u0131l\u0131rlar","previousItem":{"@type":"ListItem","@id":"https:\/\/www.islamidavet.com\/azeri\/x%c9%99b%c9%99rl%c9%99r\/b%c9%99hreyn\/#listItem","name":"B\u0259hreyn"}}]},{"@type":"Organization","@id":"https:\/\/www.islamidavet.com\/azeri\/#organization","name":"Azeri \u0130sl\u00e2mi Davet - Az\u0259rbaycanca","description":"Azeri \u0130sl\u00e2mi Davet - Az\u0259rbaycanca","url":"https:\/\/www.islamidavet.com\/azeri\/"},{"@type":"Person","@id":"https:\/\/www.islamidavet.com\/azeri\/author\/admin\/#author","url":"https:\/\/www.islamidavet.com\/azeri\/author\/admin\/","name":"admin","image":{"@type":"ImageObject","@id":"https:\/\/www.islamidavet.com\/azeri\/b%c9%99hreyn-xalqi-ramazan-ayinda-namazlarini-dagidilmis-m%c9%99scidl%c9%99rd%c9%99-qilirlar\/#authorImage","url":"https:\/\/secure.gravatar.com\/avatar\/c1d8483ec39fbbba55dfad1685bf961c55dfcb0620a6e6120073dcc7bed0ca6d?s=96&d=mm&r=g","width":96,"height":96,"caption":"admin"}},{"@type":"WebPage","@id":"https:\/\/www.islamidavet.com\/azeri\/b%c9%99hreyn-xalqi-ramazan-ayinda-namazlarini-dagidilmis-m%c9%99scidl%c9%99rd%c9%99-qilirlar\/#webpage","url":"https:\/\/www.islamidavet.com\/azeri\/b%c9%99hreyn-xalqi-ramazan-ayinda-namazlarini-dagidilmis-m%c9%99scidl%c9%99rd%c9%99-qilirlar\/","name":"B\u0259hreyn xalq\u0131 Ramazan ay\u0131nda namazlar\u0131n\u0131 da\u011f\u0131d\u0131lm\u0131\u015f m\u0259scidl\u0259rd\u0259 q\u0131l\u0131rlar | Azeri \u0130sl\u00e2mi Davet - Az\u0259rbaycanca","description":"B\u0259hreyn xalq\u0131 Ali-X\u0259lif\u0259 rejimi t\u0259r\u0259find\u0259n t\u0259tbiq edil\u0259n m\u0259hdudiyy\u0259tl\u0259r v\u0259 t\u0259zyiql\u0259r\u0259 r\u0259\u011fm\u0259n da\u011f\u0131d\u0131lm\u0131\u015f m\u0259scidl\u0259rin k\u0259nar\u0131nda camaat namaz\u0131 t\u0259\u015fkil edir. B\u0259hreynd\u0259 \u00e7\u0131xan \u0259l-V\u0259s\u0259t q\u0259zetinin yazd\u0131\u011f\u0131na g\u00f6r\u0259, B\u0259hreyn v\u0259t\u0259nda\u015flar\u0131 hakim rejim t\u0259r\u0259find\u0259n da\u011f\u0131d\u0131lm\u0131\u015f m\u0259scidl\u0259rin k\u0259nar\u0131nda camaat namaz\u0131 q\u0131l\u0131blar. Ali-X\u0259lif\u0259 rejimi 2011-ci ilin fevral\u0131nda \u00f6lk\u0259d\u0259 inqilab\u0131n ba\u015flanmas\u0131ndan b\u0259ri bir s\u0131ra m\u0259scidl\u0259ri da\u011f\u0131d\u0131b v\u0259 onlar\u0131n yenid\u0259n b\u0259rpa edilm\u0259sin\u0259 icaz\u0259 vermir.","inLanguage":"tr-TR","isPartOf":{"@id":"https:\/\/www.islamidavet.com\/azeri\/#website"},"breadcrumb":{"@id":"https:\/\/www.islamidavet.com\/azeri\/b%c9%99hreyn-xalqi-ramazan-ayinda-namazlarini-dagidilmis-m%c9%99scidl%c9%99rd%c9%99-qilirlar\/#breadcrumblist"},"author":{"@id":"https:\/\/www.islamidavet.com\/azeri\/author\/admin\/#author"},"creator":{"@id":"https:\/\/www.islamidavet.com\/azeri\/author\/admin\/#author"},"datePublished":"2013-07-14T23:56:42+05:00","dateModified":"2013-07-14T23:56:42+05:00"},{"@type":"WebSite","@id":"https:\/\/www.islamidavet.com\/azeri\/#website","url":"https:\/\/www.islamidavet.com\/azeri\/","name":"Azeri \u0130sl\u00e2mi Davet - Az\u0259rbaycanca","description":"Azeri \u0130sl\u00e2mi Davet - Az\u0259rbaycanca","inLanguage":"tr-TR","publisher":{"@id":"https:\/\/www.islamidavet.com\/azeri\/#organization"}}]},"og:locale":"tr_TR","og:site_name":"Azeri \u0130sl\u00e2mi Davet - Az\u0259rbaycanca | Azeri \u0130sl\u00e2mi Davet - Az\u0259rbaycanca","og:type":"article","og:title":"B\u0259hreyn xalq\u0131 Ramazan ay\u0131nda namazlar\u0131n\u0131 da\u011f\u0131d\u0131lm\u0131\u015f m\u0259scidl\u0259rd\u0259 q\u0131l\u0131rlar | Azeri \u0130sl\u00e2mi Davet - Az\u0259rbaycanca","og:description":"B\u0259hreyn xalq\u0131 Ali-X\u0259lif\u0259 rejimi t\u0259r\u0259find\u0259n t\u0259tbiq edil\u0259n m\u0259hdudiyy\u0259tl\u0259r v\u0259 t\u0259zyiql\u0259r\u0259 r\u0259\u011fm\u0259n da\u011f\u0131d\u0131lm\u0131\u015f m\u0259scidl\u0259rin k\u0259nar\u0131nda camaat namaz\u0131 t\u0259\u015fkil edir. B\u0259hreynd\u0259 \u00e7\u0131xan \u0259l-V\u0259s\u0259t q\u0259zetinin yazd\u0131\u011f\u0131na g\u00f6r\u0259, B\u0259hreyn v\u0259t\u0259nda\u015flar\u0131 hakim rejim t\u0259r\u0259find\u0259n da\u011f\u0131d\u0131lm\u0131\u015f m\u0259scidl\u0259rin k\u0259nar\u0131nda camaat namaz\u0131 q\u0131l\u0131blar. Ali-X\u0259lif\u0259 rejimi 2011-ci ilin fevral\u0131nda \u00f6lk\u0259d\u0259 inqilab\u0131n ba\u015flanmas\u0131ndan b\u0259ri bir s\u0131ra m\u0259scidl\u0259ri da\u011f\u0131d\u0131b v\u0259 onlar\u0131n yenid\u0259n b\u0259rpa edilm\u0259sin\u0259 icaz\u0259 vermir.","og:url":"https:\/\/www.islamidavet.com\/azeri\/b%c9%99hreyn-xalqi-ramazan-ayinda-namazlarini-dagidilmis-m%c9%99scidl%c9%99rd%c9%99-qilirlar\/","article:published_time":"2013-07-14T23:56:42+00:00","article:modified_time":"2013-07-14T23:56:42+00:00","twitter:card":"summary_large_image","twitter:title":"B\u0259hreyn xalq\u0131 Ramazan ay\u0131nda namazlar\u0131n\u0131 da\u011f\u0131d\u0131lm\u0131\u015f m\u0259scidl\u0259rd\u0259 q\u0131l\u0131rlar | Azeri \u0130sl\u00e2mi Davet - Az\u0259rbaycanca","twitter:description":"B\u0259hreyn xalq\u0131 Ali-X\u0259lif\u0259 rejimi t\u0259r\u0259find\u0259n t\u0259tbiq edil\u0259n m\u0259hdudiyy\u0259tl\u0259r v\u0259 t\u0259zyiql\u0259r\u0259 r\u0259\u011fm\u0259n da\u011f\u0131d\u0131lm\u0131\u015f m\u0259scidl\u0259rin k\u0259nar\u0131nda camaat namaz\u0131 t\u0259\u015fkil edir. B\u0259hreynd\u0259 \u00e7\u0131xan \u0259l-V\u0259s\u0259t q\u0259zetinin yazd\u0131\u011f\u0131na g\u00f6r\u0259, B\u0259hreyn v\u0259t\u0259nda\u015flar\u0131 hakim rejim t\u0259r\u0259find\u0259n da\u011f\u0131d\u0131lm\u0131\u015f m\u0259scidl\u0259rin k\u0259nar\u0131nda camaat namaz\u0131 q\u0131l\u0131blar. Ali-X\u0259lif\u0259 rejimi 2011-ci ilin fevral\u0131nda \u00f6lk\u0259d\u0259 inqilab\u0131n ba\u015flanmas\u0131ndan b\u0259ri bir s\u0131ra m\u0259scidl\u0259ri da\u011f\u0131d\u0131b v\u0259 onlar\u0131n yenid\u0259n b\u0259rpa edilm\u0259sin\u0259 icaz\u0259 vermir."},"aioseo_meta_data":{"post_id":"10513","title":null,"description":null,"keywords":null,"keyphrases":null,"primary_term":null,"canonical_url":null,"og_title":null,"og_description":null,"og_object_type":"default","og_image_type":"default","og_image_url":null,"og_image_width":null,"og_image_height":null,"og_image_custom_url":null,"og_image_custom_fields":null,"og_video":null,"og_custom_url":null,"og_article_section":null,"og_article_tags":null,"twitter_use_og":false,"twitter_card":"default","twitter_image_type":"default","twitter_image_url":null,"twitter_image_custom_url":null,"twitter_image_custom_fields":null,"twitter_title":null,"twitter_description":null,"schema":{"blockGraphs":[],"customGraphs":[],"default":{"data":{"Article":[],"Course":[],"Dataset":[],"FAQPage":[],"Movie":[],"Person":[],"Product":[],"ProductReview":[],"Car":[],"Recipe":[],"Service":[],"SoftwareApplication":[],"WebPage":[]},"graphName":"","isEnabled":true},"graphs":[]},"schema_type":"default","schema_type_options":null,"pillar_content":false,"robots_default":true,"robots_noindex":false,"robots_noarchive":false,"robots_nosnippet":false,"robots_nofollow":false,"robots_noimageindex":false,"robots_noodp":false,"robots_notranslate":false,"robots_max_snippet":null,"robots_max_videopreview":null,"robots_max_imagepreview":"large","priority":null,"frequency":null,"local_seo":null,"breadcrumb_settings":null,"limit_modified_date":false,"ai":null,"created":"2024-07-21 22:43:40","updated":"2025-06-05 16:25:59","seo_analyzer_scan_date":null,"focus_keyword":null,"additional_keywords":null,"truseo_locale":null},"aioseo_breadcrumb":"<div class=\"aioseo-breadcrumbs\"><span class=\"aioseo-breadcrumb\">\n\t\t\t<a href=\"https:\/\/www.islamidavet.com\/azeri\" title=\"Ev\">Ev<\/a>\n\t\t<\/span><span class=\"aioseo-breadcrumb-separator\">&raquo;<\/span><span class=\"aioseo-breadcrumb\">\n\t\t\t<a href=\"https:\/\/www.islamidavet.com\/azeri\/x%c9%99b%c9%99rl%c9%99r\/\" title=\"X\u018fB\u018fRL\u018fR\">X\u018fB\u018fRL\u018fR<\/a>\n\t\t<\/span><span class=\"aioseo-breadcrumb-separator\">&raquo;<\/span><span class=\"aioseo-breadcrumb\">\n\t\t\t<a href=\"https:\/\/www.islamidavet.com\/azeri\/x%c9%99b%c9%99rl%c9%99r\/b%c9%99hreyn\/\" title=\"B\u0259hreyn\">B\u0259hreyn<\/a>\n\t\t<\/span><span class=\"aioseo-breadcrumb-separator\">&raquo;<\/span><span class=\"aioseo-breadcrumb\">\n\t\t\tB\u0259hreyn xalq\u0131 Ramazan ay\u0131nda namazlar\u0131n\u0131 da\u011f\u0131d\u0131lm\u0131\u015f m\u0259scidl\u0259rd\u0259 q\u0131l\u0131rlar\n\t\t<\/span><\/div>","aioseo_breadcrumb_json":[{"label":"Ev","link":"https:\/\/www.islamidavet.com\/azeri"},{"label":"X\u018fB\u018fRL\u018fR","link":"https:\/\/www.islamidavet.com\/azeri\/x%c9%99b%c9%99rl%c9%99r\/"},{"label":"B\u0259hreyn","link":"https:\/\/www.islamidavet.com\/azeri\/x%c9%99b%c9%99rl%c9%99r\/b%c9%99hreyn\/"},{"label":"B\u0259hreyn xalq\u0131 Ramazan ay\u0131nda namazlar\u0131n\u0131 da\u011f\u0131d\u0131lm\u0131\u015f m\u0259scidl\u0259rd\u0259 q\u0131l\u0131rlar","link":"https:\/\/www.islamidavet.com\/azeri\/b%c9%99hreyn-xalqi-ramazan-ayinda-namazlarini-dagidilmis-m%c9%99scidl%c9%99rd%c9%99-qilirlar\/"}],"amp_enabled":true,"_links":{"self":[{"href":"https:\/\/www.islamidavet.com\/azeri\/wp-json\/wp\/v2\/posts\/10513","targetHints":{"allow":["GET"]}}],"collection":[{"href":"https:\/\/www.islamidavet.com\/azeri\/wp-json\/wp\/v2\/posts"}],"about":[{"href":"https:\/\/www.islamidavet.com\/azeri\/wp-json\/wp\/v2\/types\/post"}],"author":[{"embeddable":true,"href":"https:\/\/www.islamidavet.com\/azeri\/wp-json\/wp\/v2\/users\/1"}],"replies":[{"embeddable":true,"href":"https:\/\/www.islamidavet.com\/azeri\/wp-json\/wp\/v2\/comments?post=10513"}],"version-history":[{"count":0,"href":"https:\/\/www.islamidavet.com\/azeri\/wp-json\/wp\/v2\/posts\/10513\/revisions"}],"wp:attachment":[{"href":"https:\/\/www.islamidavet.com\/azeri\/wp-json\/wp\/v2\/media?parent=10513"}],"wp:term":[{"taxonomy":"category","embeddable":true,"href":"https:\/\/www.islamidavet.com\/azeri\/wp-json\/wp\/v2\/categories?post=10513"},{"taxonomy":"post_tag","embeddable":true,"href":"https:\/\/www.islamidavet.com\/azeri\/wp-json\/wp\/v2\/tags?post=10513"}],"curies":[{"name":"wp","href":"https:\/\/api.w.org\/{rel}","templated":true}]}}