{"id":15595,"date":"2013-10-30T21:50:15","date_gmt":"2013-10-30T21:50:15","guid":{"rendered":"http:\/\/www.islamidavet.com\/azeri\/?p=15595"},"modified":"2013-10-30T21:50:15","modified_gmt":"2013-10-30T21:50:15","slug":"ar-hokum%c9%99tinin-t%c9%99brizd%c9%99-qarabag-konfransinin-kecirilm%c9%99sin%c9%99-qarsi-cixmasindan-t%c9%99%c9%99ssuf-ifad%c9%99-olunub","status":"publish","type":"post","link":"https:\/\/www.islamidavet.com\/azeri\/ar-hokum%c9%99tinin-t%c9%99brizd%c9%99-qarabag-konfransinin-kecirilm%c9%99sin%c9%99-qarsi-cixmasindan-t%c9%99%c9%99ssuf-ifad%c9%99-olunub\/","title":{"rendered":"AR h\u00f6kum\u0259tinin T\u0259brizd\u0259 Qaraba\u011f Konfrans\u0131n\u0131n ke\u00e7irilm\u0259sin\u0259 qar\u015f\u0131 \u00e7\u0131xmas\u0131ndan t\u0259\u0259ss\u00fcf ifad\u0259 olunub"},"content":{"rendered":"<p>Beyn\u0259lxalq Qaraba\u011f Konfrans\u0131n\u0131n elmi komit\u0259si v\u0259 katibliyi Az\u0259rbaycan Respublikas\u0131 h\u00f6kum\u0259tinin bu konfrans\u0131n T\u0259brizd\u0259 ke\u00e7irilm\u0259sin\u0259 qar\u015f\u0131 \u00e7\u0131xmas\u0131ndan t\u0259\u0259ss\u00fcfl\u0259ndiyini bildirib.<br \/>\nBeyn\u0259lxalq Qaraba\u011f Konfrans\u0131n\u0131n katibliyi v\u0259 elmi komit\u0259sinin bildiri\u015find\u0259 qeyd olunur: 2013-c\u00fc il 26 iyunda T\u0259briz Universitetind\u0259 bu konfrans\u0131n elan\u0131n \u00fczr\u0259 t\u0259qdimat m\u0259rasiminin ke\u00e7irilm\u0259si il\u0259 yana\u015f\u0131 bu konfrans Az\u0259rbaycan Respublikas\u0131n\u0131n Qaraba\u011f xalq t\u0259\u015fkilatlar\u0131 m\u0259sul \u015f\u0259xsl\u0259rinin i\u015ftirak\u0131 il\u0259 ke\u00e7irildi v\u0259 daxili v\u0259 xarici, x\u00fcsusil\u0259 Az\u0259rbaycan Respublikas\u0131n\u0131n medialar\u0131, elmi m\u0259rk\u0259zl\u0259ri v\u0259 universitetl\u0259ri t\u0259r\u0259find\u0259n layiqli \u015f\u0259kild\u0259 m\u00fcsb\u0259t qar\u015f\u0131land\u0131. Bel\u0259 ki, t\u0259yin olunmu\u015f zaman qrafikas\u0131nda \u0130ran, Az\u0259rbaycan Respublikas\u0131, Rusiya v\u0259 T\u00fcrkiy\u0259 universitetl\u0259rind\u0259n 150-d\u0259n \u00e7ox m\u0259qal\u0259 konfrans\u0131n elmi komit\u0259sin\u0259 g\u00f6nd\u0259rildi v\u0259 m\u00fcnsifl\u0259r hey\u0259ti t\u0259r\u0259find\u0259n ara\u015fd\u0131r\u0131ld\u0131.<br \/>\nBu bildiri\u015fd\u0259 t\u0259\u0259ss\u00fcf ifad\u0259 olunur ki, bir ne\u00e7\u0259 g\u00fcn \u00f6nc\u0259 Az\u0259rbaycan Respublikas\u0131n\u0131n az sayda medias\u0131 Qaraba\u011f\u0131n i\u015f\u011fal\u0131n\u0131n davam etm\u0259sinin t\u0259r\u0259fdar\u0131 olan dair\u0259l\u0259rin t\u0259siri alt\u0131nda bu konfrans\u0131n m\u0259qs\u0259dl\u0259ri bar\u0259sind\u0259 qara piyara \u0259l atd\u0131lar. Dig\u0259r t\u0259r\u0259fd\u0259n Az\u0259rbaycan Respublikas\u0131n\u0131n Qaraba\u011f Azadl\u0131q T\u0259\u015fkilat\u0131n\u0131n b\u0259zi m\u0259sul \u015f\u0259xsl\u0259ri 2013-c\u00fc il 28 oktyabrda Az\u0259rbaycan dilli Salamnews say\u0131 v\u0259 bir ne\u00e7\u0259 dig\u0259r saytlarla m\u00fcsahib\u0259d\u0259 Az\u0259rbaycan Respublikas\u0131n\u0131n kimliyi b\u0259lli olmayan m\u0259murlar\u0131n\u0131n T\u0259brizd\u0259 Beyn\u0259lxalq Qaraba\u011f Konfrans\u0131n\u0131n az\u0259rbaycanl\u0131 qonaqlar\u0131na qar\u015f\u0131 t\u0259hdidl\u0259rinin ba\u015fland\u0131\u011f\u0131n\u0131 bildirib v\u0259 \u0259lav\u0259 edibl\u0259r ki, qeyd olunan m\u0259murlar deyibl\u0259r ki, sizin bu konfransa getm\u0259k haqq\u0131n\u0131z yoxdur!!<br \/>\nT\u0259brizd\u0259 Beyn\u0259lxalq Qaraba\u011f Konfrans\u0131n\u0131n katibliyi v\u0259 elmi komit\u0259si \u0259lav\u0259 edib: Yuxar\u0131da qeyd olunan hallar\u0131 n\u0259z\u0259r\u0259 alaraq v\u0259 Beyn\u0259lxalq Qaraba\u011f Konfrans\u0131n\u0131n ke\u00e7irilm\u0259si il\u0259 ba\u011fl\u0131 Az\u0259rbaycan Respublikas\u0131 Xarici \u0130\u015fl\u0259r Nazirliyinin g\u00f6zl\u0259nilm\u0259y\u0259n q\u0259drini bilm\u0259m\u0259k h\u0259r\u0259k\u0259tin\u0259 reaksiya olaraq, i\u015f\u011fal\u00e7\u0131l\u0131\u011f\u0131 pisl\u0259m\u0259k, m\u00fcs\u0259lman Az\u0259rbaycan Respublikas\u0131n\u0131n \u0259razi b\u00fct\u00f6vl\u00fcy\u00fc v\u0259 istiqlaliyy\u0259tini vur\u011fulamaqdan ba\u015fqa bir m\u0259qs\u0259di olmayan v\u0259 m\u00fcs\u0259lman xalq\u0131 t\u0259r\u0259find\u0259n tam m\u00fcsb\u0259t qar\u015f\u0131lanan konfrans\u0131n ke\u00e7irilm\u0259si \u00f6z daxili mara\u011f\u0131n\u0131n \u0259ksin\u0259 olaraq h\u0259l\u0259lik t\u0259xir\u0259 sal\u0131n\u0131r.<\/p>\n","protected":false},"excerpt":{"rendered":"<p>Beyn\u0259lxalq Qaraba\u011f Konfrans\u0131n\u0131n elmi komit\u0259si v\u0259 katibliyi Az\u0259rbaycan Respublikas\u0131 h\u00f6kum\u0259tinin bu konfrans\u0131n T\u0259brizd\u0259 ke\u00e7irilm\u0259sin\u0259 qar\u015f\u0131 \u00e7\u0131xmas\u0131ndan t\u0259\u0259ss\u00fcfl\u0259ndiyini bildirib. Beyn\u0259lxalq Qaraba\u011f Konfrans\u0131n\u0131n katibliyi v\u0259 elmi komit\u0259sinin bildiri\u015find\u0259 qeyd olunur: 2013-c\u00fc il 26 iyunda T\u0259briz Universitetind\u0259 bu konfrans\u0131n elan\u0131n \u00fczr\u0259 t\u0259qdimat m\u0259rasiminin ke\u00e7irilm\u0259si il\u0259 yana\u015f\u0131 bu konfrans Az\u0259rbaycan Respublikas\u0131n\u0131n Qaraba\u011f xalq t\u0259\u015fkilatlar\u0131 m\u0259sul \u015f\u0259xsl\u0259rinin i\u015ftirak\u0131 il\u0259 ke\u00e7irildi &hellip;<\/p>\n","protected":false},"author":1,"featured_media":0,"comment_status":"open","ping_status":"open","sticky":false,"template":"","format":"standard","meta":{"footnotes":""},"categories":[4,2],"tags":[8237,11599,24696,8617,11600],"class_list":["post-15595","post","type-post","status-publish","format-standard","hentry","category-azrbaycan","category-xbrlr","tag-ar","tag-ar-hokumti","tag-azrbaycan","tag-beynlxalq-qarabag-konfransi","tag-qarabag-xalq-tskilatlari"],"aioseo_notices":[],"aioseo_head":"\n\t\t<!-- All in One SEO 5.0.1.1 - aioseo.com -->\n\t<meta name=\"description\" content=\"Beyn\u0259lxalq Qaraba\u011f Konfrans\u0131n\u0131n elmi komit\u0259si v\u0259 katibliyi Az\u0259rbaycan Respublikas\u0131 h\u00f6kum\u0259tinin bu konfrans\u0131n T\u0259brizd\u0259 ke\u00e7irilm\u0259sin\u0259 qar\u015f\u0131 \u00e7\u0131xmas\u0131ndan t\u0259\u0259ss\u00fcfl\u0259ndiyini bildirib. Beyn\u0259lxalq Qaraba\u011f Konfrans\u0131n\u0131n katibliyi v\u0259 elmi komit\u0259sinin bildiri\u015find\u0259 qeyd olunur: 2013-c\u00fc il 26 iyunda T\u0259briz Universitetind\u0259 bu konfrans\u0131n elan\u0131n \u00fczr\u0259 t\u0259qdimat m\u0259rasiminin ke\u00e7irilm\u0259si il\u0259 yana\u015f\u0131 bu konfrans Az\u0259rbaycan Respublikas\u0131n\u0131n Qaraba\u011f xalq t\u0259\u015fkilatlar\u0131 m\u0259sul \u015f\u0259xsl\u0259rinin i\u015ftirak\u0131 il\u0259 ke\u00e7irildi\" \/>\n\t<meta name=\"robots\" content=\"max-image-preview:large\" \/>\n\t<meta name=\"author\" content=\"admin\"\/>\n\t<link rel=\"canonical\" href=\"https:\/\/www.islamidavet.com\/azeri\/ar-hokum%c9%99tinin-t%c9%99brizd%c9%99-qarabag-konfransinin-kecirilm%c9%99sin%c9%99-qarsi-cixmasindan-t%c9%99%c9%99ssuf-ifad%c9%99-olunub\/\" \/>\n\t<meta name=\"generator\" content=\"All in One SEO (AIOSEO) 5.0.1.1\" \/>\n\t\t<meta property=\"og:locale\" content=\"tr_TR\" \/>\n\t\t<meta property=\"og:site_name\" content=\"Azeri \u0130sl\u00e2mi Davet - Az\u0259rbaycanca | Azeri \u0130sl\u00e2mi Davet - Az\u0259rbaycanca\" \/>\n\t\t<meta property=\"og:type\" content=\"article\" \/>\n\t\t<meta property=\"og:title\" content=\"AR h\u00f6kum\u0259tinin T\u0259brizd\u0259 Qaraba\u011f Konfrans\u0131n\u0131n ke\u00e7irilm\u0259sin\u0259 qar\u015f\u0131 \u00e7\u0131xmas\u0131ndan t\u0259\u0259ss\u00fcf ifad\u0259 olunub | Azeri \u0130sl\u00e2mi Davet - Az\u0259rbaycanca\" \/>\n\t\t<meta property=\"og:description\" content=\"Beyn\u0259lxalq Qaraba\u011f Konfrans\u0131n\u0131n elmi komit\u0259si v\u0259 katibliyi Az\u0259rbaycan Respublikas\u0131 h\u00f6kum\u0259tinin bu konfrans\u0131n T\u0259brizd\u0259 ke\u00e7irilm\u0259sin\u0259 qar\u015f\u0131 \u00e7\u0131xmas\u0131ndan t\u0259\u0259ss\u00fcfl\u0259ndiyini bildirib. Beyn\u0259lxalq Qaraba\u011f Konfrans\u0131n\u0131n katibliyi v\u0259 elmi komit\u0259sinin bildiri\u015find\u0259 qeyd olunur: 2013-c\u00fc il 26 iyunda T\u0259briz Universitetind\u0259 bu konfrans\u0131n elan\u0131n \u00fczr\u0259 t\u0259qdimat m\u0259rasiminin ke\u00e7irilm\u0259si il\u0259 yana\u015f\u0131 bu konfrans Az\u0259rbaycan Respublikas\u0131n\u0131n Qaraba\u011f xalq t\u0259\u015fkilatlar\u0131 m\u0259sul \u015f\u0259xsl\u0259rinin i\u015ftirak\u0131 il\u0259 ke\u00e7irildi\" \/>\n\t\t<meta property=\"og:url\" content=\"https:\/\/www.islamidavet.com\/azeri\/ar-hokum%c9%99tinin-t%c9%99brizd%c9%99-qarabag-konfransinin-kecirilm%c9%99sin%c9%99-qarsi-cixmasindan-t%c9%99%c9%99ssuf-ifad%c9%99-olunub\/\" \/>\n\t\t<meta property=\"article:published_time\" content=\"2013-10-30T21:50:15+00:00\" \/>\n\t\t<meta property=\"article:modified_time\" content=\"2013-10-30T21:50:15+00:00\" \/>\n\t\t<meta name=\"twitter:card\" content=\"summary_large_image\" \/>\n\t\t<meta name=\"twitter:title\" content=\"AR h\u00f6kum\u0259tinin T\u0259brizd\u0259 Qaraba\u011f Konfrans\u0131n\u0131n ke\u00e7irilm\u0259sin\u0259 qar\u015f\u0131 \u00e7\u0131xmas\u0131ndan t\u0259\u0259ss\u00fcf ifad\u0259 olunub | Azeri \u0130sl\u00e2mi Davet - Az\u0259rbaycanca\" \/>\n\t\t<meta name=\"twitter:description\" content=\"Beyn\u0259lxalq Qaraba\u011f Konfrans\u0131n\u0131n elmi komit\u0259si v\u0259 katibliyi Az\u0259rbaycan Respublikas\u0131 h\u00f6kum\u0259tinin bu konfrans\u0131n T\u0259brizd\u0259 ke\u00e7irilm\u0259sin\u0259 qar\u015f\u0131 \u00e7\u0131xmas\u0131ndan t\u0259\u0259ss\u00fcfl\u0259ndiyini bildirib. Beyn\u0259lxalq Qaraba\u011f Konfrans\u0131n\u0131n katibliyi v\u0259 elmi komit\u0259sinin bildiri\u015find\u0259 qeyd olunur: 2013-c\u00fc il 26 iyunda T\u0259briz Universitetind\u0259 bu konfrans\u0131n elan\u0131n \u00fczr\u0259 t\u0259qdimat m\u0259rasiminin ke\u00e7irilm\u0259si il\u0259 yana\u015f\u0131 bu konfrans Az\u0259rbaycan Respublikas\u0131n\u0131n Qaraba\u011f xalq t\u0259\u015fkilatlar\u0131 m\u0259sul \u015f\u0259xsl\u0259rinin i\u015ftirak\u0131 il\u0259 ke\u00e7irildi\" \/>\n\t\t<script type=\"application\/ld+json\" class=\"aioseo-schema\">\n\t\t\t{\"@context\":\"https:\\\/\\\/schema.org\",\"@graph\":[{\"@type\":\"Article\",\"@id\":\"https:\\\/\\\/www.islamidavet.com\\\/azeri\\\/ar-hokum%c9%99tinin-t%c9%99brizd%c9%99-qarabag-konfransinin-kecirilm%c9%99sin%c9%99-qarsi-cixmasindan-t%c9%99%c9%99ssuf-ifad%c9%99-olunub\\\/#article\",\"name\":\"AR h\\u00f6kum\\u0259tinin T\\u0259brizd\\u0259 Qaraba\\u011f Konfrans\\u0131n\\u0131n ke\\u00e7irilm\\u0259sin\\u0259 qar\\u015f\\u0131 \\u00e7\\u0131xmas\\u0131ndan t\\u0259\\u0259ss\\u00fcf ifad\\u0259 olunub | Azeri \\u0130sl\\u00e2mi Davet - Az\\u0259rbaycanca\",\"headline\":\"AR h\\u00f6kum\\u0259tinin T\\u0259brizd\\u0259 Qaraba\\u011f Konfrans\\u0131n\\u0131n ke\\u00e7irilm\\u0259sin\\u0259 qar\\u015f\\u0131 \\u00e7\\u0131xmas\\u0131ndan t\\u0259\\u0259ss\\u00fcf ifad\\u0259 olunub\",\"author\":{\"@id\":\"https:\\\/\\\/www.islamidavet.com\\\/azeri\\\/author\\\/admin\\\/#author\"},\"publisher\":{\"@id\":\"https:\\\/\\\/www.islamidavet.com\\\/azeri\\\/#organization\"},\"datePublished\":\"2013-10-30T21:50:15+05:00\",\"dateModified\":\"2013-10-30T21:50:15+05:00\",\"inLanguage\":\"tr-TR\",\"mainEntityOfPage\":{\"@id\":\"https:\\\/\\\/www.islamidavet.com\\\/azeri\\\/ar-hokum%c9%99tinin-t%c9%99brizd%c9%99-qarabag-konfransinin-kecirilm%c9%99sin%c9%99-qarsi-cixmasindan-t%c9%99%c9%99ssuf-ifad%c9%99-olunub\\\/#webpage\"},\"isPartOf\":{\"@id\":\"https:\\\/\\\/www.islamidavet.com\\\/azeri\\\/ar-hokum%c9%99tinin-t%c9%99brizd%c9%99-qarabag-konfransinin-kecirilm%c9%99sin%c9%99-qarsi-cixmasindan-t%c9%99%c9%99ssuf-ifad%c9%99-olunub\\\/#webpage\"},\"articleSection\":\"Az\\u0259rbaycan, X\\u018fB\\u018fRL\\u018fR, AR, AR h\\u00f6kum\\u0259ti, Az\\u0259rbaycan, Beyn\\u0259lxalq Qaraba\\u011f Konfrans\\u0131, Qaraba\\u011f xalq t\\u0259\\u015fkilatlar\\u0131\"},{\"@type\":\"BreadcrumbList\",\"@id\":\"https:\\\/\\\/www.islamidavet.com\\\/azeri\\\/ar-hokum%c9%99tinin-t%c9%99brizd%c9%99-qarabag-konfransinin-kecirilm%c9%99sin%c9%99-qarsi-cixmasindan-t%c9%99%c9%99ssuf-ifad%c9%99-olunub\\\/#breadcrumblist\",\"itemListElement\":[{\"@type\":\"ListItem\",\"@id\":\"https:\\\/\\\/www.islamidavet.com\\\/azeri#listItem\",\"position\":1,\"name\":\"Ev\",\"item\":\"https:\\\/\\\/www.islamidavet.com\\\/azeri\",\"nextItem\":{\"@type\":\"ListItem\",\"@id\":\"https:\\\/\\\/www.islamidavet.com\\\/azeri\\\/x%c9%99b%c9%99rl%c9%99r\\\/#listItem\",\"name\":\"X\\u018fB\\u018fRL\\u018fR\"}},{\"@type\":\"ListItem\",\"@id\":\"https:\\\/\\\/www.islamidavet.com\\\/azeri\\\/x%c9%99b%c9%99rl%c9%99r\\\/#listItem\",\"position\":2,\"name\":\"X\\u018fB\\u018fRL\\u018fR\",\"item\":\"https:\\\/\\\/www.islamidavet.com\\\/azeri\\\/x%c9%99b%c9%99rl%c9%99r\\\/\",\"nextItem\":{\"@type\":\"ListItem\",\"@id\":\"https:\\\/\\\/www.islamidavet.com\\\/azeri\\\/x%c9%99b%c9%99rl%c9%99r\\\/az%c9%99rbaycan\\\/#listItem\",\"name\":\"Az\\u0259rbaycan\"},\"previousItem\":{\"@type\":\"ListItem\",\"@id\":\"https:\\\/\\\/www.islamidavet.com\\\/azeri#listItem\",\"name\":\"Ev\"}},{\"@type\":\"ListItem\",\"@id\":\"https:\\\/\\\/www.islamidavet.com\\\/azeri\\\/x%c9%99b%c9%99rl%c9%99r\\\/az%c9%99rbaycan\\\/#listItem\",\"position\":3,\"name\":\"Az\\u0259rbaycan\",\"item\":\"https:\\\/\\\/www.islamidavet.com\\\/azeri\\\/x%c9%99b%c9%99rl%c9%99r\\\/az%c9%99rbaycan\\\/\",\"nextItem\":{\"@type\":\"ListItem\",\"@id\":\"https:\\\/\\\/www.islamidavet.com\\\/azeri\\\/ar-hokum%c9%99tinin-t%c9%99brizd%c9%99-qarabag-konfransinin-kecirilm%c9%99sin%c9%99-qarsi-cixmasindan-t%c9%99%c9%99ssuf-ifad%c9%99-olunub\\\/#listItem\",\"name\":\"AR h\\u00f6kum\\u0259tinin T\\u0259brizd\\u0259 Qaraba\\u011f Konfrans\\u0131n\\u0131n ke\\u00e7irilm\\u0259sin\\u0259 qar\\u015f\\u0131 \\u00e7\\u0131xmas\\u0131ndan t\\u0259\\u0259ss\\u00fcf ifad\\u0259 olunub\"},\"previousItem\":{\"@type\":\"ListItem\",\"@id\":\"https:\\\/\\\/www.islamidavet.com\\\/azeri\\\/x%c9%99b%c9%99rl%c9%99r\\\/#listItem\",\"name\":\"X\\u018fB\\u018fRL\\u018fR\"}},{\"@type\":\"ListItem\",\"@id\":\"https:\\\/\\\/www.islamidavet.com\\\/azeri\\\/ar-hokum%c9%99tinin-t%c9%99brizd%c9%99-qarabag-konfransinin-kecirilm%c9%99sin%c9%99-qarsi-cixmasindan-t%c9%99%c9%99ssuf-ifad%c9%99-olunub\\\/#listItem\",\"position\":4,\"name\":\"AR h\\u00f6kum\\u0259tinin T\\u0259brizd\\u0259 Qaraba\\u011f Konfrans\\u0131n\\u0131n ke\\u00e7irilm\\u0259sin\\u0259 qar\\u015f\\u0131 \\u00e7\\u0131xmas\\u0131ndan t\\u0259\\u0259ss\\u00fcf ifad\\u0259 olunub\",\"previousItem\":{\"@type\":\"ListItem\",\"@id\":\"https:\\\/\\\/www.islamidavet.com\\\/azeri\\\/x%c9%99b%c9%99rl%c9%99r\\\/az%c9%99rbaycan\\\/#listItem\",\"name\":\"Az\\u0259rbaycan\"}}]},{\"@type\":\"Organization\",\"@id\":\"https:\\\/\\\/www.islamidavet.com\\\/azeri\\\/#organization\",\"name\":\"Azeri \\u0130sl\\u00e2mi Davet - Az\\u0259rbaycanca\",\"description\":\"Azeri \\u0130sl\\u00e2mi Davet - Az\\u0259rbaycanca\",\"url\":\"https:\\\/\\\/www.islamidavet.com\\\/azeri\\\/\"},{\"@type\":\"Person\",\"@id\":\"https:\\\/\\\/www.islamidavet.com\\\/azeri\\\/author\\\/admin\\\/#author\",\"url\":\"https:\\\/\\\/www.islamidavet.com\\\/azeri\\\/author\\\/admin\\\/\",\"name\":\"admin\",\"image\":{\"@type\":\"ImageObject\",\"@id\":\"https:\\\/\\\/www.islamidavet.com\\\/azeri\\\/ar-hokum%c9%99tinin-t%c9%99brizd%c9%99-qarabag-konfransinin-kecirilm%c9%99sin%c9%99-qarsi-cixmasindan-t%c9%99%c9%99ssuf-ifad%c9%99-olunub\\\/#authorImage\",\"url\":\"https:\\\/\\\/secure.gravatar.com\\\/avatar\\\/c1d8483ec39fbbba55dfad1685bf961c55dfcb0620a6e6120073dcc7bed0ca6d?s=96&d=mm&r=g\",\"width\":96,\"height\":96,\"caption\":\"admin\"}},{\"@type\":\"WebPage\",\"@id\":\"https:\\\/\\\/www.islamidavet.com\\\/azeri\\\/ar-hokum%c9%99tinin-t%c9%99brizd%c9%99-qarabag-konfransinin-kecirilm%c9%99sin%c9%99-qarsi-cixmasindan-t%c9%99%c9%99ssuf-ifad%c9%99-olunub\\\/#webpage\",\"url\":\"https:\\\/\\\/www.islamidavet.com\\\/azeri\\\/ar-hokum%c9%99tinin-t%c9%99brizd%c9%99-qarabag-konfransinin-kecirilm%c9%99sin%c9%99-qarsi-cixmasindan-t%c9%99%c9%99ssuf-ifad%c9%99-olunub\\\/\",\"name\":\"AR h\\u00f6kum\\u0259tinin T\\u0259brizd\\u0259 Qaraba\\u011f Konfrans\\u0131n\\u0131n ke\\u00e7irilm\\u0259sin\\u0259 qar\\u015f\\u0131 \\u00e7\\u0131xmas\\u0131ndan t\\u0259\\u0259ss\\u00fcf ifad\\u0259 olunub | Azeri \\u0130sl\\u00e2mi Davet - Az\\u0259rbaycanca\",\"description\":\"Beyn\\u0259lxalq Qaraba\\u011f Konfrans\\u0131n\\u0131n elmi komit\\u0259si v\\u0259 katibliyi Az\\u0259rbaycan Respublikas\\u0131 h\\u00f6kum\\u0259tinin bu konfrans\\u0131n T\\u0259brizd\\u0259 ke\\u00e7irilm\\u0259sin\\u0259 qar\\u015f\\u0131 \\u00e7\\u0131xmas\\u0131ndan t\\u0259\\u0259ss\\u00fcfl\\u0259ndiyini bildirib. Beyn\\u0259lxalq Qaraba\\u011f Konfrans\\u0131n\\u0131n katibliyi v\\u0259 elmi komit\\u0259sinin bildiri\\u015find\\u0259 qeyd olunur: 2013-c\\u00fc il 26 iyunda T\\u0259briz Universitetind\\u0259 bu konfrans\\u0131n elan\\u0131n \\u00fczr\\u0259 t\\u0259qdimat m\\u0259rasiminin ke\\u00e7irilm\\u0259si il\\u0259 yana\\u015f\\u0131 bu konfrans Az\\u0259rbaycan Respublikas\\u0131n\\u0131n Qaraba\\u011f xalq t\\u0259\\u015fkilatlar\\u0131 m\\u0259sul \\u015f\\u0259xsl\\u0259rinin i\\u015ftirak\\u0131 il\\u0259 ke\\u00e7irildi\",\"inLanguage\":\"tr-TR\",\"isPartOf\":{\"@id\":\"https:\\\/\\\/www.islamidavet.com\\\/azeri\\\/#website\"},\"breadcrumb\":{\"@id\":\"https:\\\/\\\/www.islamidavet.com\\\/azeri\\\/ar-hokum%c9%99tinin-t%c9%99brizd%c9%99-qarabag-konfransinin-kecirilm%c9%99sin%c9%99-qarsi-cixmasindan-t%c9%99%c9%99ssuf-ifad%c9%99-olunub\\\/#breadcrumblist\"},\"author\":{\"@id\":\"https:\\\/\\\/www.islamidavet.com\\\/azeri\\\/author\\\/admin\\\/#author\"},\"creator\":{\"@id\":\"https:\\\/\\\/www.islamidavet.com\\\/azeri\\\/author\\\/admin\\\/#author\"},\"datePublished\":\"2013-10-30T21:50:15+05:00\",\"dateModified\":\"2013-10-30T21:50:15+05:00\"},{\"@type\":\"WebSite\",\"@id\":\"https:\\\/\\\/www.islamidavet.com\\\/azeri\\\/#website\",\"url\":\"https:\\\/\\\/www.islamidavet.com\\\/azeri\\\/\",\"name\":\"Azeri \\u0130sl\\u00e2mi Davet - Az\\u0259rbaycanca\",\"description\":\"Azeri \\u0130sl\\u00e2mi Davet - Az\\u0259rbaycanca\",\"inLanguage\":\"tr-TR\",\"publisher\":{\"@id\":\"https:\\\/\\\/www.islamidavet.com\\\/azeri\\\/#organization\"}}]}\n\t\t<\/script>\n\t\t<!-- All in One SEO -->\n\n","aioseo_head_json":{"title":"AR h\u00f6kum\u0259tinin T\u0259brizd\u0259 Qaraba\u011f Konfrans\u0131n\u0131n ke\u00e7irilm\u0259sin\u0259 qar\u015f\u0131 \u00e7\u0131xmas\u0131ndan t\u0259\u0259ss\u00fcf ifad\u0259 olunub | Azeri \u0130sl\u00e2mi Davet - Az\u0259rbaycanca","description":"Beyn\u0259lxalq Qaraba\u011f Konfrans\u0131n\u0131n elmi komit\u0259si v\u0259 katibliyi Az\u0259rbaycan Respublikas\u0131 h\u00f6kum\u0259tinin bu konfrans\u0131n T\u0259brizd\u0259 ke\u00e7irilm\u0259sin\u0259 qar\u015f\u0131 \u00e7\u0131xmas\u0131ndan t\u0259\u0259ss\u00fcfl\u0259ndiyini bildirib. Beyn\u0259lxalq Qaraba\u011f Konfrans\u0131n\u0131n katibliyi v\u0259 elmi komit\u0259sinin bildiri\u015find\u0259 qeyd olunur: 2013-c\u00fc il 26 iyunda T\u0259briz Universitetind\u0259 bu konfrans\u0131n elan\u0131n \u00fczr\u0259 t\u0259qdimat m\u0259rasiminin ke\u00e7irilm\u0259si il\u0259 yana\u015f\u0131 bu konfrans Az\u0259rbaycan Respublikas\u0131n\u0131n Qaraba\u011f xalq t\u0259\u015fkilatlar\u0131 m\u0259sul \u015f\u0259xsl\u0259rinin i\u015ftirak\u0131 il\u0259 ke\u00e7irildi","canonical_url":"https:\/\/www.islamidavet.com\/azeri\/ar-hokum%c9%99tinin-t%c9%99brizd%c9%99-qarabag-konfransinin-kecirilm%c9%99sin%c9%99-qarsi-cixmasindan-t%c9%99%c9%99ssuf-ifad%c9%99-olunub\/","robots":"max-image-preview:large","keywords":"","webmasterTools":{"miscellaneous":""},"schema":{"@context":"https:\/\/schema.org","@graph":[{"@type":"Article","@id":"https:\/\/www.islamidavet.com\/azeri\/ar-hokum%c9%99tinin-t%c9%99brizd%c9%99-qarabag-konfransinin-kecirilm%c9%99sin%c9%99-qarsi-cixmasindan-t%c9%99%c9%99ssuf-ifad%c9%99-olunub\/#article","name":"AR h\u00f6kum\u0259tinin T\u0259brizd\u0259 Qaraba\u011f Konfrans\u0131n\u0131n ke\u00e7irilm\u0259sin\u0259 qar\u015f\u0131 \u00e7\u0131xmas\u0131ndan t\u0259\u0259ss\u00fcf ifad\u0259 olunub | Azeri \u0130sl\u00e2mi Davet - Az\u0259rbaycanca","headline":"AR h\u00f6kum\u0259tinin T\u0259brizd\u0259 Qaraba\u011f Konfrans\u0131n\u0131n ke\u00e7irilm\u0259sin\u0259 qar\u015f\u0131 \u00e7\u0131xmas\u0131ndan t\u0259\u0259ss\u00fcf ifad\u0259 olunub","author":{"@id":"https:\/\/www.islamidavet.com\/azeri\/author\/admin\/#author"},"publisher":{"@id":"https:\/\/www.islamidavet.com\/azeri\/#organization"},"datePublished":"2013-10-30T21:50:15+05:00","dateModified":"2013-10-30T21:50:15+05:00","inLanguage":"tr-TR","mainEntityOfPage":{"@id":"https:\/\/www.islamidavet.com\/azeri\/ar-hokum%c9%99tinin-t%c9%99brizd%c9%99-qarabag-konfransinin-kecirilm%c9%99sin%c9%99-qarsi-cixmasindan-t%c9%99%c9%99ssuf-ifad%c9%99-olunub\/#webpage"},"isPartOf":{"@id":"https:\/\/www.islamidavet.com\/azeri\/ar-hokum%c9%99tinin-t%c9%99brizd%c9%99-qarabag-konfransinin-kecirilm%c9%99sin%c9%99-qarsi-cixmasindan-t%c9%99%c9%99ssuf-ifad%c9%99-olunub\/#webpage"},"articleSection":"Az\u0259rbaycan, X\u018fB\u018fRL\u018fR, AR, AR h\u00f6kum\u0259ti, Az\u0259rbaycan, Beyn\u0259lxalq Qaraba\u011f Konfrans\u0131, Qaraba\u011f xalq t\u0259\u015fkilatlar\u0131"},{"@type":"BreadcrumbList","@id":"https:\/\/www.islamidavet.com\/azeri\/ar-hokum%c9%99tinin-t%c9%99brizd%c9%99-qarabag-konfransinin-kecirilm%c9%99sin%c9%99-qarsi-cixmasindan-t%c9%99%c9%99ssuf-ifad%c9%99-olunub\/#breadcrumblist","itemListElement":[{"@type":"ListItem","@id":"https:\/\/www.islamidavet.com\/azeri#listItem","position":1,"name":"Ev","item":"https:\/\/www.islamidavet.com\/azeri","nextItem":{"@type":"ListItem","@id":"https:\/\/www.islamidavet.com\/azeri\/x%c9%99b%c9%99rl%c9%99r\/#listItem","name":"X\u018fB\u018fRL\u018fR"}},{"@type":"ListItem","@id":"https:\/\/www.islamidavet.com\/azeri\/x%c9%99b%c9%99rl%c9%99r\/#listItem","position":2,"name":"X\u018fB\u018fRL\u018fR","item":"https:\/\/www.islamidavet.com\/azeri\/x%c9%99b%c9%99rl%c9%99r\/","nextItem":{"@type":"ListItem","@id":"https:\/\/www.islamidavet.com\/azeri\/x%c9%99b%c9%99rl%c9%99r\/az%c9%99rbaycan\/#listItem","name":"Az\u0259rbaycan"},"previousItem":{"@type":"ListItem","@id":"https:\/\/www.islamidavet.com\/azeri#listItem","name":"Ev"}},{"@type":"ListItem","@id":"https:\/\/www.islamidavet.com\/azeri\/x%c9%99b%c9%99rl%c9%99r\/az%c9%99rbaycan\/#listItem","position":3,"name":"Az\u0259rbaycan","item":"https:\/\/www.islamidavet.com\/azeri\/x%c9%99b%c9%99rl%c9%99r\/az%c9%99rbaycan\/","nextItem":{"@type":"ListItem","@id":"https:\/\/www.islamidavet.com\/azeri\/ar-hokum%c9%99tinin-t%c9%99brizd%c9%99-qarabag-konfransinin-kecirilm%c9%99sin%c9%99-qarsi-cixmasindan-t%c9%99%c9%99ssuf-ifad%c9%99-olunub\/#listItem","name":"AR h\u00f6kum\u0259tinin T\u0259brizd\u0259 Qaraba\u011f Konfrans\u0131n\u0131n ke\u00e7irilm\u0259sin\u0259 qar\u015f\u0131 \u00e7\u0131xmas\u0131ndan t\u0259\u0259ss\u00fcf ifad\u0259 olunub"},"previousItem":{"@type":"ListItem","@id":"https:\/\/www.islamidavet.com\/azeri\/x%c9%99b%c9%99rl%c9%99r\/#listItem","name":"X\u018fB\u018fRL\u018fR"}},{"@type":"ListItem","@id":"https:\/\/www.islamidavet.com\/azeri\/ar-hokum%c9%99tinin-t%c9%99brizd%c9%99-qarabag-konfransinin-kecirilm%c9%99sin%c9%99-qarsi-cixmasindan-t%c9%99%c9%99ssuf-ifad%c9%99-olunub\/#listItem","position":4,"name":"AR h\u00f6kum\u0259tinin T\u0259brizd\u0259 Qaraba\u011f Konfrans\u0131n\u0131n ke\u00e7irilm\u0259sin\u0259 qar\u015f\u0131 \u00e7\u0131xmas\u0131ndan t\u0259\u0259ss\u00fcf ifad\u0259 olunub","previousItem":{"@type":"ListItem","@id":"https:\/\/www.islamidavet.com\/azeri\/x%c9%99b%c9%99rl%c9%99r\/az%c9%99rbaycan\/#listItem","name":"Az\u0259rbaycan"}}]},{"@type":"Organization","@id":"https:\/\/www.islamidavet.com\/azeri\/#organization","name":"Azeri \u0130sl\u00e2mi Davet - Az\u0259rbaycanca","description":"Azeri \u0130sl\u00e2mi Davet - Az\u0259rbaycanca","url":"https:\/\/www.islamidavet.com\/azeri\/"},{"@type":"Person","@id":"https:\/\/www.islamidavet.com\/azeri\/author\/admin\/#author","url":"https:\/\/www.islamidavet.com\/azeri\/author\/admin\/","name":"admin","image":{"@type":"ImageObject","@id":"https:\/\/www.islamidavet.com\/azeri\/ar-hokum%c9%99tinin-t%c9%99brizd%c9%99-qarabag-konfransinin-kecirilm%c9%99sin%c9%99-qarsi-cixmasindan-t%c9%99%c9%99ssuf-ifad%c9%99-olunub\/#authorImage","url":"https:\/\/secure.gravatar.com\/avatar\/c1d8483ec39fbbba55dfad1685bf961c55dfcb0620a6e6120073dcc7bed0ca6d?s=96&d=mm&r=g","width":96,"height":96,"caption":"admin"}},{"@type":"WebPage","@id":"https:\/\/www.islamidavet.com\/azeri\/ar-hokum%c9%99tinin-t%c9%99brizd%c9%99-qarabag-konfransinin-kecirilm%c9%99sin%c9%99-qarsi-cixmasindan-t%c9%99%c9%99ssuf-ifad%c9%99-olunub\/#webpage","url":"https:\/\/www.islamidavet.com\/azeri\/ar-hokum%c9%99tinin-t%c9%99brizd%c9%99-qarabag-konfransinin-kecirilm%c9%99sin%c9%99-qarsi-cixmasindan-t%c9%99%c9%99ssuf-ifad%c9%99-olunub\/","name":"AR h\u00f6kum\u0259tinin T\u0259brizd\u0259 Qaraba\u011f Konfrans\u0131n\u0131n ke\u00e7irilm\u0259sin\u0259 qar\u015f\u0131 \u00e7\u0131xmas\u0131ndan t\u0259\u0259ss\u00fcf ifad\u0259 olunub | Azeri \u0130sl\u00e2mi Davet - Az\u0259rbaycanca","description":"Beyn\u0259lxalq Qaraba\u011f Konfrans\u0131n\u0131n elmi komit\u0259si v\u0259 katibliyi Az\u0259rbaycan Respublikas\u0131 h\u00f6kum\u0259tinin bu konfrans\u0131n T\u0259brizd\u0259 ke\u00e7irilm\u0259sin\u0259 qar\u015f\u0131 \u00e7\u0131xmas\u0131ndan t\u0259\u0259ss\u00fcfl\u0259ndiyini bildirib. Beyn\u0259lxalq Qaraba\u011f Konfrans\u0131n\u0131n katibliyi v\u0259 elmi komit\u0259sinin bildiri\u015find\u0259 qeyd olunur: 2013-c\u00fc il 26 iyunda T\u0259briz Universitetind\u0259 bu konfrans\u0131n elan\u0131n \u00fczr\u0259 t\u0259qdimat m\u0259rasiminin ke\u00e7irilm\u0259si il\u0259 yana\u015f\u0131 bu konfrans Az\u0259rbaycan Respublikas\u0131n\u0131n Qaraba\u011f xalq t\u0259\u015fkilatlar\u0131 m\u0259sul \u015f\u0259xsl\u0259rinin i\u015ftirak\u0131 il\u0259 ke\u00e7irildi","inLanguage":"tr-TR","isPartOf":{"@id":"https:\/\/www.islamidavet.com\/azeri\/#website"},"breadcrumb":{"@id":"https:\/\/www.islamidavet.com\/azeri\/ar-hokum%c9%99tinin-t%c9%99brizd%c9%99-qarabag-konfransinin-kecirilm%c9%99sin%c9%99-qarsi-cixmasindan-t%c9%99%c9%99ssuf-ifad%c9%99-olunub\/#breadcrumblist"},"author":{"@id":"https:\/\/www.islamidavet.com\/azeri\/author\/admin\/#author"},"creator":{"@id":"https:\/\/www.islamidavet.com\/azeri\/author\/admin\/#author"},"datePublished":"2013-10-30T21:50:15+05:00","dateModified":"2013-10-30T21:50:15+05:00"},{"@type":"WebSite","@id":"https:\/\/www.islamidavet.com\/azeri\/#website","url":"https:\/\/www.islamidavet.com\/azeri\/","name":"Azeri \u0130sl\u00e2mi Davet - Az\u0259rbaycanca","description":"Azeri \u0130sl\u00e2mi Davet - Az\u0259rbaycanca","inLanguage":"tr-TR","publisher":{"@id":"https:\/\/www.islamidavet.com\/azeri\/#organization"}}]},"og:locale":"tr_TR","og:site_name":"Azeri \u0130sl\u00e2mi Davet - Az\u0259rbaycanca | Azeri \u0130sl\u00e2mi Davet - Az\u0259rbaycanca","og:type":"article","og:title":"AR h\u00f6kum\u0259tinin T\u0259brizd\u0259 Qaraba\u011f Konfrans\u0131n\u0131n ke\u00e7irilm\u0259sin\u0259 qar\u015f\u0131 \u00e7\u0131xmas\u0131ndan t\u0259\u0259ss\u00fcf ifad\u0259 olunub | Azeri \u0130sl\u00e2mi Davet - Az\u0259rbaycanca","og:description":"Beyn\u0259lxalq Qaraba\u011f Konfrans\u0131n\u0131n elmi komit\u0259si v\u0259 katibliyi Az\u0259rbaycan Respublikas\u0131 h\u00f6kum\u0259tinin bu konfrans\u0131n T\u0259brizd\u0259 ke\u00e7irilm\u0259sin\u0259 qar\u015f\u0131 \u00e7\u0131xmas\u0131ndan t\u0259\u0259ss\u00fcfl\u0259ndiyini bildirib. Beyn\u0259lxalq Qaraba\u011f Konfrans\u0131n\u0131n katibliyi v\u0259 elmi komit\u0259sinin bildiri\u015find\u0259 qeyd olunur: 2013-c\u00fc il 26 iyunda T\u0259briz Universitetind\u0259 bu konfrans\u0131n elan\u0131n \u00fczr\u0259 t\u0259qdimat m\u0259rasiminin ke\u00e7irilm\u0259si il\u0259 yana\u015f\u0131 bu konfrans Az\u0259rbaycan Respublikas\u0131n\u0131n Qaraba\u011f xalq t\u0259\u015fkilatlar\u0131 m\u0259sul \u015f\u0259xsl\u0259rinin i\u015ftirak\u0131 il\u0259 ke\u00e7irildi","og:url":"https:\/\/www.islamidavet.com\/azeri\/ar-hokum%c9%99tinin-t%c9%99brizd%c9%99-qarabag-konfransinin-kecirilm%c9%99sin%c9%99-qarsi-cixmasindan-t%c9%99%c9%99ssuf-ifad%c9%99-olunub\/","article:published_time":"2013-10-30T21:50:15+00:00","article:modified_time":"2013-10-30T21:50:15+00:00","twitter:card":"summary_large_image","twitter:title":"AR h\u00f6kum\u0259tinin T\u0259brizd\u0259 Qaraba\u011f Konfrans\u0131n\u0131n ke\u00e7irilm\u0259sin\u0259 qar\u015f\u0131 \u00e7\u0131xmas\u0131ndan t\u0259\u0259ss\u00fcf ifad\u0259 olunub | Azeri \u0130sl\u00e2mi Davet - Az\u0259rbaycanca","twitter:description":"Beyn\u0259lxalq Qaraba\u011f Konfrans\u0131n\u0131n elmi komit\u0259si v\u0259 katibliyi Az\u0259rbaycan Respublikas\u0131 h\u00f6kum\u0259tinin bu konfrans\u0131n T\u0259brizd\u0259 ke\u00e7irilm\u0259sin\u0259 qar\u015f\u0131 \u00e7\u0131xmas\u0131ndan t\u0259\u0259ss\u00fcfl\u0259ndiyini bildirib. Beyn\u0259lxalq Qaraba\u011f Konfrans\u0131n\u0131n katibliyi v\u0259 elmi komit\u0259sinin bildiri\u015find\u0259 qeyd olunur: 2013-c\u00fc il 26 iyunda T\u0259briz Universitetind\u0259 bu konfrans\u0131n elan\u0131n \u00fczr\u0259 t\u0259qdimat m\u0259rasiminin ke\u00e7irilm\u0259si il\u0259 yana\u015f\u0131 bu konfrans Az\u0259rbaycan Respublikas\u0131n\u0131n Qaraba\u011f xalq t\u0259\u015fkilatlar\u0131 m\u0259sul \u015f\u0259xsl\u0259rinin i\u015ftirak\u0131 il\u0259 ke\u00e7irildi"},"aioseo_meta_data":{"post_id":"15595","title":null,"description":null,"keywords":null,"keyphrases":null,"primary_term":null,"canonical_url":null,"og_title":null,"og_description":null,"og_object_type":"default","og_image_type":"default","og_image_url":null,"og_image_width":null,"og_image_height":null,"og_image_custom_url":null,"og_image_custom_fields":null,"og_video":null,"og_custom_url":null,"og_article_section":null,"og_article_tags":null,"twitter_use_og":false,"twitter_card":"default","twitter_image_type":"default","twitter_image_url":null,"twitter_image_custom_url":null,"twitter_image_custom_fields":null,"twitter_title":null,"twitter_description":null,"schema":{"blockGraphs":[],"customGraphs":[],"default":{"data":{"Article":[],"Course":[],"Dataset":[],"FAQPage":[],"Movie":[],"Person":[],"Product":[],"ProductReview":[],"Car":[],"Recipe":[],"Service":[],"SoftwareApplication":[],"WebPage":[]},"graphName":"","isEnabled":true},"graphs":[]},"schema_type":"default","schema_type_options":null,"pillar_content":false,"robots_default":true,"robots_noindex":false,"robots_noarchive":false,"robots_nosnippet":false,"robots_nofollow":false,"robots_noimageindex":false,"robots_noodp":false,"robots_notranslate":false,"robots_max_snippet":null,"robots_max_videopreview":null,"robots_max_imagepreview":"large","priority":null,"frequency":null,"local_seo":null,"breadcrumb_settings":null,"limit_modified_date":false,"ai":null,"created":"2024-07-21 21:41:20","updated":"2025-06-05 19:30:56","seo_analyzer_scan_date":null,"focus_keyword":null,"additional_keywords":null,"truseo_locale":null},"aioseo_breadcrumb":"<div class=\"aioseo-breadcrumbs\"><span class=\"aioseo-breadcrumb\">\n\t\t\t<a href=\"https:\/\/www.islamidavet.com\/azeri\" title=\"Ev\">Ev<\/a>\n\t\t<\/span><span class=\"aioseo-breadcrumb-separator\">&raquo;<\/span><span class=\"aioseo-breadcrumb\">\n\t\t\t<a href=\"https:\/\/www.islamidavet.com\/azeri\/x%c9%99b%c9%99rl%c9%99r\/\" title=\"X\u018fB\u018fRL\u018fR\">X\u018fB\u018fRL\u018fR<\/a>\n\t\t<\/span><span class=\"aioseo-breadcrumb-separator\">&raquo;<\/span><span class=\"aioseo-breadcrumb\">\n\t\t\t<a href=\"https:\/\/www.islamidavet.com\/azeri\/x%c9%99b%c9%99rl%c9%99r\/az%c9%99rbaycan\/\" title=\"Az\u0259rbaycan\">Az\u0259rbaycan<\/a>\n\t\t<\/span><span class=\"aioseo-breadcrumb-separator\">&raquo;<\/span><span class=\"aioseo-breadcrumb\">\n\t\t\tAR h\u00f6kum\u0259tinin T\u0259brizd\u0259 Qaraba\u011f Konfrans\u0131n\u0131n ke\u00e7irilm\u0259sin\u0259 qar\u015f\u0131 \u00e7\u0131xmas\u0131ndan t\u0259\u0259ss\u00fcf ifad\u0259 olunub\n\t\t<\/span><\/div>","aioseo_breadcrumb_json":[{"label":"Ev","link":"https:\/\/www.islamidavet.com\/azeri"},{"label":"X\u018fB\u018fRL\u018fR","link":"https:\/\/www.islamidavet.com\/azeri\/x%c9%99b%c9%99rl%c9%99r\/"},{"label":"Az\u0259rbaycan","link":"https:\/\/www.islamidavet.com\/azeri\/x%c9%99b%c9%99rl%c9%99r\/az%c9%99rbaycan\/"},{"label":"AR h\u00f6kum\u0259tinin T\u0259brizd\u0259 Qaraba\u011f Konfrans\u0131n\u0131n ke\u00e7irilm\u0259sin\u0259 qar\u015f\u0131 \u00e7\u0131xmas\u0131ndan t\u0259\u0259ss\u00fcf ifad\u0259 olunub","link":"https:\/\/www.islamidavet.com\/azeri\/ar-hokum%c9%99tinin-t%c9%99brizd%c9%99-qarabag-konfransinin-kecirilm%c9%99sin%c9%99-qarsi-cixmasindan-t%c9%99%c9%99ssuf-ifad%c9%99-olunub\/"}],"amp_enabled":true,"_links":{"self":[{"href":"https:\/\/www.islamidavet.com\/azeri\/wp-json\/wp\/v2\/posts\/15595","targetHints":{"allow":["GET"]}}],"collection":[{"href":"https:\/\/www.islamidavet.com\/azeri\/wp-json\/wp\/v2\/posts"}],"about":[{"href":"https:\/\/www.islamidavet.com\/azeri\/wp-json\/wp\/v2\/types\/post"}],"author":[{"embeddable":true,"href":"https:\/\/www.islamidavet.com\/azeri\/wp-json\/wp\/v2\/users\/1"}],"replies":[{"embeddable":true,"href":"https:\/\/www.islamidavet.com\/azeri\/wp-json\/wp\/v2\/comments?post=15595"}],"version-history":[{"count":0,"href":"https:\/\/www.islamidavet.com\/azeri\/wp-json\/wp\/v2\/posts\/15595\/revisions"}],"wp:attachment":[{"href":"https:\/\/www.islamidavet.com\/azeri\/wp-json\/wp\/v2\/media?parent=15595"}],"wp:term":[{"taxonomy":"category","embeddable":true,"href":"https:\/\/www.islamidavet.com\/azeri\/wp-json\/wp\/v2\/categories?post=15595"},{"taxonomy":"post_tag","embeddable":true,"href":"https:\/\/www.islamidavet.com\/azeri\/wp-json\/wp\/v2\/tags?post=15595"}],"curies":[{"name":"wp","href":"https:\/\/api.w.org\/{rel}","templated":true}]}}