{"id":16960,"date":"2013-11-29T19:51:35","date_gmt":"2013-11-29T19:51:35","guid":{"rendered":"http:\/\/www.islamidavet.com\/azeri\/?p=16960"},"modified":"2013-11-29T19:51:35","modified_gmt":"2013-11-29T19:51:35","slug":"foto-z%c9%99rif-qumda-dini-m%c9%99rc%c9%99-t%c9%99qlid-aliml%c9%99ri-il%c9%99-gorusub","status":"publish","type":"post","link":"https:\/\/www.islamidavet.com\/azeri\/foto-z%c9%99rif-qumda-dini-m%c9%99rc%c9%99-t%c9%99qlid-aliml%c9%99ri-il%c9%99-gorusub\/","title":{"rendered":"Foto &#8211; Z\u0259rif Qumda dini m\u0259rc\u0259 t\u0259qlid aliml\u0259ri il\u0259 g\u00f6r\u00fc\u015f\u00fcb"},"content":{"rendered":"<p dir=\"LTR\">\u00a0\u00a0\u0130ran\u0131n xarici i\u015fl\u0259r naziri Qumda dini m\u0259rc\u0259yi t\u0259qlid aliml\u0259rind\u0259n bir qrupu il\u0259 g\u00f6r\u00fc\u015f\u00fcb.<\/p>\n<div>\n<p dir=\"LTR\">G\u00f6r\u00fc\u015fd\u0259 M\u0259h\u0259mm\u0259d Cavad Z\u0259rif Cenevr\u0259 n\u00fcv\u0259 m\u00fczakir\u0259l\u0259rinin nailiyy\u0259tl\u0259rini \u015f\u0259rh edib.<\/p>\n<p dir=\"LTR\">C\u00fcm\u0259 g\u00fcn\u00fc ( 29 noyabr ) Qumda dini m\u0259rc\u0259yi t\u0259qlid aliml\u0259rind\u0259n olan Ay\u0259tullah Nasir M\u0259karim \u015eirazi il\u0259 g\u00f6r\u00fc\u015fd\u0259 region v\u0259 beyn\u0259lxalq m\u0259s\u0259l\u0259l\u0259rd\u0259n savay\u0131 Cenevr\u0259d\u0259 \u0130ran\u0131n m\u00fczakir\u0259\u00e7i hey\u0259tinin 6-l\u0131\u011fa \u00fczv d\u00f6vl\u0259tl\u0259rin n\u00fcmay\u0259nd\u0259l\u0259ri il\u0259 n\u00fcv\u0259 m\u00fczakir\u0259l\u0259rinin keyfiyy\u0259ti v\u0259 dan\u0131\u015f\u0131qlarda \u0130ran t\u0259r\u0259finin \u0259ld\u0259 etdiyi nailiyy\u0259tl\u0259rini izah edib.<\/p>\n<p dir=\"LTR\">Dini m\u0259rc\u0259yi t\u0259qlid aliml\u0259rin h\u0259rt\u0259r\u0259fli himay\u0259sin\u0259 g\u00f6r\u0259 \u00f6z t\u0259\u015f\u0259kk\u00fcr\u00fcn\u00fc bildir\u0259n nazir, h\u0259m\u00e7inin dini aliml\u0259rin \u0130ran\u0131n xarici siyas\u0259t il\u0259 ba\u011fl\u0131 m\u00fclahiz\u0259l\u0259ri v\u0259 g\u00f6st\u0259ri\u015fl\u0259rini \u0259h\u0259miyy\u0259tli say\u0131b.<\/p>\n<p dir=\"LTR\">Bu g\u00f6r\u00fc\u015fd\u0259 Ay\u0259tullah M\u0259karim \u015eirazi d\u0259 n\u00fcv\u0259 m\u00fczakir\u0259l\u0259rini d\u0259st\u0259kl\u0259y\u0259r\u0259k regionda v\u0259 d\u00fcnyada \u015fi\u0259l\u0259r\u0259 qar\u015f\u0131 apar\u0131lan add\u0131mlar\u0131n z\u0259r\u0259rsizl\u0259\u015fdirilm\u0259si yolunda\u00a0 c\u0259hdl\u0259rin dayand\u0131r\u0131lmas\u0131n\u0131n vacibliyini vur\u011fulay\u0131b.<\/p>\n<p dir=\"LTR\">Bu g\u00f6r\u00fc\u015fd\u0259 Ay\u0259tullah Safi Qolpayqani da \u0130ran\u0131n Cenevr\u0259 g\u00f6r\u00fc\u015f\u00fcnd\u0259 qazand\u0131\u011f\u0131 nailiyy\u0259tl\u0259rind\u0259n sevincini qeyd ed\u0259r\u0259k n\u00f6vb\u0259ti dan\u0131\u015f\u0131qlarda da \u0130rana \u0259lav\u0259 xeyr v\u0259 t\u00f6hf\u0259l\u0259r g\u0259tir\u0259c\u0259yini arzulay\u0131b.<\/p>\n<p dir=\"LTR\">\u0130ran\u0131n xarici siyas\u0259t idar\u0259sinin r\u0259hb\u0259ri habel\u0259 Ay\u0259tullah Sistaninin n\u00fcmay\u0259nd\u0259si H\u00f6cc\u0259t\u00fclislam V\u0259l-M\u00fcslimin Seyid Cavad \u015e\u0259hristani il\u0259 d\u0259 g\u00f6r\u00fc\u015f\u00fcb.<\/p>\n<p dir=\"LTR\">G\u00f6r\u00fc\u015fd\u0259 region v\u0259 d\u00fcnya m\u0259s\u0259l\u0259l\u0259rind\u0259n savay\u0131 islam ictimaiyy\u0259ti\u00a0 v\u0259 \u0130raq m\u0259s\u0259l\u0259l\u0259ri d\u0259 m\u00fcbahis\u0259 edilib.<\/p>\n<p dir=\"LTR\"><a href=\"http:\/\/www.islamidavet.com\/wp-content\/uploads\/2013\/11\/Z\u0259rif-Qum.jpg\"><img loading=\"lazy\" decoding=\"async\" class=\"alignnone size-full wp-image-16961\" alt=\"Z\u0259rif Qum\" src=\"http:\/\/www.islamidavet.com\/wp-content\/uploads\/2013\/11\/Z\u0259rif-Qum.jpg\" width=\"300\" height=\"200\" srcset=\"https:\/\/www.islamidavet.com\/azeri\/wp-content\/uploads\/2013\/11\/Z\u0259rif-Qum.jpg 300w, https:\/\/www.islamidavet.com\/azeri\/wp-content\/uploads\/2013\/11\/Z\u0259rif-Qum-250x166.jpg 250w\" sizes=\"auto, (max-width: 300px) 100vw, 300px\" \/><\/a> <a href=\"http:\/\/www.islamidavet.com\/wp-content\/uploads\/2013\/11\/18529.jpg\"><img loading=\"lazy\" decoding=\"async\" class=\"alignnone size-medium wp-image-16962\" alt=\"18529\" src=\"http:\/\/www.islamidavet.com\/wp-content\/uploads\/2013\/11\/18529-300x189.jpg\" width=\"300\" height=\"189\" srcset=\"https:\/\/www.islamidavet.com\/azeri\/wp-content\/uploads\/2013\/11\/18529-300x189.jpg 300w, https:\/\/www.islamidavet.com\/azeri\/wp-content\/uploads\/2013\/11\/18529-250x157.jpg 250w, https:\/\/www.islamidavet.com\/azeri\/wp-content\/uploads\/2013\/11\/18529.jpg 600w\" sizes=\"auto, (max-width: 300px) 100vw, 300px\" \/><\/a> <a href=\"http:\/\/www.islamidavet.com\/wp-content\/uploads\/2013\/11\/18531.jpg\"><img loading=\"lazy\" decoding=\"async\" class=\"alignnone size-medium wp-image-16964\" alt=\"18531\" src=\"http:\/\/www.islamidavet.com\/wp-content\/uploads\/2013\/11\/18531-300x190.jpg\" width=\"300\" height=\"190\" srcset=\"https:\/\/www.islamidavet.com\/azeri\/wp-content\/uploads\/2013\/11\/18531-300x190.jpg 300w, https:\/\/www.islamidavet.com\/azeri\/wp-content\/uploads\/2013\/11\/18531-250x158.jpg 250w, https:\/\/www.islamidavet.com\/azeri\/wp-content\/uploads\/2013\/11\/18531.jpg 600w\" sizes=\"auto, (max-width: 300px) 100vw, 300px\" \/><\/a> <a href=\"http:\/\/www.islamidavet.com\/wp-content\/uploads\/2013\/11\/18532.jpg\"><img loading=\"lazy\" decoding=\"async\" class=\"alignnone size-medium wp-image-16965\" alt=\"18532\" src=\"http:\/\/www.islamidavet.com\/wp-content\/uploads\/2013\/11\/18532-300x189.jpg\" width=\"300\" height=\"189\" srcset=\"https:\/\/www.islamidavet.com\/azeri\/wp-content\/uploads\/2013\/11\/18532-300x189.jpg 300w, https:\/\/www.islamidavet.com\/azeri\/wp-content\/uploads\/2013\/11\/18532-250x157.jpg 250w, https:\/\/www.islamidavet.com\/azeri\/wp-content\/uploads\/2013\/11\/18532.jpg 600w\" sizes=\"auto, (max-width: 300px) 100vw, 300px\" \/><\/a> <a href=\"http:\/\/www.islamidavet.com\/wp-content\/uploads\/2013\/11\/18533.jpg\"><img loading=\"lazy\" decoding=\"async\" class=\"alignnone size-medium wp-image-16966\" alt=\"18533\" src=\"http:\/\/www.islamidavet.com\/wp-content\/uploads\/2013\/11\/18533-300x189.jpg\" width=\"300\" height=\"189\" srcset=\"https:\/\/www.islamidavet.com\/azeri\/wp-content\/uploads\/2013\/11\/18533-300x189.jpg 300w, https:\/\/www.islamidavet.com\/azeri\/wp-content\/uploads\/2013\/11\/18533-250x157.jpg 250w, https:\/\/www.islamidavet.com\/azeri\/wp-content\/uploads\/2013\/11\/18533.jpg 600w\" sizes=\"auto, (max-width: 300px) 100vw, 300px\" \/><\/a> <a href=\"http:\/\/www.islamidavet.com\/wp-content\/uploads\/2013\/11\/18534.jpg\"><img loading=\"lazy\" decoding=\"async\" class=\"alignnone size-medium wp-image-16967\" alt=\"18534\" src=\"http:\/\/www.islamidavet.com\/wp-content\/uploads\/2013\/11\/18534-300x187.jpg\" width=\"300\" height=\"187\" srcset=\"https:\/\/www.islamidavet.com\/azeri\/wp-content\/uploads\/2013\/11\/18534-300x187.jpg 300w, https:\/\/www.islamidavet.com\/azeri\/wp-content\/uploads\/2013\/11\/18534-250x156.jpg 250w, https:\/\/www.islamidavet.com\/azeri\/wp-content\/uploads\/2013\/11\/18534.jpg 600w\" sizes=\"auto, (max-width: 300px) 100vw, 300px\" \/><\/a> <a href=\"http:\/\/www.islamidavet.com\/wp-content\/uploads\/2013\/11\/18535.jpg\"><img loading=\"lazy\" decoding=\"async\" class=\"alignnone size-medium wp-image-16968\" alt=\"18535\" src=\"http:\/\/www.islamidavet.com\/wp-content\/uploads\/2013\/11\/18535-300x186.jpg\" width=\"300\" height=\"186\" srcset=\"https:\/\/www.islamidavet.com\/azeri\/wp-content\/uploads\/2013\/11\/18535-300x186.jpg 300w, https:\/\/www.islamidavet.com\/azeri\/wp-content\/uploads\/2013\/11\/18535-250x155.jpg 250w, https:\/\/www.islamidavet.com\/azeri\/wp-content\/uploads\/2013\/11\/18535.jpg 600w\" sizes=\"auto, (max-width: 300px) 100vw, 300px\" \/><\/a><\/p>\n<\/div>\n","protected":false},"excerpt":{"rendered":"<p>\u00a0\u00a0\u0130ran\u0131n xarici i\u015fl\u0259r naziri Qumda dini m\u0259rc\u0259yi t\u0259qlid aliml\u0259rind\u0259n bir qrupu il\u0259 g\u00f6r\u00fc\u015f\u00fcb. G\u00f6r\u00fc\u015fd\u0259 M\u0259h\u0259mm\u0259d Cavad Z\u0259rif Cenevr\u0259 n\u00fcv\u0259 m\u00fczakir\u0259l\u0259rinin nailiyy\u0259tl\u0259rini \u015f\u0259rh edib. C\u00fcm\u0259 g\u00fcn\u00fc ( 29 noyabr ) Qumda dini m\u0259rc\u0259yi t\u0259qlid aliml\u0259rind\u0259n olan Ay\u0259tullah Nasir M\u0259karim \u015eirazi il\u0259 g\u00f6r\u00fc\u015fd\u0259 region v\u0259 beyn\u0259lxalq m\u0259s\u0259l\u0259l\u0259rd\u0259n savay\u0131 Cenevr\u0259d\u0259 \u0130ran\u0131n m\u00fczakir\u0259\u00e7i hey\u0259tinin 6-l\u0131\u011fa \u00fczv d\u00f6vl\u0259tl\u0259rin n\u00fcmay\u0259nd\u0259l\u0259ri il\u0259 &hellip;<\/p>\n","protected":false},"author":1,"featured_media":0,"comment_status":"open","ping_status":"open","sticky":false,"template":"","format":"standard","meta":{"footnotes":""},"categories":[13,3,2],"tags":[975,1388,12643,1169,38,40,24695,12644,12447,12448,1639,12641,12642],"class_list":["post-16960","post","type-post","status-publish","format-standard","hentry","category-foto","category-iran","category-xbrlr","tag-aytullah","tag-aytullah-mkarim-sirazi","tag-aytullah-safi-qolpayqani","tag-cenevr","tag-cum-gunu","tag-foto-2","tag-iran","tag-iranin-cenevr-gorusu","tag-iranin-muzakirci","tag-iranin-muzakirci-heyti","tag-iranin-xarici-islr-naziri","tag-iranin-xarici-islr-naziri-qumda-dini-mrcyi-tqlid-alimlrindn-bir-qrupu-il-gorusub","tag-zrif-qumda-dini-mrc-tqlid-alimlri-il-gorusub"],"aioseo_notices":[],"aioseo_head":"\n\t\t<!-- All in One SEO 5.0.1.1 - aioseo.com -->\n\t<meta name=\"description\" content=\"\u0130ran\u0131n xarici i\u015fl\u0259r naziri Qumda dini m\u0259rc\u0259yi t\u0259qlid aliml\u0259rind\u0259n bir qrupu il\u0259 g\u00f6r\u00fc\u015f\u00fcb. G\u00f6r\u00fc\u015fd\u0259 M\u0259h\u0259mm\u0259d Cavad Z\u0259rif Cenevr\u0259 n\u00fcv\u0259 m\u00fczakir\u0259l\u0259rinin nailiyy\u0259tl\u0259rini \u015f\u0259rh edib. C\u00fcm\u0259 g\u00fcn\u00fc ( 29 noyabr ) Qumda dini m\u0259rc\u0259yi t\u0259qlid aliml\u0259rind\u0259n olan Ay\u0259tullah Nasir M\u0259karim \u015eirazi il\u0259 g\u00f6r\u00fc\u015fd\u0259 region v\u0259 beyn\u0259lxalq m\u0259s\u0259l\u0259l\u0259rd\u0259n savay\u0131 Cenevr\u0259d\u0259 \u0130ran\u0131n m\u00fczakir\u0259\u00e7i hey\u0259tinin 6-l\u0131\u011fa \u00fczv d\u00f6vl\u0259tl\u0259rin n\u00fcmay\u0259nd\u0259l\u0259ri il\u0259\" \/>\n\t<meta name=\"robots\" content=\"max-image-preview:large\" \/>\n\t<meta name=\"author\" content=\"admin\"\/>\n\t<link rel=\"canonical\" href=\"https:\/\/www.islamidavet.com\/azeri\/foto-z%c9%99rif-qumda-dini-m%c9%99rc%c9%99-t%c9%99qlid-aliml%c9%99ri-il%c9%99-gorusub\/\" \/>\n\t<meta name=\"generator\" content=\"All in One SEO (AIOSEO) 5.0.1.1\" \/>\n\t\t<meta property=\"og:locale\" content=\"tr_TR\" \/>\n\t\t<meta property=\"og:site_name\" content=\"Azeri \u0130sl\u00e2mi Davet - Az\u0259rbaycanca | Azeri \u0130sl\u00e2mi Davet - Az\u0259rbaycanca\" \/>\n\t\t<meta property=\"og:type\" content=\"article\" \/>\n\t\t<meta property=\"og:title\" content=\"Foto \u2013 Z\u0259rif Qumda dini m\u0259rc\u0259 t\u0259qlid aliml\u0259ri il\u0259 g\u00f6r\u00fc\u015f\u00fcb | Azeri \u0130sl\u00e2mi Davet - Az\u0259rbaycanca\" \/>\n\t\t<meta property=\"og:description\" content=\"\u0130ran\u0131n xarici i\u015fl\u0259r naziri Qumda dini m\u0259rc\u0259yi t\u0259qlid aliml\u0259rind\u0259n bir qrupu il\u0259 g\u00f6r\u00fc\u015f\u00fcb. G\u00f6r\u00fc\u015fd\u0259 M\u0259h\u0259mm\u0259d Cavad Z\u0259rif Cenevr\u0259 n\u00fcv\u0259 m\u00fczakir\u0259l\u0259rinin nailiyy\u0259tl\u0259rini \u015f\u0259rh edib. C\u00fcm\u0259 g\u00fcn\u00fc ( 29 noyabr ) Qumda dini m\u0259rc\u0259yi t\u0259qlid aliml\u0259rind\u0259n olan Ay\u0259tullah Nasir M\u0259karim \u015eirazi il\u0259 g\u00f6r\u00fc\u015fd\u0259 region v\u0259 beyn\u0259lxalq m\u0259s\u0259l\u0259l\u0259rd\u0259n savay\u0131 Cenevr\u0259d\u0259 \u0130ran\u0131n m\u00fczakir\u0259\u00e7i hey\u0259tinin 6-l\u0131\u011fa \u00fczv d\u00f6vl\u0259tl\u0259rin n\u00fcmay\u0259nd\u0259l\u0259ri il\u0259\" \/>\n\t\t<meta property=\"og:url\" content=\"https:\/\/www.islamidavet.com\/azeri\/foto-z%c9%99rif-qumda-dini-m%c9%99rc%c9%99-t%c9%99qlid-aliml%c9%99ri-il%c9%99-gorusub\/\" \/>\n\t\t<meta property=\"article:published_time\" content=\"2013-11-29T19:51:35+00:00\" \/>\n\t\t<meta property=\"article:modified_time\" content=\"2013-11-29T19:51:35+00:00\" \/>\n\t\t<meta name=\"twitter:card\" content=\"summary_large_image\" \/>\n\t\t<meta name=\"twitter:title\" content=\"Foto \u2013 Z\u0259rif Qumda dini m\u0259rc\u0259 t\u0259qlid aliml\u0259ri il\u0259 g\u00f6r\u00fc\u015f\u00fcb | Azeri \u0130sl\u00e2mi Davet - Az\u0259rbaycanca\" \/>\n\t\t<meta name=\"twitter:description\" content=\"\u0130ran\u0131n xarici i\u015fl\u0259r naziri Qumda dini m\u0259rc\u0259yi t\u0259qlid aliml\u0259rind\u0259n bir qrupu il\u0259 g\u00f6r\u00fc\u015f\u00fcb. G\u00f6r\u00fc\u015fd\u0259 M\u0259h\u0259mm\u0259d Cavad Z\u0259rif Cenevr\u0259 n\u00fcv\u0259 m\u00fczakir\u0259l\u0259rinin nailiyy\u0259tl\u0259rini \u015f\u0259rh edib. C\u00fcm\u0259 g\u00fcn\u00fc ( 29 noyabr ) Qumda dini m\u0259rc\u0259yi t\u0259qlid aliml\u0259rind\u0259n olan Ay\u0259tullah Nasir M\u0259karim \u015eirazi il\u0259 g\u00f6r\u00fc\u015fd\u0259 region v\u0259 beyn\u0259lxalq m\u0259s\u0259l\u0259l\u0259rd\u0259n savay\u0131 Cenevr\u0259d\u0259 \u0130ran\u0131n m\u00fczakir\u0259\u00e7i hey\u0259tinin 6-l\u0131\u011fa \u00fczv d\u00f6vl\u0259tl\u0259rin n\u00fcmay\u0259nd\u0259l\u0259ri il\u0259\" \/>\n\t\t<script type=\"application\/ld+json\" class=\"aioseo-schema\">\n\t\t\t{\"@context\":\"https:\\\/\\\/schema.org\",\"@graph\":[{\"@type\":\"Article\",\"@id\":\"https:\\\/\\\/www.islamidavet.com\\\/azeri\\\/foto-z%c9%99rif-qumda-dini-m%c9%99rc%c9%99-t%c9%99qlid-aliml%c9%99ri-il%c9%99-gorusub\\\/#article\",\"name\":\"Foto \\u2013 Z\\u0259rif Qumda dini m\\u0259rc\\u0259 t\\u0259qlid aliml\\u0259ri il\\u0259 g\\u00f6r\\u00fc\\u015f\\u00fcb | Azeri \\u0130sl\\u00e2mi Davet - Az\\u0259rbaycanca\",\"headline\":\"Foto &#8211; Z\\u0259rif Qumda dini m\\u0259rc\\u0259 t\\u0259qlid aliml\\u0259ri il\\u0259 g\\u00f6r\\u00fc\\u015f\\u00fcb\",\"author\":{\"@id\":\"https:\\\/\\\/www.islamidavet.com\\\/azeri\\\/author\\\/admin\\\/#author\"},\"publisher\":{\"@id\":\"https:\\\/\\\/www.islamidavet.com\\\/azeri\\\/#organization\"},\"image\":{\"@type\":\"ImageObject\",\"url\":\"http:\\\/\\\/www.islamidavet.com\\\/wp-content\\\/uploads\\\/2013\\\/11\\\/Z\\u0259rif-Qum.jpg\",\"@id\":\"https:\\\/\\\/www.islamidavet.com\\\/azeri\\\/foto-z%c9%99rif-qumda-dini-m%c9%99rc%c9%99-t%c9%99qlid-aliml%c9%99ri-il%c9%99-gorusub\\\/#articleImage\"},\"datePublished\":\"2013-11-29T19:51:35+05:00\",\"dateModified\":\"2013-11-29T19:51:35+05:00\",\"inLanguage\":\"tr-TR\",\"mainEntityOfPage\":{\"@id\":\"https:\\\/\\\/www.islamidavet.com\\\/azeri\\\/foto-z%c9%99rif-qumda-dini-m%c9%99rc%c9%99-t%c9%99qlid-aliml%c9%99ri-il%c9%99-gorusub\\\/#webpage\"},\"isPartOf\":{\"@id\":\"https:\\\/\\\/www.islamidavet.com\\\/azeri\\\/foto-z%c9%99rif-qumda-dini-m%c9%99rc%c9%99-t%c9%99qlid-aliml%c9%99ri-il%c9%99-gorusub\\\/#webpage\"},\"articleSection\":\"FOTO, \\u0130ran, X\\u018fB\\u018fRL\\u018fR, Ay\\u0259tullah, Ay\\u0259tullah M\\u0259karim \\u015eirazi, Ay\\u0259tullah Safi Qolpayqani, Cenevr\\u0259, c\\u00fcm\\u0259 g\\u00fcn\\u00fc, Foto, \\u0130ran, \\u0130ran\\u0131n Cenevr\\u0259 g\\u00f6r\\u00fc\\u015f\\u00fc, \\u0130ran\\u0131n m\\u00fczakir\\u0259\\u00e7i, \\u0130ran\\u0131n m\\u00fczakir\\u0259\\u00e7i hey\\u0259ti, \\u0130ran\\u0131n xarici i\\u015fl\\u0259r naziri, \\u0130ran\\u0131n xarici i\\u015fl\\u0259r naziri Qumda dini m\\u0259rc\\u0259yi t\\u0259qlid aliml\\u0259rind\\u0259n bir qrupu il\\u0259 g\\u00f6r\\u00fc\\u015f\\u00fcb., Z\\u0259rif Qumda dini m\\u0259rc\\u0259 t\\u0259qlid aliml\\u0259ri il\\u0259 g\\u00f6r\\u00fc\\u015f\\u00fcb\"},{\"@type\":\"BreadcrumbList\",\"@id\":\"https:\\\/\\\/www.islamidavet.com\\\/azeri\\\/foto-z%c9%99rif-qumda-dini-m%c9%99rc%c9%99-t%c9%99qlid-aliml%c9%99ri-il%c9%99-gorusub\\\/#breadcrumblist\",\"itemListElement\":[{\"@type\":\"ListItem\",\"@id\":\"https:\\\/\\\/www.islamidavet.com\\\/azeri#listItem\",\"position\":1,\"name\":\"Ev\",\"item\":\"https:\\\/\\\/www.islamidavet.com\\\/azeri\",\"nextItem\":{\"@type\":\"ListItem\",\"@id\":\"https:\\\/\\\/www.islamidavet.com\\\/azeri\\\/x%c9%99b%c9%99rl%c9%99r\\\/#listItem\",\"name\":\"X\\u018fB\\u018fRL\\u018fR\"}},{\"@type\":\"ListItem\",\"@id\":\"https:\\\/\\\/www.islamidavet.com\\\/azeri\\\/x%c9%99b%c9%99rl%c9%99r\\\/#listItem\",\"position\":2,\"name\":\"X\\u018fB\\u018fRL\\u018fR\",\"item\":\"https:\\\/\\\/www.islamidavet.com\\\/azeri\\\/x%c9%99b%c9%99rl%c9%99r\\\/\",\"nextItem\":{\"@type\":\"ListItem\",\"@id\":\"https:\\\/\\\/www.islamidavet.com\\\/azeri\\\/x%c9%99b%c9%99rl%c9%99r\\\/iran\\\/#listItem\",\"name\":\"\\u0130ran\"},\"previousItem\":{\"@type\":\"ListItem\",\"@id\":\"https:\\\/\\\/www.islamidavet.com\\\/azeri#listItem\",\"name\":\"Ev\"}},{\"@type\":\"ListItem\",\"@id\":\"https:\\\/\\\/www.islamidavet.com\\\/azeri\\\/x%c9%99b%c9%99rl%c9%99r\\\/iran\\\/#listItem\",\"position\":3,\"name\":\"\\u0130ran\",\"item\":\"https:\\\/\\\/www.islamidavet.com\\\/azeri\\\/x%c9%99b%c9%99rl%c9%99r\\\/iran\\\/\",\"nextItem\":{\"@type\":\"ListItem\",\"@id\":\"https:\\\/\\\/www.islamidavet.com\\\/azeri\\\/foto-z%c9%99rif-qumda-dini-m%c9%99rc%c9%99-t%c9%99qlid-aliml%c9%99ri-il%c9%99-gorusub\\\/#listItem\",\"name\":\"Foto &#8211; Z\\u0259rif Qumda dini m\\u0259rc\\u0259 t\\u0259qlid aliml\\u0259ri il\\u0259 g\\u00f6r\\u00fc\\u015f\\u00fcb\"},\"previousItem\":{\"@type\":\"ListItem\",\"@id\":\"https:\\\/\\\/www.islamidavet.com\\\/azeri\\\/x%c9%99b%c9%99rl%c9%99r\\\/#listItem\",\"name\":\"X\\u018fB\\u018fRL\\u018fR\"}},{\"@type\":\"ListItem\",\"@id\":\"https:\\\/\\\/www.islamidavet.com\\\/azeri\\\/foto-z%c9%99rif-qumda-dini-m%c9%99rc%c9%99-t%c9%99qlid-aliml%c9%99ri-il%c9%99-gorusub\\\/#listItem\",\"position\":4,\"name\":\"Foto &#8211; Z\\u0259rif Qumda dini m\\u0259rc\\u0259 t\\u0259qlid aliml\\u0259ri il\\u0259 g\\u00f6r\\u00fc\\u015f\\u00fcb\",\"previousItem\":{\"@type\":\"ListItem\",\"@id\":\"https:\\\/\\\/www.islamidavet.com\\\/azeri\\\/x%c9%99b%c9%99rl%c9%99r\\\/iran\\\/#listItem\",\"name\":\"\\u0130ran\"}}]},{\"@type\":\"Organization\",\"@id\":\"https:\\\/\\\/www.islamidavet.com\\\/azeri\\\/#organization\",\"name\":\"Azeri \\u0130sl\\u00e2mi Davet - Az\\u0259rbaycanca\",\"description\":\"Azeri \\u0130sl\\u00e2mi Davet - Az\\u0259rbaycanca\",\"url\":\"https:\\\/\\\/www.islamidavet.com\\\/azeri\\\/\"},{\"@type\":\"Person\",\"@id\":\"https:\\\/\\\/www.islamidavet.com\\\/azeri\\\/author\\\/admin\\\/#author\",\"url\":\"https:\\\/\\\/www.islamidavet.com\\\/azeri\\\/author\\\/admin\\\/\",\"name\":\"admin\",\"image\":{\"@type\":\"ImageObject\",\"@id\":\"https:\\\/\\\/www.islamidavet.com\\\/azeri\\\/foto-z%c9%99rif-qumda-dini-m%c9%99rc%c9%99-t%c9%99qlid-aliml%c9%99ri-il%c9%99-gorusub\\\/#authorImage\",\"url\":\"https:\\\/\\\/secure.gravatar.com\\\/avatar\\\/c1d8483ec39fbbba55dfad1685bf961c55dfcb0620a6e6120073dcc7bed0ca6d?s=96&d=mm&r=g\",\"width\":96,\"height\":96,\"caption\":\"admin\"}},{\"@type\":\"WebPage\",\"@id\":\"https:\\\/\\\/www.islamidavet.com\\\/azeri\\\/foto-z%c9%99rif-qumda-dini-m%c9%99rc%c9%99-t%c9%99qlid-aliml%c9%99ri-il%c9%99-gorusub\\\/#webpage\",\"url\":\"https:\\\/\\\/www.islamidavet.com\\\/azeri\\\/foto-z%c9%99rif-qumda-dini-m%c9%99rc%c9%99-t%c9%99qlid-aliml%c9%99ri-il%c9%99-gorusub\\\/\",\"name\":\"Foto \\u2013 Z\\u0259rif Qumda dini m\\u0259rc\\u0259 t\\u0259qlid aliml\\u0259ri il\\u0259 g\\u00f6r\\u00fc\\u015f\\u00fcb | Azeri \\u0130sl\\u00e2mi Davet - Az\\u0259rbaycanca\",\"description\":\"\\u0130ran\\u0131n xarici i\\u015fl\\u0259r naziri Qumda dini m\\u0259rc\\u0259yi t\\u0259qlid aliml\\u0259rind\\u0259n bir qrupu il\\u0259 g\\u00f6r\\u00fc\\u015f\\u00fcb. G\\u00f6r\\u00fc\\u015fd\\u0259 M\\u0259h\\u0259mm\\u0259d Cavad Z\\u0259rif Cenevr\\u0259 n\\u00fcv\\u0259 m\\u00fczakir\\u0259l\\u0259rinin nailiyy\\u0259tl\\u0259rini \\u015f\\u0259rh edib. C\\u00fcm\\u0259 g\\u00fcn\\u00fc ( 29 noyabr ) Qumda dini m\\u0259rc\\u0259yi t\\u0259qlid aliml\\u0259rind\\u0259n olan Ay\\u0259tullah Nasir M\\u0259karim \\u015eirazi il\\u0259 g\\u00f6r\\u00fc\\u015fd\\u0259 region v\\u0259 beyn\\u0259lxalq m\\u0259s\\u0259l\\u0259l\\u0259rd\\u0259n savay\\u0131 Cenevr\\u0259d\\u0259 \\u0130ran\\u0131n m\\u00fczakir\\u0259\\u00e7i hey\\u0259tinin 6-l\\u0131\\u011fa \\u00fczv d\\u00f6vl\\u0259tl\\u0259rin n\\u00fcmay\\u0259nd\\u0259l\\u0259ri il\\u0259\",\"inLanguage\":\"tr-TR\",\"isPartOf\":{\"@id\":\"https:\\\/\\\/www.islamidavet.com\\\/azeri\\\/#website\"},\"breadcrumb\":{\"@id\":\"https:\\\/\\\/www.islamidavet.com\\\/azeri\\\/foto-z%c9%99rif-qumda-dini-m%c9%99rc%c9%99-t%c9%99qlid-aliml%c9%99ri-il%c9%99-gorusub\\\/#breadcrumblist\"},\"author\":{\"@id\":\"https:\\\/\\\/www.islamidavet.com\\\/azeri\\\/author\\\/admin\\\/#author\"},\"creator\":{\"@id\":\"https:\\\/\\\/www.islamidavet.com\\\/azeri\\\/author\\\/admin\\\/#author\"},\"datePublished\":\"2013-11-29T19:51:35+05:00\",\"dateModified\":\"2013-11-29T19:51:35+05:00\"},{\"@type\":\"WebSite\",\"@id\":\"https:\\\/\\\/www.islamidavet.com\\\/azeri\\\/#website\",\"url\":\"https:\\\/\\\/www.islamidavet.com\\\/azeri\\\/\",\"name\":\"Azeri \\u0130sl\\u00e2mi Davet - Az\\u0259rbaycanca\",\"description\":\"Azeri \\u0130sl\\u00e2mi Davet - Az\\u0259rbaycanca\",\"inLanguage\":\"tr-TR\",\"publisher\":{\"@id\":\"https:\\\/\\\/www.islamidavet.com\\\/azeri\\\/#organization\"}}]}\n\t\t<\/script>\n\t\t<!-- All in One SEO -->\n\n","aioseo_head_json":{"title":"Foto \u2013 Z\u0259rif Qumda dini m\u0259rc\u0259 t\u0259qlid aliml\u0259ri il\u0259 g\u00f6r\u00fc\u015f\u00fcb | Azeri \u0130sl\u00e2mi Davet - Az\u0259rbaycanca","description":"\u0130ran\u0131n xarici i\u015fl\u0259r naziri Qumda dini m\u0259rc\u0259yi t\u0259qlid aliml\u0259rind\u0259n bir qrupu il\u0259 g\u00f6r\u00fc\u015f\u00fcb. G\u00f6r\u00fc\u015fd\u0259 M\u0259h\u0259mm\u0259d Cavad Z\u0259rif Cenevr\u0259 n\u00fcv\u0259 m\u00fczakir\u0259l\u0259rinin nailiyy\u0259tl\u0259rini \u015f\u0259rh edib. C\u00fcm\u0259 g\u00fcn\u00fc ( 29 noyabr ) Qumda dini m\u0259rc\u0259yi t\u0259qlid aliml\u0259rind\u0259n olan Ay\u0259tullah Nasir M\u0259karim \u015eirazi il\u0259 g\u00f6r\u00fc\u015fd\u0259 region v\u0259 beyn\u0259lxalq m\u0259s\u0259l\u0259l\u0259rd\u0259n savay\u0131 Cenevr\u0259d\u0259 \u0130ran\u0131n m\u00fczakir\u0259\u00e7i hey\u0259tinin 6-l\u0131\u011fa \u00fczv d\u00f6vl\u0259tl\u0259rin n\u00fcmay\u0259nd\u0259l\u0259ri il\u0259","canonical_url":"https:\/\/www.islamidavet.com\/azeri\/foto-z%c9%99rif-qumda-dini-m%c9%99rc%c9%99-t%c9%99qlid-aliml%c9%99ri-il%c9%99-gorusub\/","robots":"max-image-preview:large","keywords":"","webmasterTools":{"miscellaneous":""},"schema":{"@context":"https:\/\/schema.org","@graph":[{"@type":"Article","@id":"https:\/\/www.islamidavet.com\/azeri\/foto-z%c9%99rif-qumda-dini-m%c9%99rc%c9%99-t%c9%99qlid-aliml%c9%99ri-il%c9%99-gorusub\/#article","name":"Foto \u2013 Z\u0259rif Qumda dini m\u0259rc\u0259 t\u0259qlid aliml\u0259ri il\u0259 g\u00f6r\u00fc\u015f\u00fcb | Azeri \u0130sl\u00e2mi Davet - Az\u0259rbaycanca","headline":"Foto &#8211; Z\u0259rif Qumda dini m\u0259rc\u0259 t\u0259qlid aliml\u0259ri il\u0259 g\u00f6r\u00fc\u015f\u00fcb","author":{"@id":"https:\/\/www.islamidavet.com\/azeri\/author\/admin\/#author"},"publisher":{"@id":"https:\/\/www.islamidavet.com\/azeri\/#organization"},"image":{"@type":"ImageObject","url":"http:\/\/www.islamidavet.com\/wp-content\/uploads\/2013\/11\/Z\u0259rif-Qum.jpg","@id":"https:\/\/www.islamidavet.com\/azeri\/foto-z%c9%99rif-qumda-dini-m%c9%99rc%c9%99-t%c9%99qlid-aliml%c9%99ri-il%c9%99-gorusub\/#articleImage"},"datePublished":"2013-11-29T19:51:35+05:00","dateModified":"2013-11-29T19:51:35+05:00","inLanguage":"tr-TR","mainEntityOfPage":{"@id":"https:\/\/www.islamidavet.com\/azeri\/foto-z%c9%99rif-qumda-dini-m%c9%99rc%c9%99-t%c9%99qlid-aliml%c9%99ri-il%c9%99-gorusub\/#webpage"},"isPartOf":{"@id":"https:\/\/www.islamidavet.com\/azeri\/foto-z%c9%99rif-qumda-dini-m%c9%99rc%c9%99-t%c9%99qlid-aliml%c9%99ri-il%c9%99-gorusub\/#webpage"},"articleSection":"FOTO, \u0130ran, X\u018fB\u018fRL\u018fR, Ay\u0259tullah, Ay\u0259tullah M\u0259karim \u015eirazi, Ay\u0259tullah Safi Qolpayqani, Cenevr\u0259, c\u00fcm\u0259 g\u00fcn\u00fc, Foto, \u0130ran, \u0130ran\u0131n Cenevr\u0259 g\u00f6r\u00fc\u015f\u00fc, \u0130ran\u0131n m\u00fczakir\u0259\u00e7i, \u0130ran\u0131n m\u00fczakir\u0259\u00e7i hey\u0259ti, \u0130ran\u0131n xarici i\u015fl\u0259r naziri, \u0130ran\u0131n xarici i\u015fl\u0259r naziri Qumda dini m\u0259rc\u0259yi t\u0259qlid aliml\u0259rind\u0259n bir qrupu il\u0259 g\u00f6r\u00fc\u015f\u00fcb., Z\u0259rif Qumda dini m\u0259rc\u0259 t\u0259qlid aliml\u0259ri il\u0259 g\u00f6r\u00fc\u015f\u00fcb"},{"@type":"BreadcrumbList","@id":"https:\/\/www.islamidavet.com\/azeri\/foto-z%c9%99rif-qumda-dini-m%c9%99rc%c9%99-t%c9%99qlid-aliml%c9%99ri-il%c9%99-gorusub\/#breadcrumblist","itemListElement":[{"@type":"ListItem","@id":"https:\/\/www.islamidavet.com\/azeri#listItem","position":1,"name":"Ev","item":"https:\/\/www.islamidavet.com\/azeri","nextItem":{"@type":"ListItem","@id":"https:\/\/www.islamidavet.com\/azeri\/x%c9%99b%c9%99rl%c9%99r\/#listItem","name":"X\u018fB\u018fRL\u018fR"}},{"@type":"ListItem","@id":"https:\/\/www.islamidavet.com\/azeri\/x%c9%99b%c9%99rl%c9%99r\/#listItem","position":2,"name":"X\u018fB\u018fRL\u018fR","item":"https:\/\/www.islamidavet.com\/azeri\/x%c9%99b%c9%99rl%c9%99r\/","nextItem":{"@type":"ListItem","@id":"https:\/\/www.islamidavet.com\/azeri\/x%c9%99b%c9%99rl%c9%99r\/iran\/#listItem","name":"\u0130ran"},"previousItem":{"@type":"ListItem","@id":"https:\/\/www.islamidavet.com\/azeri#listItem","name":"Ev"}},{"@type":"ListItem","@id":"https:\/\/www.islamidavet.com\/azeri\/x%c9%99b%c9%99rl%c9%99r\/iran\/#listItem","position":3,"name":"\u0130ran","item":"https:\/\/www.islamidavet.com\/azeri\/x%c9%99b%c9%99rl%c9%99r\/iran\/","nextItem":{"@type":"ListItem","@id":"https:\/\/www.islamidavet.com\/azeri\/foto-z%c9%99rif-qumda-dini-m%c9%99rc%c9%99-t%c9%99qlid-aliml%c9%99ri-il%c9%99-gorusub\/#listItem","name":"Foto &#8211; Z\u0259rif Qumda dini m\u0259rc\u0259 t\u0259qlid aliml\u0259ri il\u0259 g\u00f6r\u00fc\u015f\u00fcb"},"previousItem":{"@type":"ListItem","@id":"https:\/\/www.islamidavet.com\/azeri\/x%c9%99b%c9%99rl%c9%99r\/#listItem","name":"X\u018fB\u018fRL\u018fR"}},{"@type":"ListItem","@id":"https:\/\/www.islamidavet.com\/azeri\/foto-z%c9%99rif-qumda-dini-m%c9%99rc%c9%99-t%c9%99qlid-aliml%c9%99ri-il%c9%99-gorusub\/#listItem","position":4,"name":"Foto &#8211; Z\u0259rif Qumda dini m\u0259rc\u0259 t\u0259qlid aliml\u0259ri il\u0259 g\u00f6r\u00fc\u015f\u00fcb","previousItem":{"@type":"ListItem","@id":"https:\/\/www.islamidavet.com\/azeri\/x%c9%99b%c9%99rl%c9%99r\/iran\/#listItem","name":"\u0130ran"}}]},{"@type":"Organization","@id":"https:\/\/www.islamidavet.com\/azeri\/#organization","name":"Azeri \u0130sl\u00e2mi Davet - Az\u0259rbaycanca","description":"Azeri \u0130sl\u00e2mi Davet - Az\u0259rbaycanca","url":"https:\/\/www.islamidavet.com\/azeri\/"},{"@type":"Person","@id":"https:\/\/www.islamidavet.com\/azeri\/author\/admin\/#author","url":"https:\/\/www.islamidavet.com\/azeri\/author\/admin\/","name":"admin","image":{"@type":"ImageObject","@id":"https:\/\/www.islamidavet.com\/azeri\/foto-z%c9%99rif-qumda-dini-m%c9%99rc%c9%99-t%c9%99qlid-aliml%c9%99ri-il%c9%99-gorusub\/#authorImage","url":"https:\/\/secure.gravatar.com\/avatar\/c1d8483ec39fbbba55dfad1685bf961c55dfcb0620a6e6120073dcc7bed0ca6d?s=96&d=mm&r=g","width":96,"height":96,"caption":"admin"}},{"@type":"WebPage","@id":"https:\/\/www.islamidavet.com\/azeri\/foto-z%c9%99rif-qumda-dini-m%c9%99rc%c9%99-t%c9%99qlid-aliml%c9%99ri-il%c9%99-gorusub\/#webpage","url":"https:\/\/www.islamidavet.com\/azeri\/foto-z%c9%99rif-qumda-dini-m%c9%99rc%c9%99-t%c9%99qlid-aliml%c9%99ri-il%c9%99-gorusub\/","name":"Foto \u2013 Z\u0259rif Qumda dini m\u0259rc\u0259 t\u0259qlid aliml\u0259ri il\u0259 g\u00f6r\u00fc\u015f\u00fcb | Azeri \u0130sl\u00e2mi Davet - Az\u0259rbaycanca","description":"\u0130ran\u0131n xarici i\u015fl\u0259r naziri Qumda dini m\u0259rc\u0259yi t\u0259qlid aliml\u0259rind\u0259n bir qrupu il\u0259 g\u00f6r\u00fc\u015f\u00fcb. G\u00f6r\u00fc\u015fd\u0259 M\u0259h\u0259mm\u0259d Cavad Z\u0259rif Cenevr\u0259 n\u00fcv\u0259 m\u00fczakir\u0259l\u0259rinin nailiyy\u0259tl\u0259rini \u015f\u0259rh edib. C\u00fcm\u0259 g\u00fcn\u00fc ( 29 noyabr ) Qumda dini m\u0259rc\u0259yi t\u0259qlid aliml\u0259rind\u0259n olan Ay\u0259tullah Nasir M\u0259karim \u015eirazi il\u0259 g\u00f6r\u00fc\u015fd\u0259 region v\u0259 beyn\u0259lxalq m\u0259s\u0259l\u0259l\u0259rd\u0259n savay\u0131 Cenevr\u0259d\u0259 \u0130ran\u0131n m\u00fczakir\u0259\u00e7i hey\u0259tinin 6-l\u0131\u011fa \u00fczv d\u00f6vl\u0259tl\u0259rin n\u00fcmay\u0259nd\u0259l\u0259ri il\u0259","inLanguage":"tr-TR","isPartOf":{"@id":"https:\/\/www.islamidavet.com\/azeri\/#website"},"breadcrumb":{"@id":"https:\/\/www.islamidavet.com\/azeri\/foto-z%c9%99rif-qumda-dini-m%c9%99rc%c9%99-t%c9%99qlid-aliml%c9%99ri-il%c9%99-gorusub\/#breadcrumblist"},"author":{"@id":"https:\/\/www.islamidavet.com\/azeri\/author\/admin\/#author"},"creator":{"@id":"https:\/\/www.islamidavet.com\/azeri\/author\/admin\/#author"},"datePublished":"2013-11-29T19:51:35+05:00","dateModified":"2013-11-29T19:51:35+05:00"},{"@type":"WebSite","@id":"https:\/\/www.islamidavet.com\/azeri\/#website","url":"https:\/\/www.islamidavet.com\/azeri\/","name":"Azeri \u0130sl\u00e2mi Davet - Az\u0259rbaycanca","description":"Azeri \u0130sl\u00e2mi Davet - Az\u0259rbaycanca","inLanguage":"tr-TR","publisher":{"@id":"https:\/\/www.islamidavet.com\/azeri\/#organization"}}]},"og:locale":"tr_TR","og:site_name":"Azeri \u0130sl\u00e2mi Davet - Az\u0259rbaycanca | Azeri \u0130sl\u00e2mi Davet - Az\u0259rbaycanca","og:type":"article","og:title":"Foto \u2013 Z\u0259rif Qumda dini m\u0259rc\u0259 t\u0259qlid aliml\u0259ri il\u0259 g\u00f6r\u00fc\u015f\u00fcb | Azeri \u0130sl\u00e2mi Davet - Az\u0259rbaycanca","og:description":"\u0130ran\u0131n xarici i\u015fl\u0259r naziri Qumda dini m\u0259rc\u0259yi t\u0259qlid aliml\u0259rind\u0259n bir qrupu il\u0259 g\u00f6r\u00fc\u015f\u00fcb. G\u00f6r\u00fc\u015fd\u0259 M\u0259h\u0259mm\u0259d Cavad Z\u0259rif Cenevr\u0259 n\u00fcv\u0259 m\u00fczakir\u0259l\u0259rinin nailiyy\u0259tl\u0259rini \u015f\u0259rh edib. C\u00fcm\u0259 g\u00fcn\u00fc ( 29 noyabr ) Qumda dini m\u0259rc\u0259yi t\u0259qlid aliml\u0259rind\u0259n olan Ay\u0259tullah Nasir M\u0259karim \u015eirazi il\u0259 g\u00f6r\u00fc\u015fd\u0259 region v\u0259 beyn\u0259lxalq m\u0259s\u0259l\u0259l\u0259rd\u0259n savay\u0131 Cenevr\u0259d\u0259 \u0130ran\u0131n m\u00fczakir\u0259\u00e7i hey\u0259tinin 6-l\u0131\u011fa \u00fczv d\u00f6vl\u0259tl\u0259rin n\u00fcmay\u0259nd\u0259l\u0259ri il\u0259","og:url":"https:\/\/www.islamidavet.com\/azeri\/foto-z%c9%99rif-qumda-dini-m%c9%99rc%c9%99-t%c9%99qlid-aliml%c9%99ri-il%c9%99-gorusub\/","article:published_time":"2013-11-29T19:51:35+00:00","article:modified_time":"2013-11-29T19:51:35+00:00","twitter:card":"summary_large_image","twitter:title":"Foto \u2013 Z\u0259rif Qumda dini m\u0259rc\u0259 t\u0259qlid aliml\u0259ri il\u0259 g\u00f6r\u00fc\u015f\u00fcb | Azeri \u0130sl\u00e2mi Davet - Az\u0259rbaycanca","twitter:description":"\u0130ran\u0131n xarici i\u015fl\u0259r naziri Qumda dini m\u0259rc\u0259yi t\u0259qlid aliml\u0259rind\u0259n bir qrupu il\u0259 g\u00f6r\u00fc\u015f\u00fcb. G\u00f6r\u00fc\u015fd\u0259 M\u0259h\u0259mm\u0259d Cavad Z\u0259rif Cenevr\u0259 n\u00fcv\u0259 m\u00fczakir\u0259l\u0259rinin nailiyy\u0259tl\u0259rini \u015f\u0259rh edib. C\u00fcm\u0259 g\u00fcn\u00fc ( 29 noyabr ) Qumda dini m\u0259rc\u0259yi t\u0259qlid aliml\u0259rind\u0259n olan Ay\u0259tullah Nasir M\u0259karim \u015eirazi il\u0259 g\u00f6r\u00fc\u015fd\u0259 region v\u0259 beyn\u0259lxalq m\u0259s\u0259l\u0259l\u0259rd\u0259n savay\u0131 Cenevr\u0259d\u0259 \u0130ran\u0131n m\u00fczakir\u0259\u00e7i hey\u0259tinin 6-l\u0131\u011fa \u00fczv d\u00f6vl\u0259tl\u0259rin n\u00fcmay\u0259nd\u0259l\u0259ri il\u0259"},"aioseo_meta_data":{"post_id":"16960","title":null,"description":null,"keywords":null,"keyphrases":null,"primary_term":null,"canonical_url":null,"og_title":null,"og_description":null,"og_object_type":"default","og_image_type":"default","og_image_url":null,"og_image_width":null,"og_image_height":null,"og_image_custom_url":null,"og_image_custom_fields":null,"og_video":null,"og_custom_url":null,"og_article_section":null,"og_article_tags":null,"twitter_use_og":false,"twitter_card":"default","twitter_image_type":"default","twitter_image_url":null,"twitter_image_custom_url":null,"twitter_image_custom_fields":null,"twitter_title":null,"twitter_description":null,"schema":{"blockGraphs":[],"customGraphs":[],"default":{"data":{"Article":[],"Course":[],"Dataset":[],"FAQPage":[],"Movie":[],"Person":[],"Product":[],"ProductReview":[],"Car":[],"Recipe":[],"Service":[],"SoftwareApplication":[],"WebPage":[]},"graphName":"","isEnabled":true},"graphs":[]},"schema_type":"default","schema_type_options":null,"pillar_content":false,"robots_default":true,"robots_noindex":false,"robots_noarchive":false,"robots_nosnippet":false,"robots_nofollow":false,"robots_noimageindex":false,"robots_noodp":false,"robots_notranslate":false,"robots_max_snippet":null,"robots_max_videopreview":null,"robots_max_imagepreview":"large","priority":null,"frequency":null,"local_seo":null,"breadcrumb_settings":null,"limit_modified_date":false,"ai":null,"created":"2024-07-21 21:24:41","updated":"2025-06-05 20:15:46","seo_analyzer_scan_date":null,"focus_keyword":null,"additional_keywords":null,"truseo_locale":null},"aioseo_breadcrumb":"<div class=\"aioseo-breadcrumbs\"><span class=\"aioseo-breadcrumb\">\n\t\t\t<a href=\"https:\/\/www.islamidavet.com\/azeri\" title=\"Ev\">Ev<\/a>\n\t\t<\/span><span class=\"aioseo-breadcrumb-separator\">&raquo;<\/span><span class=\"aioseo-breadcrumb\">\n\t\t\t<a href=\"https:\/\/www.islamidavet.com\/azeri\/x%c9%99b%c9%99rl%c9%99r\/\" title=\"X\u018fB\u018fRL\u018fR\">X\u018fB\u018fRL\u018fR<\/a>\n\t\t<\/span><span class=\"aioseo-breadcrumb-separator\">&raquo;<\/span><span class=\"aioseo-breadcrumb\">\n\t\t\t<a href=\"https:\/\/www.islamidavet.com\/azeri\/x%c9%99b%c9%99rl%c9%99r\/iran\/\" title=\"\u0130ran\">\u0130ran<\/a>\n\t\t<\/span><span class=\"aioseo-breadcrumb-separator\">&raquo;<\/span><span class=\"aioseo-breadcrumb\">\n\t\t\tFoto \u2013 Z\u0259rif Qumda dini m\u0259rc\u0259 t\u0259qlid aliml\u0259ri il\u0259 g\u00f6r\u00fc\u015f\u00fcb\n\t\t<\/span><\/div>","aioseo_breadcrumb_json":[{"label":"Ev","link":"https:\/\/www.islamidavet.com\/azeri"},{"label":"X\u018fB\u018fRL\u018fR","link":"https:\/\/www.islamidavet.com\/azeri\/x%c9%99b%c9%99rl%c9%99r\/"},{"label":"\u0130ran","link":"https:\/\/www.islamidavet.com\/azeri\/x%c9%99b%c9%99rl%c9%99r\/iran\/"},{"label":"Foto &#8211; Z\u0259rif Qumda dini m\u0259rc\u0259 t\u0259qlid aliml\u0259ri il\u0259 g\u00f6r\u00fc\u015f\u00fcb","link":"https:\/\/www.islamidavet.com\/azeri\/foto-z%c9%99rif-qumda-dini-m%c9%99rc%c9%99-t%c9%99qlid-aliml%c9%99ri-il%c9%99-gorusub\/"}],"amp_enabled":true,"_links":{"self":[{"href":"https:\/\/www.islamidavet.com\/azeri\/wp-json\/wp\/v2\/posts\/16960","targetHints":{"allow":["GET"]}}],"collection":[{"href":"https:\/\/www.islamidavet.com\/azeri\/wp-json\/wp\/v2\/posts"}],"about":[{"href":"https:\/\/www.islamidavet.com\/azeri\/wp-json\/wp\/v2\/types\/post"}],"author":[{"embeddable":true,"href":"https:\/\/www.islamidavet.com\/azeri\/wp-json\/wp\/v2\/users\/1"}],"replies":[{"embeddable":true,"href":"https:\/\/www.islamidavet.com\/azeri\/wp-json\/wp\/v2\/comments?post=16960"}],"version-history":[{"count":0,"href":"https:\/\/www.islamidavet.com\/azeri\/wp-json\/wp\/v2\/posts\/16960\/revisions"}],"wp:attachment":[{"href":"https:\/\/www.islamidavet.com\/azeri\/wp-json\/wp\/v2\/media?parent=16960"}],"wp:term":[{"taxonomy":"category","embeddable":true,"href":"https:\/\/www.islamidavet.com\/azeri\/wp-json\/wp\/v2\/categories?post=16960"},{"taxonomy":"post_tag","embeddable":true,"href":"https:\/\/www.islamidavet.com\/azeri\/wp-json\/wp\/v2\/tags?post=16960"}],"curies":[{"name":"wp","href":"https:\/\/api.w.org\/{rel}","templated":true}]}}