{"id":17368,"date":"2013-12-07T20:19:35","date_gmt":"2013-12-07T20:19:35","guid":{"rendered":"http:\/\/www.islamidavet.com\/azeri\/?p=17368"},"modified":"2013-12-08T02:21:19","modified_gmt":"2013-12-08T02:21:19","slug":"kutl%c9%99vi-qirgin-silahlari-olmayan-bir-dunya-iranin-prinsipial-siyas%c9%99tidir","status":"publish","type":"post","link":"https:\/\/www.islamidavet.com\/azeri\/kutl%c9%99vi-qirgin-silahlari-olmayan-bir-dunya-iranin-prinsipial-siyas%c9%99tidir\/","title":{"rendered":"K\u00fctl\u0259vi q\u0131r\u011f\u0131n silahlar\u0131 olmayan bir d\u00fcnya \u0130ran\u0131n prinsipial siyas\u0259tidir"},"content":{"rendered":"<p>\u0130ran \u0130slam Respublikas\u0131n\u0131n Kimy\u0259vi Silahlara Qada\u011fa Beyn\u0259lxalq T\u0259\u015fkilat\u0131ndak\u0131 n\u00fcmay\u0259nd\u0259si k\u00fctl\u0259vi q\u0131r\u011f\u0131n silahlar\u0131 olmayan bir d\u00fcnyan\u0131 \u0130ran\u0131n prinsipial siyas\u0259ti adland\u0131r\u0131b.<br \/>\nKaz\u0131m Q\u0259ribabadi Fransada \u00e7\u0131xan Lu-Mond q\u0259zeti il\u0259 m\u00fcsahib\u0259d\u0259 deyib: D\u00fcnyan\u0131n x\u00fcsusil\u0259 d\u0259 Yax\u0131n \u015e\u0259rqin k\u00fctl\u0259vi q\u0131r\u011f\u0131n silahlar\u0131ndan t\u0259mizl\u0259nm\u0259si \u0130ran\u0131n prinsipial siyas\u0259ti say\u0131l\u0131r v\u0259 \u0130ran \u0130slam Respublikas\u0131 ist\u0259nil\u0259n n\u00f6v k\u00fctl\u0259vi q\u0131r\u011f\u0131n silahlar\u0131n\u0131n m\u0259hv edilm\u0259sini ist\u0259yir.<br \/>\nQ\u0259ribabadi Suriyada kimy\u0259vi silahlar\u0131n m\u0259hv edilm\u0259si v\u0259 bu z\u0259mind\u0259 \u0130ran\u0131n malik oldu\u011fu rol bar\u0259d\u0259 d\u0259 deyib: \u0130ran \u0130slam Respublikas\u0131 on \u00fc\u00e7 min \u015f\u0259hid v\u0259 y\u00fcz mind\u0259n \u00e7ox kimy\u0259vi \u0259lil il\u0259 kimy\u0259vi silahlar\u0131n \u0259n b\u00f6y\u00fck qurban\u0131 kimi Kimy\u0259vi Silahlara Qada\u011fa Konvensiyas\u0131n\u0131n b\u00fct\u00fcn d\u00fcnya \u00f6lk\u0259l\u0259rini \u0259hat\u0259 ed\u0259n bir konvensiyaya \u00e7evrilm\u0259sini ist\u0259yir.<br \/>\n\u0130ran\u0131n Kimy\u0259vi Silahlara Qada\u011fa Beyn\u0259lxalq T\u0259\u015fkilat\u0131ndak\u0131 n\u00fcmay\u0259nd\u0259si sionist rejimin m\u00fcxt\u0259lif n\u00f6vl\u00fc k\u00fctl\u0259vi q\u0131r\u011f\u0131n silahlar\u0131na malik oldu\u011funu xat\u0131rladaraq, deyib: D\u00fcnya ictimaiyy\u0259ti bu rejimi Kimy\u0259vi Silahlara Qada\u011fa Konvensiyas\u0131na qo\u015fulma\u011fa m\u0259cbur etm\u0259k \u00fc\u00e7\u00fcn b\u00fct\u00fcn s\u0259yini s\u0259f\u0259rb\u0259r etm\u0259lidir.<\/p>\n","protected":false},"excerpt":{"rendered":"<p>\u0130ran \u0130slam Respublikas\u0131n\u0131n Kimy\u0259vi Silahlara Qada\u011fa Beyn\u0259lxalq T\u0259\u015fkilat\u0131ndak\u0131 n\u00fcmay\u0259nd\u0259si k\u00fctl\u0259vi q\u0131r\u011f\u0131n silahlar\u0131 olmayan bir d\u00fcnyan\u0131 \u0130ran\u0131n prinsipial siyas\u0259ti adland\u0131r\u0131b. Kaz\u0131m Q\u0259ribabadi Fransada \u00e7\u0131xan Lu-Mond q\u0259zeti il\u0259 m\u00fcsahib\u0259d\u0259 deyib: D\u00fcnyan\u0131n x\u00fcsusil\u0259 d\u0259 Yax\u0131n \u015e\u0259rqin k\u00fctl\u0259vi q\u0131r\u011f\u0131n silahlar\u0131ndan t\u0259mizl\u0259nm\u0259si \u0130ran\u0131n prinsipial siyas\u0259ti say\u0131l\u0131r v\u0259 \u0130ran \u0130slam Respublikas\u0131 ist\u0259nil\u0259n n\u00f6v k\u00fctl\u0259vi q\u0131r\u011f\u0131n silahlar\u0131n\u0131n m\u0259hv edilm\u0259sini ist\u0259yir. Q\u0259ribabadi Suriyada &hellip;<\/p>\n","protected":false},"author":1,"featured_media":0,"comment_status":"open","ping_status":"open","sticky":false,"template":"","format":"standard","meta":{"footnotes":""},"categories":[1],"tags":[29,12167,12880,12877,170,12879,12878,12881,12876],"class_list":["post-17368","post","type-post","status-publish","format-standard","hentry","category-umumi","tag-iran-islam-respublikasi","tag-iranin-prinsipial-siyasti","tag-iranin-prinsipial-siyastidir","tag-kimyv","tag-kimyvi-silahlar","tag-kutlvi-qirgi","tag-kutlvi-qirgin-silahlari-olmayan-bir-dunya-iranin-prinsipial-siyastidir","tag-qadaga-beynlxalq-tskilati","tag-qadaga-konvensiyasi"],"aioseo_notices":[],"aioseo_head":"\n\t\t<!-- All in One SEO 5.0.1.1 - aioseo.com -->\n\t<meta name=\"description\" content=\"\u0130ran \u0130slam Respublikas\u0131n\u0131n Kimy\u0259vi Silahlara Qada\u011fa Beyn\u0259lxalq T\u0259\u015fkilat\u0131ndak\u0131 n\u00fcmay\u0259nd\u0259si k\u00fctl\u0259vi q\u0131r\u011f\u0131n silahlar\u0131 olmayan bir d\u00fcnyan\u0131 \u0130ran\u0131n prinsipial siyas\u0259ti adland\u0131r\u0131b. Kaz\u0131m Q\u0259ribabadi Fransada \u00e7\u0131xan Lu-Mond q\u0259zeti il\u0259 m\u00fcsahib\u0259d\u0259 deyib: D\u00fcnyan\u0131n x\u00fcsusil\u0259 d\u0259 Yax\u0131n \u015e\u0259rqin k\u00fctl\u0259vi q\u0131r\u011f\u0131n silahlar\u0131ndan t\u0259mizl\u0259nm\u0259si \u0130ran\u0131n prinsipial siyas\u0259ti say\u0131l\u0131r v\u0259 \u0130ran \u0130slam Respublikas\u0131 ist\u0259nil\u0259n n\u00f6v k\u00fctl\u0259vi q\u0131r\u011f\u0131n silahlar\u0131n\u0131n m\u0259hv edilm\u0259sini ist\u0259yir. Q\u0259ribabadi Suriyada\" \/>\n\t<meta name=\"robots\" content=\"max-image-preview:large\" \/>\n\t<meta name=\"author\" content=\"admin\"\/>\n\t<link rel=\"canonical\" href=\"https:\/\/www.islamidavet.com\/azeri\/kutl%c9%99vi-qirgin-silahlari-olmayan-bir-dunya-iranin-prinsipial-siyas%c9%99tidir\/\" \/>\n\t<meta name=\"generator\" content=\"All in One SEO (AIOSEO) 5.0.1.1\" \/>\n\t\t<meta property=\"og:locale\" content=\"tr_TR\" \/>\n\t\t<meta property=\"og:site_name\" content=\"Azeri \u0130sl\u00e2mi Davet - Az\u0259rbaycanca | Azeri \u0130sl\u00e2mi Davet - Az\u0259rbaycanca\" \/>\n\t\t<meta property=\"og:type\" content=\"article\" \/>\n\t\t<meta property=\"og:title\" content=\"K\u00fctl\u0259vi q\u0131r\u011f\u0131n silahlar\u0131 olmayan bir d\u00fcnya \u0130ran\u0131n prinsipial siyas\u0259tidir | Azeri \u0130sl\u00e2mi Davet - Az\u0259rbaycanca\" \/>\n\t\t<meta property=\"og:description\" content=\"\u0130ran \u0130slam Respublikas\u0131n\u0131n Kimy\u0259vi Silahlara Qada\u011fa Beyn\u0259lxalq T\u0259\u015fkilat\u0131ndak\u0131 n\u00fcmay\u0259nd\u0259si k\u00fctl\u0259vi q\u0131r\u011f\u0131n silahlar\u0131 olmayan bir d\u00fcnyan\u0131 \u0130ran\u0131n prinsipial siyas\u0259ti adland\u0131r\u0131b. Kaz\u0131m Q\u0259ribabadi Fransada \u00e7\u0131xan Lu-Mond q\u0259zeti il\u0259 m\u00fcsahib\u0259d\u0259 deyib: D\u00fcnyan\u0131n x\u00fcsusil\u0259 d\u0259 Yax\u0131n \u015e\u0259rqin k\u00fctl\u0259vi q\u0131r\u011f\u0131n silahlar\u0131ndan t\u0259mizl\u0259nm\u0259si \u0130ran\u0131n prinsipial siyas\u0259ti say\u0131l\u0131r v\u0259 \u0130ran \u0130slam Respublikas\u0131 ist\u0259nil\u0259n n\u00f6v k\u00fctl\u0259vi q\u0131r\u011f\u0131n silahlar\u0131n\u0131n m\u0259hv edilm\u0259sini ist\u0259yir. Q\u0259ribabadi Suriyada\" \/>\n\t\t<meta property=\"og:url\" content=\"https:\/\/www.islamidavet.com\/azeri\/kutl%c9%99vi-qirgin-silahlari-olmayan-bir-dunya-iranin-prinsipial-siyas%c9%99tidir\/\" \/>\n\t\t<meta property=\"article:published_time\" content=\"2013-12-07T20:19:35+00:00\" \/>\n\t\t<meta property=\"article:modified_time\" content=\"2013-12-08T02:21:19+00:00\" \/>\n\t\t<meta name=\"twitter:card\" content=\"summary_large_image\" \/>\n\t\t<meta name=\"twitter:title\" content=\"K\u00fctl\u0259vi q\u0131r\u011f\u0131n silahlar\u0131 olmayan bir d\u00fcnya \u0130ran\u0131n prinsipial siyas\u0259tidir | Azeri \u0130sl\u00e2mi Davet - Az\u0259rbaycanca\" \/>\n\t\t<meta name=\"twitter:description\" content=\"\u0130ran \u0130slam Respublikas\u0131n\u0131n Kimy\u0259vi Silahlara Qada\u011fa Beyn\u0259lxalq T\u0259\u015fkilat\u0131ndak\u0131 n\u00fcmay\u0259nd\u0259si k\u00fctl\u0259vi q\u0131r\u011f\u0131n silahlar\u0131 olmayan bir d\u00fcnyan\u0131 \u0130ran\u0131n prinsipial siyas\u0259ti adland\u0131r\u0131b. Kaz\u0131m Q\u0259ribabadi Fransada \u00e7\u0131xan Lu-Mond q\u0259zeti il\u0259 m\u00fcsahib\u0259d\u0259 deyib: D\u00fcnyan\u0131n x\u00fcsusil\u0259 d\u0259 Yax\u0131n \u015e\u0259rqin k\u00fctl\u0259vi q\u0131r\u011f\u0131n silahlar\u0131ndan t\u0259mizl\u0259nm\u0259si \u0130ran\u0131n prinsipial siyas\u0259ti say\u0131l\u0131r v\u0259 \u0130ran \u0130slam Respublikas\u0131 ist\u0259nil\u0259n n\u00f6v k\u00fctl\u0259vi q\u0131r\u011f\u0131n silahlar\u0131n\u0131n m\u0259hv edilm\u0259sini ist\u0259yir. Q\u0259ribabadi Suriyada\" \/>\n\t\t<script type=\"application\/ld+json\" class=\"aioseo-schema\">\n\t\t\t{\"@context\":\"https:\\\/\\\/schema.org\",\"@graph\":[{\"@type\":\"Article\",\"@id\":\"https:\\\/\\\/www.islamidavet.com\\\/azeri\\\/kutl%c9%99vi-qirgin-silahlari-olmayan-bir-dunya-iranin-prinsipial-siyas%c9%99tidir\\\/#article\",\"name\":\"K\\u00fctl\\u0259vi q\\u0131r\\u011f\\u0131n silahlar\\u0131 olmayan bir d\\u00fcnya \\u0130ran\\u0131n prinsipial siyas\\u0259tidir | Azeri \\u0130sl\\u00e2mi Davet - Az\\u0259rbaycanca\",\"headline\":\"K\\u00fctl\\u0259vi q\\u0131r\\u011f\\u0131n silahlar\\u0131 olmayan bir d\\u00fcnya \\u0130ran\\u0131n prinsipial siyas\\u0259tidir\",\"author\":{\"@id\":\"https:\\\/\\\/www.islamidavet.com\\\/azeri\\\/author\\\/admin\\\/#author\"},\"publisher\":{\"@id\":\"https:\\\/\\\/www.islamidavet.com\\\/azeri\\\/#organization\"},\"datePublished\":\"2013-12-07T20:19:35+05:00\",\"dateModified\":\"2013-12-08T02:21:19+05:00\",\"inLanguage\":\"tr-TR\",\"mainEntityOfPage\":{\"@id\":\"https:\\\/\\\/www.islamidavet.com\\\/azeri\\\/kutl%c9%99vi-qirgin-silahlari-olmayan-bir-dunya-iranin-prinsipial-siyas%c9%99tidir\\\/#webpage\"},\"isPartOf\":{\"@id\":\"https:\\\/\\\/www.islamidavet.com\\\/azeri\\\/kutl%c9%99vi-qirgin-silahlari-olmayan-bir-dunya-iranin-prinsipial-siyas%c9%99tidir\\\/#webpage\"},\"articleSection\":\"\\u00dcMUM\\u0130, \\u0130ran \\u0130slam Respublikas\\u0131, \\u0130ran\\u0131n prinsipial siyas\\u0259ti, \\u0130ran\\u0131n prinsipial siyas\\u0259tidir, kimy\\u0259v, kimy\\u0259vi silahlar, K\\u00fctl\\u0259vi q\\u0131r\\u011f\\u0131, K\\u00fctl\\u0259vi q\\u0131r\\u011f\\u0131n silahlar\\u0131 olmayan bir d\\u00fcnya \\u0130ran\\u0131n prinsipial siyas\\u0259tidir, Qada\\u011fa Beyn\\u0259lxalq T\\u0259\\u015fkilat\\u0131, Qada\\u011fa Konvensiyas\\u0131\"},{\"@type\":\"BreadcrumbList\",\"@id\":\"https:\\\/\\\/www.islamidavet.com\\\/azeri\\\/kutl%c9%99vi-qirgin-silahlari-olmayan-bir-dunya-iranin-prinsipial-siyas%c9%99tidir\\\/#breadcrumblist\",\"itemListElement\":[{\"@type\":\"ListItem\",\"@id\":\"https:\\\/\\\/www.islamidavet.com\\\/azeri#listItem\",\"position\":1,\"name\":\"Ev\",\"item\":\"https:\\\/\\\/www.islamidavet.com\\\/azeri\",\"nextItem\":{\"@type\":\"ListItem\",\"@id\":\"https:\\\/\\\/www.islamidavet.com\\\/azeri\\\/umumi\\\/#listItem\",\"name\":\"\\u00dcMUM\\u0130\"}},{\"@type\":\"ListItem\",\"@id\":\"https:\\\/\\\/www.islamidavet.com\\\/azeri\\\/umumi\\\/#listItem\",\"position\":2,\"name\":\"\\u00dcMUM\\u0130\",\"item\":\"https:\\\/\\\/www.islamidavet.com\\\/azeri\\\/umumi\\\/\",\"nextItem\":{\"@type\":\"ListItem\",\"@id\":\"https:\\\/\\\/www.islamidavet.com\\\/azeri\\\/kutl%c9%99vi-qirgin-silahlari-olmayan-bir-dunya-iranin-prinsipial-siyas%c9%99tidir\\\/#listItem\",\"name\":\"K\\u00fctl\\u0259vi q\\u0131r\\u011f\\u0131n silahlar\\u0131 olmayan bir d\\u00fcnya \\u0130ran\\u0131n prinsipial siyas\\u0259tidir\"},\"previousItem\":{\"@type\":\"ListItem\",\"@id\":\"https:\\\/\\\/www.islamidavet.com\\\/azeri#listItem\",\"name\":\"Ev\"}},{\"@type\":\"ListItem\",\"@id\":\"https:\\\/\\\/www.islamidavet.com\\\/azeri\\\/kutl%c9%99vi-qirgin-silahlari-olmayan-bir-dunya-iranin-prinsipial-siyas%c9%99tidir\\\/#listItem\",\"position\":3,\"name\":\"K\\u00fctl\\u0259vi q\\u0131r\\u011f\\u0131n silahlar\\u0131 olmayan bir d\\u00fcnya \\u0130ran\\u0131n prinsipial siyas\\u0259tidir\",\"previousItem\":{\"@type\":\"ListItem\",\"@id\":\"https:\\\/\\\/www.islamidavet.com\\\/azeri\\\/umumi\\\/#listItem\",\"name\":\"\\u00dcMUM\\u0130\"}}]},{\"@type\":\"Organization\",\"@id\":\"https:\\\/\\\/www.islamidavet.com\\\/azeri\\\/#organization\",\"name\":\"Azeri \\u0130sl\\u00e2mi Davet - Az\\u0259rbaycanca\",\"description\":\"Azeri \\u0130sl\\u00e2mi Davet - Az\\u0259rbaycanca\",\"url\":\"https:\\\/\\\/www.islamidavet.com\\\/azeri\\\/\"},{\"@type\":\"Person\",\"@id\":\"https:\\\/\\\/www.islamidavet.com\\\/azeri\\\/author\\\/admin\\\/#author\",\"url\":\"https:\\\/\\\/www.islamidavet.com\\\/azeri\\\/author\\\/admin\\\/\",\"name\":\"admin\",\"image\":{\"@type\":\"ImageObject\",\"@id\":\"https:\\\/\\\/www.islamidavet.com\\\/azeri\\\/kutl%c9%99vi-qirgin-silahlari-olmayan-bir-dunya-iranin-prinsipial-siyas%c9%99tidir\\\/#authorImage\",\"url\":\"https:\\\/\\\/secure.gravatar.com\\\/avatar\\\/c1d8483ec39fbbba55dfad1685bf961c55dfcb0620a6e6120073dcc7bed0ca6d?s=96&d=mm&r=g\",\"width\":96,\"height\":96,\"caption\":\"admin\"}},{\"@type\":\"WebPage\",\"@id\":\"https:\\\/\\\/www.islamidavet.com\\\/azeri\\\/kutl%c9%99vi-qirgin-silahlari-olmayan-bir-dunya-iranin-prinsipial-siyas%c9%99tidir\\\/#webpage\",\"url\":\"https:\\\/\\\/www.islamidavet.com\\\/azeri\\\/kutl%c9%99vi-qirgin-silahlari-olmayan-bir-dunya-iranin-prinsipial-siyas%c9%99tidir\\\/\",\"name\":\"K\\u00fctl\\u0259vi q\\u0131r\\u011f\\u0131n silahlar\\u0131 olmayan bir d\\u00fcnya \\u0130ran\\u0131n prinsipial siyas\\u0259tidir | Azeri \\u0130sl\\u00e2mi Davet - Az\\u0259rbaycanca\",\"description\":\"\\u0130ran \\u0130slam Respublikas\\u0131n\\u0131n Kimy\\u0259vi Silahlara Qada\\u011fa Beyn\\u0259lxalq T\\u0259\\u015fkilat\\u0131ndak\\u0131 n\\u00fcmay\\u0259nd\\u0259si k\\u00fctl\\u0259vi q\\u0131r\\u011f\\u0131n silahlar\\u0131 olmayan bir d\\u00fcnyan\\u0131 \\u0130ran\\u0131n prinsipial siyas\\u0259ti adland\\u0131r\\u0131b. Kaz\\u0131m Q\\u0259ribabadi Fransada \\u00e7\\u0131xan Lu-Mond q\\u0259zeti il\\u0259 m\\u00fcsahib\\u0259d\\u0259 deyib: D\\u00fcnyan\\u0131n x\\u00fcsusil\\u0259 d\\u0259 Yax\\u0131n \\u015e\\u0259rqin k\\u00fctl\\u0259vi q\\u0131r\\u011f\\u0131n silahlar\\u0131ndan t\\u0259mizl\\u0259nm\\u0259si \\u0130ran\\u0131n prinsipial siyas\\u0259ti say\\u0131l\\u0131r v\\u0259 \\u0130ran \\u0130slam Respublikas\\u0131 ist\\u0259nil\\u0259n n\\u00f6v k\\u00fctl\\u0259vi q\\u0131r\\u011f\\u0131n silahlar\\u0131n\\u0131n m\\u0259hv edilm\\u0259sini ist\\u0259yir. Q\\u0259ribabadi Suriyada\",\"inLanguage\":\"tr-TR\",\"isPartOf\":{\"@id\":\"https:\\\/\\\/www.islamidavet.com\\\/azeri\\\/#website\"},\"breadcrumb\":{\"@id\":\"https:\\\/\\\/www.islamidavet.com\\\/azeri\\\/kutl%c9%99vi-qirgin-silahlari-olmayan-bir-dunya-iranin-prinsipial-siyas%c9%99tidir\\\/#breadcrumblist\"},\"author\":{\"@id\":\"https:\\\/\\\/www.islamidavet.com\\\/azeri\\\/author\\\/admin\\\/#author\"},\"creator\":{\"@id\":\"https:\\\/\\\/www.islamidavet.com\\\/azeri\\\/author\\\/admin\\\/#author\"},\"datePublished\":\"2013-12-07T20:19:35+05:00\",\"dateModified\":\"2013-12-08T02:21:19+05:00\"},{\"@type\":\"WebSite\",\"@id\":\"https:\\\/\\\/www.islamidavet.com\\\/azeri\\\/#website\",\"url\":\"https:\\\/\\\/www.islamidavet.com\\\/azeri\\\/\",\"name\":\"Azeri \\u0130sl\\u00e2mi Davet - Az\\u0259rbaycanca\",\"description\":\"Azeri \\u0130sl\\u00e2mi Davet - Az\\u0259rbaycanca\",\"inLanguage\":\"tr-TR\",\"publisher\":{\"@id\":\"https:\\\/\\\/www.islamidavet.com\\\/azeri\\\/#organization\"}}]}\n\t\t<\/script>\n\t\t<!-- All in One SEO -->\n\n","aioseo_head_json":{"title":"K\u00fctl\u0259vi q\u0131r\u011f\u0131n silahlar\u0131 olmayan bir d\u00fcnya \u0130ran\u0131n prinsipial siyas\u0259tidir | Azeri \u0130sl\u00e2mi Davet - Az\u0259rbaycanca","description":"\u0130ran \u0130slam Respublikas\u0131n\u0131n Kimy\u0259vi Silahlara Qada\u011fa Beyn\u0259lxalq T\u0259\u015fkilat\u0131ndak\u0131 n\u00fcmay\u0259nd\u0259si k\u00fctl\u0259vi q\u0131r\u011f\u0131n silahlar\u0131 olmayan bir d\u00fcnyan\u0131 \u0130ran\u0131n prinsipial siyas\u0259ti adland\u0131r\u0131b. Kaz\u0131m Q\u0259ribabadi Fransada \u00e7\u0131xan Lu-Mond q\u0259zeti il\u0259 m\u00fcsahib\u0259d\u0259 deyib: D\u00fcnyan\u0131n x\u00fcsusil\u0259 d\u0259 Yax\u0131n \u015e\u0259rqin k\u00fctl\u0259vi q\u0131r\u011f\u0131n silahlar\u0131ndan t\u0259mizl\u0259nm\u0259si \u0130ran\u0131n prinsipial siyas\u0259ti say\u0131l\u0131r v\u0259 \u0130ran \u0130slam Respublikas\u0131 ist\u0259nil\u0259n n\u00f6v k\u00fctl\u0259vi q\u0131r\u011f\u0131n silahlar\u0131n\u0131n m\u0259hv edilm\u0259sini ist\u0259yir. Q\u0259ribabadi Suriyada","canonical_url":"https:\/\/www.islamidavet.com\/azeri\/kutl%c9%99vi-qirgin-silahlari-olmayan-bir-dunya-iranin-prinsipial-siyas%c9%99tidir\/","robots":"max-image-preview:large","keywords":"","webmasterTools":{"miscellaneous":""},"schema":{"@context":"https:\/\/schema.org","@graph":[{"@type":"Article","@id":"https:\/\/www.islamidavet.com\/azeri\/kutl%c9%99vi-qirgin-silahlari-olmayan-bir-dunya-iranin-prinsipial-siyas%c9%99tidir\/#article","name":"K\u00fctl\u0259vi q\u0131r\u011f\u0131n silahlar\u0131 olmayan bir d\u00fcnya \u0130ran\u0131n prinsipial siyas\u0259tidir | Azeri \u0130sl\u00e2mi Davet - Az\u0259rbaycanca","headline":"K\u00fctl\u0259vi q\u0131r\u011f\u0131n silahlar\u0131 olmayan bir d\u00fcnya \u0130ran\u0131n prinsipial siyas\u0259tidir","author":{"@id":"https:\/\/www.islamidavet.com\/azeri\/author\/admin\/#author"},"publisher":{"@id":"https:\/\/www.islamidavet.com\/azeri\/#organization"},"datePublished":"2013-12-07T20:19:35+05:00","dateModified":"2013-12-08T02:21:19+05:00","inLanguage":"tr-TR","mainEntityOfPage":{"@id":"https:\/\/www.islamidavet.com\/azeri\/kutl%c9%99vi-qirgin-silahlari-olmayan-bir-dunya-iranin-prinsipial-siyas%c9%99tidir\/#webpage"},"isPartOf":{"@id":"https:\/\/www.islamidavet.com\/azeri\/kutl%c9%99vi-qirgin-silahlari-olmayan-bir-dunya-iranin-prinsipial-siyas%c9%99tidir\/#webpage"},"articleSection":"\u00dcMUM\u0130, \u0130ran \u0130slam Respublikas\u0131, \u0130ran\u0131n prinsipial siyas\u0259ti, \u0130ran\u0131n prinsipial siyas\u0259tidir, kimy\u0259v, kimy\u0259vi silahlar, K\u00fctl\u0259vi q\u0131r\u011f\u0131, K\u00fctl\u0259vi q\u0131r\u011f\u0131n silahlar\u0131 olmayan bir d\u00fcnya \u0130ran\u0131n prinsipial siyas\u0259tidir, Qada\u011fa Beyn\u0259lxalq T\u0259\u015fkilat\u0131, Qada\u011fa Konvensiyas\u0131"},{"@type":"BreadcrumbList","@id":"https:\/\/www.islamidavet.com\/azeri\/kutl%c9%99vi-qirgin-silahlari-olmayan-bir-dunya-iranin-prinsipial-siyas%c9%99tidir\/#breadcrumblist","itemListElement":[{"@type":"ListItem","@id":"https:\/\/www.islamidavet.com\/azeri#listItem","position":1,"name":"Ev","item":"https:\/\/www.islamidavet.com\/azeri","nextItem":{"@type":"ListItem","@id":"https:\/\/www.islamidavet.com\/azeri\/umumi\/#listItem","name":"\u00dcMUM\u0130"}},{"@type":"ListItem","@id":"https:\/\/www.islamidavet.com\/azeri\/umumi\/#listItem","position":2,"name":"\u00dcMUM\u0130","item":"https:\/\/www.islamidavet.com\/azeri\/umumi\/","nextItem":{"@type":"ListItem","@id":"https:\/\/www.islamidavet.com\/azeri\/kutl%c9%99vi-qirgin-silahlari-olmayan-bir-dunya-iranin-prinsipial-siyas%c9%99tidir\/#listItem","name":"K\u00fctl\u0259vi q\u0131r\u011f\u0131n silahlar\u0131 olmayan bir d\u00fcnya \u0130ran\u0131n prinsipial siyas\u0259tidir"},"previousItem":{"@type":"ListItem","@id":"https:\/\/www.islamidavet.com\/azeri#listItem","name":"Ev"}},{"@type":"ListItem","@id":"https:\/\/www.islamidavet.com\/azeri\/kutl%c9%99vi-qirgin-silahlari-olmayan-bir-dunya-iranin-prinsipial-siyas%c9%99tidir\/#listItem","position":3,"name":"K\u00fctl\u0259vi q\u0131r\u011f\u0131n silahlar\u0131 olmayan bir d\u00fcnya \u0130ran\u0131n prinsipial siyas\u0259tidir","previousItem":{"@type":"ListItem","@id":"https:\/\/www.islamidavet.com\/azeri\/umumi\/#listItem","name":"\u00dcMUM\u0130"}}]},{"@type":"Organization","@id":"https:\/\/www.islamidavet.com\/azeri\/#organization","name":"Azeri \u0130sl\u00e2mi Davet - Az\u0259rbaycanca","description":"Azeri \u0130sl\u00e2mi Davet - Az\u0259rbaycanca","url":"https:\/\/www.islamidavet.com\/azeri\/"},{"@type":"Person","@id":"https:\/\/www.islamidavet.com\/azeri\/author\/admin\/#author","url":"https:\/\/www.islamidavet.com\/azeri\/author\/admin\/","name":"admin","image":{"@type":"ImageObject","@id":"https:\/\/www.islamidavet.com\/azeri\/kutl%c9%99vi-qirgin-silahlari-olmayan-bir-dunya-iranin-prinsipial-siyas%c9%99tidir\/#authorImage","url":"https:\/\/secure.gravatar.com\/avatar\/c1d8483ec39fbbba55dfad1685bf961c55dfcb0620a6e6120073dcc7bed0ca6d?s=96&d=mm&r=g","width":96,"height":96,"caption":"admin"}},{"@type":"WebPage","@id":"https:\/\/www.islamidavet.com\/azeri\/kutl%c9%99vi-qirgin-silahlari-olmayan-bir-dunya-iranin-prinsipial-siyas%c9%99tidir\/#webpage","url":"https:\/\/www.islamidavet.com\/azeri\/kutl%c9%99vi-qirgin-silahlari-olmayan-bir-dunya-iranin-prinsipial-siyas%c9%99tidir\/","name":"K\u00fctl\u0259vi q\u0131r\u011f\u0131n silahlar\u0131 olmayan bir d\u00fcnya \u0130ran\u0131n prinsipial siyas\u0259tidir | Azeri \u0130sl\u00e2mi Davet - Az\u0259rbaycanca","description":"\u0130ran \u0130slam Respublikas\u0131n\u0131n Kimy\u0259vi Silahlara Qada\u011fa Beyn\u0259lxalq T\u0259\u015fkilat\u0131ndak\u0131 n\u00fcmay\u0259nd\u0259si k\u00fctl\u0259vi q\u0131r\u011f\u0131n silahlar\u0131 olmayan bir d\u00fcnyan\u0131 \u0130ran\u0131n prinsipial siyas\u0259ti adland\u0131r\u0131b. Kaz\u0131m Q\u0259ribabadi Fransada \u00e7\u0131xan Lu-Mond q\u0259zeti il\u0259 m\u00fcsahib\u0259d\u0259 deyib: D\u00fcnyan\u0131n x\u00fcsusil\u0259 d\u0259 Yax\u0131n \u015e\u0259rqin k\u00fctl\u0259vi q\u0131r\u011f\u0131n silahlar\u0131ndan t\u0259mizl\u0259nm\u0259si \u0130ran\u0131n prinsipial siyas\u0259ti say\u0131l\u0131r v\u0259 \u0130ran \u0130slam Respublikas\u0131 ist\u0259nil\u0259n n\u00f6v k\u00fctl\u0259vi q\u0131r\u011f\u0131n silahlar\u0131n\u0131n m\u0259hv edilm\u0259sini ist\u0259yir. Q\u0259ribabadi Suriyada","inLanguage":"tr-TR","isPartOf":{"@id":"https:\/\/www.islamidavet.com\/azeri\/#website"},"breadcrumb":{"@id":"https:\/\/www.islamidavet.com\/azeri\/kutl%c9%99vi-qirgin-silahlari-olmayan-bir-dunya-iranin-prinsipial-siyas%c9%99tidir\/#breadcrumblist"},"author":{"@id":"https:\/\/www.islamidavet.com\/azeri\/author\/admin\/#author"},"creator":{"@id":"https:\/\/www.islamidavet.com\/azeri\/author\/admin\/#author"},"datePublished":"2013-12-07T20:19:35+05:00","dateModified":"2013-12-08T02:21:19+05:00"},{"@type":"WebSite","@id":"https:\/\/www.islamidavet.com\/azeri\/#website","url":"https:\/\/www.islamidavet.com\/azeri\/","name":"Azeri \u0130sl\u00e2mi Davet - Az\u0259rbaycanca","description":"Azeri \u0130sl\u00e2mi Davet - Az\u0259rbaycanca","inLanguage":"tr-TR","publisher":{"@id":"https:\/\/www.islamidavet.com\/azeri\/#organization"}}]},"og:locale":"tr_TR","og:site_name":"Azeri \u0130sl\u00e2mi Davet - Az\u0259rbaycanca | Azeri \u0130sl\u00e2mi Davet - Az\u0259rbaycanca","og:type":"article","og:title":"K\u00fctl\u0259vi q\u0131r\u011f\u0131n silahlar\u0131 olmayan bir d\u00fcnya \u0130ran\u0131n prinsipial siyas\u0259tidir | Azeri \u0130sl\u00e2mi Davet - Az\u0259rbaycanca","og:description":"\u0130ran \u0130slam Respublikas\u0131n\u0131n Kimy\u0259vi Silahlara Qada\u011fa Beyn\u0259lxalq T\u0259\u015fkilat\u0131ndak\u0131 n\u00fcmay\u0259nd\u0259si k\u00fctl\u0259vi q\u0131r\u011f\u0131n silahlar\u0131 olmayan bir d\u00fcnyan\u0131 \u0130ran\u0131n prinsipial siyas\u0259ti adland\u0131r\u0131b. Kaz\u0131m Q\u0259ribabadi Fransada \u00e7\u0131xan Lu-Mond q\u0259zeti il\u0259 m\u00fcsahib\u0259d\u0259 deyib: D\u00fcnyan\u0131n x\u00fcsusil\u0259 d\u0259 Yax\u0131n \u015e\u0259rqin k\u00fctl\u0259vi q\u0131r\u011f\u0131n silahlar\u0131ndan t\u0259mizl\u0259nm\u0259si \u0130ran\u0131n prinsipial siyas\u0259ti say\u0131l\u0131r v\u0259 \u0130ran \u0130slam Respublikas\u0131 ist\u0259nil\u0259n n\u00f6v k\u00fctl\u0259vi q\u0131r\u011f\u0131n silahlar\u0131n\u0131n m\u0259hv edilm\u0259sini ist\u0259yir. Q\u0259ribabadi Suriyada","og:url":"https:\/\/www.islamidavet.com\/azeri\/kutl%c9%99vi-qirgin-silahlari-olmayan-bir-dunya-iranin-prinsipial-siyas%c9%99tidir\/","article:published_time":"2013-12-07T20:19:35+00:00","article:modified_time":"2013-12-08T02:21:19+00:00","twitter:card":"summary_large_image","twitter:title":"K\u00fctl\u0259vi q\u0131r\u011f\u0131n silahlar\u0131 olmayan bir d\u00fcnya \u0130ran\u0131n prinsipial siyas\u0259tidir | Azeri \u0130sl\u00e2mi Davet - Az\u0259rbaycanca","twitter:description":"\u0130ran \u0130slam Respublikas\u0131n\u0131n Kimy\u0259vi Silahlara Qada\u011fa Beyn\u0259lxalq T\u0259\u015fkilat\u0131ndak\u0131 n\u00fcmay\u0259nd\u0259si k\u00fctl\u0259vi q\u0131r\u011f\u0131n silahlar\u0131 olmayan bir d\u00fcnyan\u0131 \u0130ran\u0131n prinsipial siyas\u0259ti adland\u0131r\u0131b. Kaz\u0131m Q\u0259ribabadi Fransada \u00e7\u0131xan Lu-Mond q\u0259zeti il\u0259 m\u00fcsahib\u0259d\u0259 deyib: D\u00fcnyan\u0131n x\u00fcsusil\u0259 d\u0259 Yax\u0131n \u015e\u0259rqin k\u00fctl\u0259vi q\u0131r\u011f\u0131n silahlar\u0131ndan t\u0259mizl\u0259nm\u0259si \u0130ran\u0131n prinsipial siyas\u0259ti say\u0131l\u0131r v\u0259 \u0130ran \u0130slam Respublikas\u0131 ist\u0259nil\u0259n n\u00f6v k\u00fctl\u0259vi q\u0131r\u011f\u0131n silahlar\u0131n\u0131n m\u0259hv edilm\u0259sini ist\u0259yir. Q\u0259ribabadi Suriyada"},"aioseo_meta_data":{"post_id":"17368","title":null,"description":null,"keywords":null,"keyphrases":null,"primary_term":null,"canonical_url":null,"og_title":null,"og_description":null,"og_object_type":"default","og_image_type":"default","og_image_url":null,"og_image_width":null,"og_image_height":null,"og_image_custom_url":null,"og_image_custom_fields":null,"og_video":null,"og_custom_url":null,"og_article_section":null,"og_article_tags":null,"twitter_use_og":false,"twitter_card":"default","twitter_image_type":"default","twitter_image_url":null,"twitter_image_custom_url":null,"twitter_image_custom_fields":null,"twitter_title":null,"twitter_description":null,"schema":{"blockGraphs":[],"customGraphs":[],"default":{"data":{"Article":[],"Course":[],"Dataset":[],"FAQPage":[],"Movie":[],"Person":[],"Product":[],"ProductReview":[],"Car":[],"Recipe":[],"Service":[],"SoftwareApplication":[],"WebPage":[]},"graphName":"Article","isEnabled":true},"graphs":[]},"schema_type":"default","schema_type_options":null,"pillar_content":false,"robots_default":true,"robots_noindex":false,"robots_noarchive":false,"robots_nosnippet":false,"robots_nofollow":false,"robots_noimageindex":false,"robots_noodp":false,"robots_notranslate":false,"robots_max_snippet":null,"robots_max_videopreview":null,"robots_max_imagepreview":"large","priority":null,"frequency":null,"local_seo":null,"breadcrumb_settings":null,"limit_modified_date":false,"ai":null,"created":"2024-07-21 13:31:58","updated":"2025-06-05 20:27:28","seo_analyzer_scan_date":null,"focus_keyword":null,"additional_keywords":null,"truseo_locale":null},"aioseo_breadcrumb":"<div class=\"aioseo-breadcrumbs\"><span class=\"aioseo-breadcrumb\">\n\t\t\t<a href=\"https:\/\/www.islamidavet.com\/azeri\" title=\"Ev\">Ev<\/a>\n\t\t<\/span><span class=\"aioseo-breadcrumb-separator\">&raquo;<\/span><span class=\"aioseo-breadcrumb\">\n\t\t\t<a href=\"https:\/\/www.islamidavet.com\/azeri\/umumi\/\" title=\"\u00dcMUM\u0130\">\u00dcMUM\u0130<\/a>\n\t\t<\/span><span class=\"aioseo-breadcrumb-separator\">&raquo;<\/span><span class=\"aioseo-breadcrumb\">\n\t\t\tK\u00fctl\u0259vi q\u0131r\u011f\u0131n silahlar\u0131 olmayan bir d\u00fcnya \u0130ran\u0131n prinsipial siyas\u0259tidir\n\t\t<\/span><\/div>","aioseo_breadcrumb_json":[{"label":"Ev","link":"https:\/\/www.islamidavet.com\/azeri"},{"label":"\u00dcMUM\u0130","link":"https:\/\/www.islamidavet.com\/azeri\/umumi\/"},{"label":"K\u00fctl\u0259vi q\u0131r\u011f\u0131n silahlar\u0131 olmayan bir d\u00fcnya \u0130ran\u0131n prinsipial siyas\u0259tidir","link":"https:\/\/www.islamidavet.com\/azeri\/kutl%c9%99vi-qirgin-silahlari-olmayan-bir-dunya-iranin-prinsipial-siyas%c9%99tidir\/"}],"amp_enabled":true,"_links":{"self":[{"href":"https:\/\/www.islamidavet.com\/azeri\/wp-json\/wp\/v2\/posts\/17368","targetHints":{"allow":["GET"]}}],"collection":[{"href":"https:\/\/www.islamidavet.com\/azeri\/wp-json\/wp\/v2\/posts"}],"about":[{"href":"https:\/\/www.islamidavet.com\/azeri\/wp-json\/wp\/v2\/types\/post"}],"author":[{"embeddable":true,"href":"https:\/\/www.islamidavet.com\/azeri\/wp-json\/wp\/v2\/users\/1"}],"replies":[{"embeddable":true,"href":"https:\/\/www.islamidavet.com\/azeri\/wp-json\/wp\/v2\/comments?post=17368"}],"version-history":[{"count":0,"href":"https:\/\/www.islamidavet.com\/azeri\/wp-json\/wp\/v2\/posts\/17368\/revisions"}],"wp:attachment":[{"href":"https:\/\/www.islamidavet.com\/azeri\/wp-json\/wp\/v2\/media?parent=17368"}],"wp:term":[{"taxonomy":"category","embeddable":true,"href":"https:\/\/www.islamidavet.com\/azeri\/wp-json\/wp\/v2\/categories?post=17368"},{"taxonomy":"post_tag","embeddable":true,"href":"https:\/\/www.islamidavet.com\/azeri\/wp-json\/wp\/v2\/tags?post=17368"}],"curies":[{"name":"wp","href":"https:\/\/api.w.org\/{rel}","templated":true}]}}