{"id":17395,"date":"2013-12-08T09:23:54","date_gmt":"2013-12-08T09:23:54","guid":{"rendered":"http:\/\/www.islamidavet.com\/azeri\/?p=17395"},"modified":"2013-12-08T09:23:54","modified_gmt":"2013-12-08T09:23:54","slug":"kurd-muxalifl%c9%99r-istanbulda-polisl%c9%99-toqqusublar","status":"publish","type":"post","link":"https:\/\/www.islamidavet.com\/azeri\/kurd-muxalifl%c9%99r-istanbulda-polisl%c9%99-toqqusublar\/","title":{"rendered":"K\u00fcrd m\u00fcxalifl\u0259r \u0130stanbulda polisl\u0259 toqqu\u015fublar"},"content":{"rendered":"<p>T\u00fcrkiy\u0259d\u0259 k\u00fcrd m\u00fcxalifl\u0259rd\u0259n y\u00fczl\u0259rl\u0259 n\u0259f\u0259r \u015f\u0259nb\u0259 g\u00fcn\u00fc gec\u0259 \u0130stanbulda aksiya ke\u00e7irib, iki etiraz\u00e7\u0131n\u0131n \u00f6ld\u00fcr\u00fclm\u0259sini pisl\u0259y\u0259r\u0259k, \u018frdo\u011fan d\u00f6vl\u0259tin\u0259 qar\u015f\u0131 \u015f\u00fcar veribdir.<\/p>\n<p>\u201cDo\u011fan\u201d x\u0259b\u0259r portal\u0131n\u0131n m\u0259lumat\u0131na g\u00f6r\u0259, \u0130stanbulun Taksim meydan\u0131na topla\u015fm\u0131\u015f aksiya\u00e7\u0131lar iki k\u00fcrd etiraz\u00e7\u0131n\u0131n \u00f6ld\u00fcr\u00fclm\u0259sini pisl\u0259yibl\u0259r.<br \/>\nK\u00fcrd etiraz\u00e7\u0131larla polis q\u00fcvv\u0259l\u0259ri aras\u0131nda T\u00fcrkiy\u0259nin c\u0259nub-\u015f\u0259rqind\u0259ki \u201cY\u00fcks\u0259k Ova\u201d m\u0259nq\u0259sind\u0259 ba\u015f vermi\u015f qar\u015f\u0131durmada iki k\u00fcrd etiraz\u00e7\u0131 \u00f6ld\u00fcr\u00fcl\u00fcb.<br \/>\nT\u00fcrkiy\u0259 d\u00f6vl\u0259ti \u0259leyhin\u0259 \u015f\u00fcar ver\u0259n aksiya\u00e7\u0131lar polisl\u0259 toqqu\u015fublar.<br \/>\nPolis q\u00fcvv\u0259l\u0259ri d\u0259 onlara qar\u015f\u0131 rezin g\u00fcll\u0259l\u0259r v\u0259 g\u00f6zya\u015fard\u0131c\u0131 qaz i\u015fl\u0259dib v\u0259 aksiya\u00e7\u0131lar\u0131 da\u011f\u0131tmaq \u00fc\u00e7\u00fcn su \u015f\u0131rna\u011f\u0131 ma\u015f\u0131nlar\u0131ndan istifad\u0259 edibl\u0259r.<br \/>\nEtiraz\u00e7\u0131lar qon\u015fu k\u00fc\u00e7\u0259 v\u0259 prospektl\u0259r\u0259 do\u011fru qa\u00e7araq, \u00f6z etirazlar\u0131n\u0131 davam etdiribl\u0259r.<\/p>\n","protected":false},"excerpt":{"rendered":"<p>T\u00fcrkiy\u0259d\u0259 k\u00fcrd m\u00fcxalifl\u0259rd\u0259n y\u00fczl\u0259rl\u0259 n\u0259f\u0259r \u015f\u0259nb\u0259 g\u00fcn\u00fc gec\u0259 \u0130stanbulda aksiya ke\u00e7irib, iki etiraz\u00e7\u0131n\u0131n \u00f6ld\u00fcr\u00fclm\u0259sini pisl\u0259y\u0259r\u0259k, \u018frdo\u011fan d\u00f6vl\u0259tin\u0259 qar\u015f\u0131 \u015f\u00fcar veribdir. \u201cDo\u011fan\u201d x\u0259b\u0259r portal\u0131n\u0131n m\u0259lumat\u0131na g\u00f6r\u0259, \u0130stanbulun Taksim meydan\u0131na topla\u015fm\u0131\u015f aksiya\u00e7\u0131lar iki k\u00fcrd etiraz\u00e7\u0131n\u0131n \u00f6ld\u00fcr\u00fclm\u0259sini pisl\u0259yibl\u0259r. K\u00fcrd etiraz\u00e7\u0131larla polis q\u00fcvv\u0259l\u0259ri aras\u0131nda T\u00fcrkiy\u0259nin c\u0259nub-\u015f\u0259rqind\u0259ki \u201cY\u00fcks\u0259k Ova\u201d m\u0259nq\u0259sind\u0259 ba\u015f vermi\u015f qar\u015f\u0131durmada iki k\u00fcrd etiraz\u00e7\u0131 \u00f6ld\u00fcr\u00fcl\u00fcb. T\u00fcrkiy\u0259 d\u00f6vl\u0259ti \u0259leyhin\u0259 &hellip;<\/p>\n","protected":false},"author":1,"featured_media":0,"comment_status":"open","ping_status":"open","sticky":false,"template":"","format":"standard","meta":{"footnotes":""},"categories":[56,2],"tags":[12894,12893,24704,12892],"class_list":["post-17395","post","type-post","status-publish","format-standard","hentry","category-turkiy","category-xbrlr","tag-kurd-muxaliflr-istanbulda-polisl-toqqusublar","tag-muxaliflr","tag-turkiy","tag-turkiyd-kurd-muxaliflr"],"aioseo_notices":[],"aioseo_head":"\n\t\t<!-- All in One SEO 5.0.1.1 - aioseo.com -->\n\t<meta name=\"description\" content=\"T\u00fcrkiy\u0259d\u0259 k\u00fcrd m\u00fcxalifl\u0259rd\u0259n y\u00fczl\u0259rl\u0259 n\u0259f\u0259r \u015f\u0259nb\u0259 g\u00fcn\u00fc gec\u0259 \u0130stanbulda aksiya ke\u00e7irib, iki etiraz\u00e7\u0131n\u0131n \u00f6ld\u00fcr\u00fclm\u0259sini pisl\u0259y\u0259r\u0259k, \u018frdo\u011fan d\u00f6vl\u0259tin\u0259 qar\u015f\u0131 \u015f\u00fcar veribdir. \u201cDo\u011fan\u201d x\u0259b\u0259r portal\u0131n\u0131n m\u0259lumat\u0131na g\u00f6r\u0259, \u0130stanbulun Taksim meydan\u0131na topla\u015fm\u0131\u015f aksiya\u00e7\u0131lar iki k\u00fcrd etiraz\u00e7\u0131n\u0131n \u00f6ld\u00fcr\u00fclm\u0259sini pisl\u0259yibl\u0259r. K\u00fcrd etiraz\u00e7\u0131larla polis q\u00fcvv\u0259l\u0259ri aras\u0131nda T\u00fcrkiy\u0259nin c\u0259nub-\u015f\u0259rqind\u0259ki \u201cY\u00fcks\u0259k Ova\u201d m\u0259nq\u0259sind\u0259 ba\u015f vermi\u015f qar\u015f\u0131durmada iki k\u00fcrd etiraz\u00e7\u0131 \u00f6ld\u00fcr\u00fcl\u00fcb. T\u00fcrkiy\u0259 d\u00f6vl\u0259ti \u0259leyhin\u0259\" \/>\n\t<meta name=\"robots\" content=\"max-image-preview:large\" \/>\n\t<meta name=\"author\" content=\"admin\"\/>\n\t<link rel=\"canonical\" href=\"https:\/\/www.islamidavet.com\/azeri\/kurd-muxalifl%c9%99r-istanbulda-polisl%c9%99-toqqusublar\/\" \/>\n\t<meta name=\"generator\" content=\"All in One SEO (AIOSEO) 5.0.1.1\" \/>\n\t\t<meta property=\"og:locale\" content=\"tr_TR\" \/>\n\t\t<meta property=\"og:site_name\" content=\"Azeri \u0130sl\u00e2mi Davet - Az\u0259rbaycanca | Azeri \u0130sl\u00e2mi Davet - Az\u0259rbaycanca\" \/>\n\t\t<meta property=\"og:type\" content=\"article\" \/>\n\t\t<meta property=\"og:title\" content=\"K\u00fcrd m\u00fcxalifl\u0259r \u0130stanbulda polisl\u0259 toqqu\u015fublar | Azeri \u0130sl\u00e2mi Davet - Az\u0259rbaycanca\" \/>\n\t\t<meta property=\"og:description\" content=\"T\u00fcrkiy\u0259d\u0259 k\u00fcrd m\u00fcxalifl\u0259rd\u0259n y\u00fczl\u0259rl\u0259 n\u0259f\u0259r \u015f\u0259nb\u0259 g\u00fcn\u00fc gec\u0259 \u0130stanbulda aksiya ke\u00e7irib, iki etiraz\u00e7\u0131n\u0131n \u00f6ld\u00fcr\u00fclm\u0259sini pisl\u0259y\u0259r\u0259k, \u018frdo\u011fan d\u00f6vl\u0259tin\u0259 qar\u015f\u0131 \u015f\u00fcar veribdir. \u201cDo\u011fan\u201d x\u0259b\u0259r portal\u0131n\u0131n m\u0259lumat\u0131na g\u00f6r\u0259, \u0130stanbulun Taksim meydan\u0131na topla\u015fm\u0131\u015f aksiya\u00e7\u0131lar iki k\u00fcrd etiraz\u00e7\u0131n\u0131n \u00f6ld\u00fcr\u00fclm\u0259sini pisl\u0259yibl\u0259r. K\u00fcrd etiraz\u00e7\u0131larla polis q\u00fcvv\u0259l\u0259ri aras\u0131nda T\u00fcrkiy\u0259nin c\u0259nub-\u015f\u0259rqind\u0259ki \u201cY\u00fcks\u0259k Ova\u201d m\u0259nq\u0259sind\u0259 ba\u015f vermi\u015f qar\u015f\u0131durmada iki k\u00fcrd etiraz\u00e7\u0131 \u00f6ld\u00fcr\u00fcl\u00fcb. T\u00fcrkiy\u0259 d\u00f6vl\u0259ti \u0259leyhin\u0259\" \/>\n\t\t<meta property=\"og:url\" content=\"https:\/\/www.islamidavet.com\/azeri\/kurd-muxalifl%c9%99r-istanbulda-polisl%c9%99-toqqusublar\/\" \/>\n\t\t<meta property=\"article:published_time\" content=\"2013-12-08T09:23:54+00:00\" \/>\n\t\t<meta property=\"article:modified_time\" content=\"2013-12-08T09:23:54+00:00\" \/>\n\t\t<meta name=\"twitter:card\" content=\"summary_large_image\" \/>\n\t\t<meta name=\"twitter:title\" content=\"K\u00fcrd m\u00fcxalifl\u0259r \u0130stanbulda polisl\u0259 toqqu\u015fublar | Azeri \u0130sl\u00e2mi Davet - Az\u0259rbaycanca\" \/>\n\t\t<meta name=\"twitter:description\" content=\"T\u00fcrkiy\u0259d\u0259 k\u00fcrd m\u00fcxalifl\u0259rd\u0259n y\u00fczl\u0259rl\u0259 n\u0259f\u0259r \u015f\u0259nb\u0259 g\u00fcn\u00fc gec\u0259 \u0130stanbulda aksiya ke\u00e7irib, iki etiraz\u00e7\u0131n\u0131n \u00f6ld\u00fcr\u00fclm\u0259sini pisl\u0259y\u0259r\u0259k, \u018frdo\u011fan d\u00f6vl\u0259tin\u0259 qar\u015f\u0131 \u015f\u00fcar veribdir. \u201cDo\u011fan\u201d x\u0259b\u0259r portal\u0131n\u0131n m\u0259lumat\u0131na g\u00f6r\u0259, \u0130stanbulun Taksim meydan\u0131na topla\u015fm\u0131\u015f aksiya\u00e7\u0131lar iki k\u00fcrd etiraz\u00e7\u0131n\u0131n \u00f6ld\u00fcr\u00fclm\u0259sini pisl\u0259yibl\u0259r. K\u00fcrd etiraz\u00e7\u0131larla polis q\u00fcvv\u0259l\u0259ri aras\u0131nda T\u00fcrkiy\u0259nin c\u0259nub-\u015f\u0259rqind\u0259ki \u201cY\u00fcks\u0259k Ova\u201d m\u0259nq\u0259sind\u0259 ba\u015f vermi\u015f qar\u015f\u0131durmada iki k\u00fcrd etiraz\u00e7\u0131 \u00f6ld\u00fcr\u00fcl\u00fcb. T\u00fcrkiy\u0259 d\u00f6vl\u0259ti \u0259leyhin\u0259\" \/>\n\t\t<script type=\"application\/ld+json\" class=\"aioseo-schema\">\n\t\t\t{\"@context\":\"https:\\\/\\\/schema.org\",\"@graph\":[{\"@type\":\"Article\",\"@id\":\"https:\\\/\\\/www.islamidavet.com\\\/azeri\\\/kurd-muxalifl%c9%99r-istanbulda-polisl%c9%99-toqqusublar\\\/#article\",\"name\":\"K\\u00fcrd m\\u00fcxalifl\\u0259r \\u0130stanbulda polisl\\u0259 toqqu\\u015fublar | Azeri \\u0130sl\\u00e2mi Davet - Az\\u0259rbaycanca\",\"headline\":\"K\\u00fcrd m\\u00fcxalifl\\u0259r \\u0130stanbulda polisl\\u0259 toqqu\\u015fublar\",\"author\":{\"@id\":\"https:\\\/\\\/www.islamidavet.com\\\/azeri\\\/author\\\/admin\\\/#author\"},\"publisher\":{\"@id\":\"https:\\\/\\\/www.islamidavet.com\\\/azeri\\\/#organization\"},\"datePublished\":\"2013-12-08T09:23:54+05:00\",\"dateModified\":\"2013-12-08T09:23:54+05:00\",\"inLanguage\":\"tr-TR\",\"mainEntityOfPage\":{\"@id\":\"https:\\\/\\\/www.islamidavet.com\\\/azeri\\\/kurd-muxalifl%c9%99r-istanbulda-polisl%c9%99-toqqusublar\\\/#webpage\"},\"isPartOf\":{\"@id\":\"https:\\\/\\\/www.islamidavet.com\\\/azeri\\\/kurd-muxalifl%c9%99r-istanbulda-polisl%c9%99-toqqusublar\\\/#webpage\"},\"articleSection\":\"T\\u00fcrkiy\\u0259, X\\u018fB\\u018fRL\\u018fR, K\\u00fcrd m\\u00fcxalifl\\u0259r \\u0130stanbulda polisl\\u0259 toqqu\\u015fublar, m\\u00fcxalifl\\u0259r, T\\u00fcrkiy\\u0259, T\\u00fcrkiy\\u0259d\\u0259 k\\u00fcrd m\\u00fcxalifl\\u0259r\"},{\"@type\":\"BreadcrumbList\",\"@id\":\"https:\\\/\\\/www.islamidavet.com\\\/azeri\\\/kurd-muxalifl%c9%99r-istanbulda-polisl%c9%99-toqqusublar\\\/#breadcrumblist\",\"itemListElement\":[{\"@type\":\"ListItem\",\"@id\":\"https:\\\/\\\/www.islamidavet.com\\\/azeri#listItem\",\"position\":1,\"name\":\"Ev\",\"item\":\"https:\\\/\\\/www.islamidavet.com\\\/azeri\",\"nextItem\":{\"@type\":\"ListItem\",\"@id\":\"https:\\\/\\\/www.islamidavet.com\\\/azeri\\\/x%c9%99b%c9%99rl%c9%99r\\\/#listItem\",\"name\":\"X\\u018fB\\u018fRL\\u018fR\"}},{\"@type\":\"ListItem\",\"@id\":\"https:\\\/\\\/www.islamidavet.com\\\/azeri\\\/x%c9%99b%c9%99rl%c9%99r\\\/#listItem\",\"position\":2,\"name\":\"X\\u018fB\\u018fRL\\u018fR\",\"item\":\"https:\\\/\\\/www.islamidavet.com\\\/azeri\\\/x%c9%99b%c9%99rl%c9%99r\\\/\",\"nextItem\":{\"@type\":\"ListItem\",\"@id\":\"https:\\\/\\\/www.islamidavet.com\\\/azeri\\\/x%c9%99b%c9%99rl%c9%99r\\\/turkiy%c9%99\\\/#listItem\",\"name\":\"T\\u00fcrkiy\\u0259\"},\"previousItem\":{\"@type\":\"ListItem\",\"@id\":\"https:\\\/\\\/www.islamidavet.com\\\/azeri#listItem\",\"name\":\"Ev\"}},{\"@type\":\"ListItem\",\"@id\":\"https:\\\/\\\/www.islamidavet.com\\\/azeri\\\/x%c9%99b%c9%99rl%c9%99r\\\/turkiy%c9%99\\\/#listItem\",\"position\":3,\"name\":\"T\\u00fcrkiy\\u0259\",\"item\":\"https:\\\/\\\/www.islamidavet.com\\\/azeri\\\/x%c9%99b%c9%99rl%c9%99r\\\/turkiy%c9%99\\\/\",\"nextItem\":{\"@type\":\"ListItem\",\"@id\":\"https:\\\/\\\/www.islamidavet.com\\\/azeri\\\/kurd-muxalifl%c9%99r-istanbulda-polisl%c9%99-toqqusublar\\\/#listItem\",\"name\":\"K\\u00fcrd m\\u00fcxalifl\\u0259r \\u0130stanbulda polisl\\u0259 toqqu\\u015fublar\"},\"previousItem\":{\"@type\":\"ListItem\",\"@id\":\"https:\\\/\\\/www.islamidavet.com\\\/azeri\\\/x%c9%99b%c9%99rl%c9%99r\\\/#listItem\",\"name\":\"X\\u018fB\\u018fRL\\u018fR\"}},{\"@type\":\"ListItem\",\"@id\":\"https:\\\/\\\/www.islamidavet.com\\\/azeri\\\/kurd-muxalifl%c9%99r-istanbulda-polisl%c9%99-toqqusublar\\\/#listItem\",\"position\":4,\"name\":\"K\\u00fcrd m\\u00fcxalifl\\u0259r \\u0130stanbulda polisl\\u0259 toqqu\\u015fublar\",\"previousItem\":{\"@type\":\"ListItem\",\"@id\":\"https:\\\/\\\/www.islamidavet.com\\\/azeri\\\/x%c9%99b%c9%99rl%c9%99r\\\/turkiy%c9%99\\\/#listItem\",\"name\":\"T\\u00fcrkiy\\u0259\"}}]},{\"@type\":\"Organization\",\"@id\":\"https:\\\/\\\/www.islamidavet.com\\\/azeri\\\/#organization\",\"name\":\"Azeri \\u0130sl\\u00e2mi Davet - Az\\u0259rbaycanca\",\"description\":\"Azeri \\u0130sl\\u00e2mi Davet - Az\\u0259rbaycanca\",\"url\":\"https:\\\/\\\/www.islamidavet.com\\\/azeri\\\/\"},{\"@type\":\"Person\",\"@id\":\"https:\\\/\\\/www.islamidavet.com\\\/azeri\\\/author\\\/admin\\\/#author\",\"url\":\"https:\\\/\\\/www.islamidavet.com\\\/azeri\\\/author\\\/admin\\\/\",\"name\":\"admin\",\"image\":{\"@type\":\"ImageObject\",\"@id\":\"https:\\\/\\\/www.islamidavet.com\\\/azeri\\\/kurd-muxalifl%c9%99r-istanbulda-polisl%c9%99-toqqusublar\\\/#authorImage\",\"url\":\"https:\\\/\\\/secure.gravatar.com\\\/avatar\\\/c1d8483ec39fbbba55dfad1685bf961c55dfcb0620a6e6120073dcc7bed0ca6d?s=96&d=mm&r=g\",\"width\":96,\"height\":96,\"caption\":\"admin\"}},{\"@type\":\"WebPage\",\"@id\":\"https:\\\/\\\/www.islamidavet.com\\\/azeri\\\/kurd-muxalifl%c9%99r-istanbulda-polisl%c9%99-toqqusublar\\\/#webpage\",\"url\":\"https:\\\/\\\/www.islamidavet.com\\\/azeri\\\/kurd-muxalifl%c9%99r-istanbulda-polisl%c9%99-toqqusublar\\\/\",\"name\":\"K\\u00fcrd m\\u00fcxalifl\\u0259r \\u0130stanbulda polisl\\u0259 toqqu\\u015fublar | Azeri \\u0130sl\\u00e2mi Davet - Az\\u0259rbaycanca\",\"description\":\"T\\u00fcrkiy\\u0259d\\u0259 k\\u00fcrd m\\u00fcxalifl\\u0259rd\\u0259n y\\u00fczl\\u0259rl\\u0259 n\\u0259f\\u0259r \\u015f\\u0259nb\\u0259 g\\u00fcn\\u00fc gec\\u0259 \\u0130stanbulda aksiya ke\\u00e7irib, iki etiraz\\u00e7\\u0131n\\u0131n \\u00f6ld\\u00fcr\\u00fclm\\u0259sini pisl\\u0259y\\u0259r\\u0259k, \\u018frdo\\u011fan d\\u00f6vl\\u0259tin\\u0259 qar\\u015f\\u0131 \\u015f\\u00fcar veribdir. \\u201cDo\\u011fan\\u201d x\\u0259b\\u0259r portal\\u0131n\\u0131n m\\u0259lumat\\u0131na g\\u00f6r\\u0259, \\u0130stanbulun Taksim meydan\\u0131na topla\\u015fm\\u0131\\u015f aksiya\\u00e7\\u0131lar iki k\\u00fcrd etiraz\\u00e7\\u0131n\\u0131n \\u00f6ld\\u00fcr\\u00fclm\\u0259sini pisl\\u0259yibl\\u0259r. K\\u00fcrd etiraz\\u00e7\\u0131larla polis q\\u00fcvv\\u0259l\\u0259ri aras\\u0131nda T\\u00fcrkiy\\u0259nin c\\u0259nub-\\u015f\\u0259rqind\\u0259ki \\u201cY\\u00fcks\\u0259k Ova\\u201d m\\u0259nq\\u0259sind\\u0259 ba\\u015f vermi\\u015f qar\\u015f\\u0131durmada iki k\\u00fcrd etiraz\\u00e7\\u0131 \\u00f6ld\\u00fcr\\u00fcl\\u00fcb. T\\u00fcrkiy\\u0259 d\\u00f6vl\\u0259ti \\u0259leyhin\\u0259\",\"inLanguage\":\"tr-TR\",\"isPartOf\":{\"@id\":\"https:\\\/\\\/www.islamidavet.com\\\/azeri\\\/#website\"},\"breadcrumb\":{\"@id\":\"https:\\\/\\\/www.islamidavet.com\\\/azeri\\\/kurd-muxalifl%c9%99r-istanbulda-polisl%c9%99-toqqusublar\\\/#breadcrumblist\"},\"author\":{\"@id\":\"https:\\\/\\\/www.islamidavet.com\\\/azeri\\\/author\\\/admin\\\/#author\"},\"creator\":{\"@id\":\"https:\\\/\\\/www.islamidavet.com\\\/azeri\\\/author\\\/admin\\\/#author\"},\"datePublished\":\"2013-12-08T09:23:54+05:00\",\"dateModified\":\"2013-12-08T09:23:54+05:00\"},{\"@type\":\"WebSite\",\"@id\":\"https:\\\/\\\/www.islamidavet.com\\\/azeri\\\/#website\",\"url\":\"https:\\\/\\\/www.islamidavet.com\\\/azeri\\\/\",\"name\":\"Azeri \\u0130sl\\u00e2mi Davet - Az\\u0259rbaycanca\",\"description\":\"Azeri \\u0130sl\\u00e2mi Davet - Az\\u0259rbaycanca\",\"inLanguage\":\"tr-TR\",\"publisher\":{\"@id\":\"https:\\\/\\\/www.islamidavet.com\\\/azeri\\\/#organization\"}}]}\n\t\t<\/script>\n\t\t<!-- All in One SEO -->\n\n","aioseo_head_json":{"title":"K\u00fcrd m\u00fcxalifl\u0259r \u0130stanbulda polisl\u0259 toqqu\u015fublar | Azeri \u0130sl\u00e2mi Davet - Az\u0259rbaycanca","description":"T\u00fcrkiy\u0259d\u0259 k\u00fcrd m\u00fcxalifl\u0259rd\u0259n y\u00fczl\u0259rl\u0259 n\u0259f\u0259r \u015f\u0259nb\u0259 g\u00fcn\u00fc gec\u0259 \u0130stanbulda aksiya ke\u00e7irib, iki etiraz\u00e7\u0131n\u0131n \u00f6ld\u00fcr\u00fclm\u0259sini pisl\u0259y\u0259r\u0259k, \u018frdo\u011fan d\u00f6vl\u0259tin\u0259 qar\u015f\u0131 \u015f\u00fcar veribdir. \u201cDo\u011fan\u201d x\u0259b\u0259r portal\u0131n\u0131n m\u0259lumat\u0131na g\u00f6r\u0259, \u0130stanbulun Taksim meydan\u0131na topla\u015fm\u0131\u015f aksiya\u00e7\u0131lar iki k\u00fcrd etiraz\u00e7\u0131n\u0131n \u00f6ld\u00fcr\u00fclm\u0259sini pisl\u0259yibl\u0259r. K\u00fcrd etiraz\u00e7\u0131larla polis q\u00fcvv\u0259l\u0259ri aras\u0131nda T\u00fcrkiy\u0259nin c\u0259nub-\u015f\u0259rqind\u0259ki \u201cY\u00fcks\u0259k Ova\u201d m\u0259nq\u0259sind\u0259 ba\u015f vermi\u015f qar\u015f\u0131durmada iki k\u00fcrd etiraz\u00e7\u0131 \u00f6ld\u00fcr\u00fcl\u00fcb. T\u00fcrkiy\u0259 d\u00f6vl\u0259ti \u0259leyhin\u0259","canonical_url":"https:\/\/www.islamidavet.com\/azeri\/kurd-muxalifl%c9%99r-istanbulda-polisl%c9%99-toqqusublar\/","robots":"max-image-preview:large","keywords":"","webmasterTools":{"miscellaneous":""},"schema":{"@context":"https:\/\/schema.org","@graph":[{"@type":"Article","@id":"https:\/\/www.islamidavet.com\/azeri\/kurd-muxalifl%c9%99r-istanbulda-polisl%c9%99-toqqusublar\/#article","name":"K\u00fcrd m\u00fcxalifl\u0259r \u0130stanbulda polisl\u0259 toqqu\u015fublar | Azeri \u0130sl\u00e2mi Davet - Az\u0259rbaycanca","headline":"K\u00fcrd m\u00fcxalifl\u0259r \u0130stanbulda polisl\u0259 toqqu\u015fublar","author":{"@id":"https:\/\/www.islamidavet.com\/azeri\/author\/admin\/#author"},"publisher":{"@id":"https:\/\/www.islamidavet.com\/azeri\/#organization"},"datePublished":"2013-12-08T09:23:54+05:00","dateModified":"2013-12-08T09:23:54+05:00","inLanguage":"tr-TR","mainEntityOfPage":{"@id":"https:\/\/www.islamidavet.com\/azeri\/kurd-muxalifl%c9%99r-istanbulda-polisl%c9%99-toqqusublar\/#webpage"},"isPartOf":{"@id":"https:\/\/www.islamidavet.com\/azeri\/kurd-muxalifl%c9%99r-istanbulda-polisl%c9%99-toqqusublar\/#webpage"},"articleSection":"T\u00fcrkiy\u0259, X\u018fB\u018fRL\u018fR, K\u00fcrd m\u00fcxalifl\u0259r \u0130stanbulda polisl\u0259 toqqu\u015fublar, m\u00fcxalifl\u0259r, T\u00fcrkiy\u0259, T\u00fcrkiy\u0259d\u0259 k\u00fcrd m\u00fcxalifl\u0259r"},{"@type":"BreadcrumbList","@id":"https:\/\/www.islamidavet.com\/azeri\/kurd-muxalifl%c9%99r-istanbulda-polisl%c9%99-toqqusublar\/#breadcrumblist","itemListElement":[{"@type":"ListItem","@id":"https:\/\/www.islamidavet.com\/azeri#listItem","position":1,"name":"Ev","item":"https:\/\/www.islamidavet.com\/azeri","nextItem":{"@type":"ListItem","@id":"https:\/\/www.islamidavet.com\/azeri\/x%c9%99b%c9%99rl%c9%99r\/#listItem","name":"X\u018fB\u018fRL\u018fR"}},{"@type":"ListItem","@id":"https:\/\/www.islamidavet.com\/azeri\/x%c9%99b%c9%99rl%c9%99r\/#listItem","position":2,"name":"X\u018fB\u018fRL\u018fR","item":"https:\/\/www.islamidavet.com\/azeri\/x%c9%99b%c9%99rl%c9%99r\/","nextItem":{"@type":"ListItem","@id":"https:\/\/www.islamidavet.com\/azeri\/x%c9%99b%c9%99rl%c9%99r\/turkiy%c9%99\/#listItem","name":"T\u00fcrkiy\u0259"},"previousItem":{"@type":"ListItem","@id":"https:\/\/www.islamidavet.com\/azeri#listItem","name":"Ev"}},{"@type":"ListItem","@id":"https:\/\/www.islamidavet.com\/azeri\/x%c9%99b%c9%99rl%c9%99r\/turkiy%c9%99\/#listItem","position":3,"name":"T\u00fcrkiy\u0259","item":"https:\/\/www.islamidavet.com\/azeri\/x%c9%99b%c9%99rl%c9%99r\/turkiy%c9%99\/","nextItem":{"@type":"ListItem","@id":"https:\/\/www.islamidavet.com\/azeri\/kurd-muxalifl%c9%99r-istanbulda-polisl%c9%99-toqqusublar\/#listItem","name":"K\u00fcrd m\u00fcxalifl\u0259r \u0130stanbulda polisl\u0259 toqqu\u015fublar"},"previousItem":{"@type":"ListItem","@id":"https:\/\/www.islamidavet.com\/azeri\/x%c9%99b%c9%99rl%c9%99r\/#listItem","name":"X\u018fB\u018fRL\u018fR"}},{"@type":"ListItem","@id":"https:\/\/www.islamidavet.com\/azeri\/kurd-muxalifl%c9%99r-istanbulda-polisl%c9%99-toqqusublar\/#listItem","position":4,"name":"K\u00fcrd m\u00fcxalifl\u0259r \u0130stanbulda polisl\u0259 toqqu\u015fublar","previousItem":{"@type":"ListItem","@id":"https:\/\/www.islamidavet.com\/azeri\/x%c9%99b%c9%99rl%c9%99r\/turkiy%c9%99\/#listItem","name":"T\u00fcrkiy\u0259"}}]},{"@type":"Organization","@id":"https:\/\/www.islamidavet.com\/azeri\/#organization","name":"Azeri \u0130sl\u00e2mi Davet - Az\u0259rbaycanca","description":"Azeri \u0130sl\u00e2mi Davet - Az\u0259rbaycanca","url":"https:\/\/www.islamidavet.com\/azeri\/"},{"@type":"Person","@id":"https:\/\/www.islamidavet.com\/azeri\/author\/admin\/#author","url":"https:\/\/www.islamidavet.com\/azeri\/author\/admin\/","name":"admin","image":{"@type":"ImageObject","@id":"https:\/\/www.islamidavet.com\/azeri\/kurd-muxalifl%c9%99r-istanbulda-polisl%c9%99-toqqusublar\/#authorImage","url":"https:\/\/secure.gravatar.com\/avatar\/c1d8483ec39fbbba55dfad1685bf961c55dfcb0620a6e6120073dcc7bed0ca6d?s=96&d=mm&r=g","width":96,"height":96,"caption":"admin"}},{"@type":"WebPage","@id":"https:\/\/www.islamidavet.com\/azeri\/kurd-muxalifl%c9%99r-istanbulda-polisl%c9%99-toqqusublar\/#webpage","url":"https:\/\/www.islamidavet.com\/azeri\/kurd-muxalifl%c9%99r-istanbulda-polisl%c9%99-toqqusublar\/","name":"K\u00fcrd m\u00fcxalifl\u0259r \u0130stanbulda polisl\u0259 toqqu\u015fublar | Azeri \u0130sl\u00e2mi Davet - Az\u0259rbaycanca","description":"T\u00fcrkiy\u0259d\u0259 k\u00fcrd m\u00fcxalifl\u0259rd\u0259n y\u00fczl\u0259rl\u0259 n\u0259f\u0259r \u015f\u0259nb\u0259 g\u00fcn\u00fc gec\u0259 \u0130stanbulda aksiya ke\u00e7irib, iki etiraz\u00e7\u0131n\u0131n \u00f6ld\u00fcr\u00fclm\u0259sini pisl\u0259y\u0259r\u0259k, \u018frdo\u011fan d\u00f6vl\u0259tin\u0259 qar\u015f\u0131 \u015f\u00fcar veribdir. \u201cDo\u011fan\u201d x\u0259b\u0259r portal\u0131n\u0131n m\u0259lumat\u0131na g\u00f6r\u0259, \u0130stanbulun Taksim meydan\u0131na topla\u015fm\u0131\u015f aksiya\u00e7\u0131lar iki k\u00fcrd etiraz\u00e7\u0131n\u0131n \u00f6ld\u00fcr\u00fclm\u0259sini pisl\u0259yibl\u0259r. K\u00fcrd etiraz\u00e7\u0131larla polis q\u00fcvv\u0259l\u0259ri aras\u0131nda T\u00fcrkiy\u0259nin c\u0259nub-\u015f\u0259rqind\u0259ki \u201cY\u00fcks\u0259k Ova\u201d m\u0259nq\u0259sind\u0259 ba\u015f vermi\u015f qar\u015f\u0131durmada iki k\u00fcrd etiraz\u00e7\u0131 \u00f6ld\u00fcr\u00fcl\u00fcb. T\u00fcrkiy\u0259 d\u00f6vl\u0259ti \u0259leyhin\u0259","inLanguage":"tr-TR","isPartOf":{"@id":"https:\/\/www.islamidavet.com\/azeri\/#website"},"breadcrumb":{"@id":"https:\/\/www.islamidavet.com\/azeri\/kurd-muxalifl%c9%99r-istanbulda-polisl%c9%99-toqqusublar\/#breadcrumblist"},"author":{"@id":"https:\/\/www.islamidavet.com\/azeri\/author\/admin\/#author"},"creator":{"@id":"https:\/\/www.islamidavet.com\/azeri\/author\/admin\/#author"},"datePublished":"2013-12-08T09:23:54+05:00","dateModified":"2013-12-08T09:23:54+05:00"},{"@type":"WebSite","@id":"https:\/\/www.islamidavet.com\/azeri\/#website","url":"https:\/\/www.islamidavet.com\/azeri\/","name":"Azeri \u0130sl\u00e2mi Davet - Az\u0259rbaycanca","description":"Azeri \u0130sl\u00e2mi Davet - Az\u0259rbaycanca","inLanguage":"tr-TR","publisher":{"@id":"https:\/\/www.islamidavet.com\/azeri\/#organization"}}]},"og:locale":"tr_TR","og:site_name":"Azeri \u0130sl\u00e2mi Davet - Az\u0259rbaycanca | Azeri \u0130sl\u00e2mi Davet - Az\u0259rbaycanca","og:type":"article","og:title":"K\u00fcrd m\u00fcxalifl\u0259r \u0130stanbulda polisl\u0259 toqqu\u015fublar | Azeri \u0130sl\u00e2mi Davet - Az\u0259rbaycanca","og:description":"T\u00fcrkiy\u0259d\u0259 k\u00fcrd m\u00fcxalifl\u0259rd\u0259n y\u00fczl\u0259rl\u0259 n\u0259f\u0259r \u015f\u0259nb\u0259 g\u00fcn\u00fc gec\u0259 \u0130stanbulda aksiya ke\u00e7irib, iki etiraz\u00e7\u0131n\u0131n \u00f6ld\u00fcr\u00fclm\u0259sini pisl\u0259y\u0259r\u0259k, \u018frdo\u011fan d\u00f6vl\u0259tin\u0259 qar\u015f\u0131 \u015f\u00fcar veribdir. \u201cDo\u011fan\u201d x\u0259b\u0259r portal\u0131n\u0131n m\u0259lumat\u0131na g\u00f6r\u0259, \u0130stanbulun Taksim meydan\u0131na topla\u015fm\u0131\u015f aksiya\u00e7\u0131lar iki k\u00fcrd etiraz\u00e7\u0131n\u0131n \u00f6ld\u00fcr\u00fclm\u0259sini pisl\u0259yibl\u0259r. K\u00fcrd etiraz\u00e7\u0131larla polis q\u00fcvv\u0259l\u0259ri aras\u0131nda T\u00fcrkiy\u0259nin c\u0259nub-\u015f\u0259rqind\u0259ki \u201cY\u00fcks\u0259k Ova\u201d m\u0259nq\u0259sind\u0259 ba\u015f vermi\u015f qar\u015f\u0131durmada iki k\u00fcrd etiraz\u00e7\u0131 \u00f6ld\u00fcr\u00fcl\u00fcb. T\u00fcrkiy\u0259 d\u00f6vl\u0259ti \u0259leyhin\u0259","og:url":"https:\/\/www.islamidavet.com\/azeri\/kurd-muxalifl%c9%99r-istanbulda-polisl%c9%99-toqqusublar\/","article:published_time":"2013-12-08T09:23:54+00:00","article:modified_time":"2013-12-08T09:23:54+00:00","twitter:card":"summary_large_image","twitter:title":"K\u00fcrd m\u00fcxalifl\u0259r \u0130stanbulda polisl\u0259 toqqu\u015fublar | Azeri \u0130sl\u00e2mi Davet - Az\u0259rbaycanca","twitter:description":"T\u00fcrkiy\u0259d\u0259 k\u00fcrd m\u00fcxalifl\u0259rd\u0259n y\u00fczl\u0259rl\u0259 n\u0259f\u0259r \u015f\u0259nb\u0259 g\u00fcn\u00fc gec\u0259 \u0130stanbulda aksiya ke\u00e7irib, iki etiraz\u00e7\u0131n\u0131n \u00f6ld\u00fcr\u00fclm\u0259sini pisl\u0259y\u0259r\u0259k, \u018frdo\u011fan d\u00f6vl\u0259tin\u0259 qar\u015f\u0131 \u015f\u00fcar veribdir. \u201cDo\u011fan\u201d x\u0259b\u0259r portal\u0131n\u0131n m\u0259lumat\u0131na g\u00f6r\u0259, \u0130stanbulun Taksim meydan\u0131na topla\u015fm\u0131\u015f aksiya\u00e7\u0131lar iki k\u00fcrd etiraz\u00e7\u0131n\u0131n \u00f6ld\u00fcr\u00fclm\u0259sini pisl\u0259yibl\u0259r. K\u00fcrd etiraz\u00e7\u0131larla polis q\u00fcvv\u0259l\u0259ri aras\u0131nda T\u00fcrkiy\u0259nin c\u0259nub-\u015f\u0259rqind\u0259ki \u201cY\u00fcks\u0259k Ova\u201d m\u0259nq\u0259sind\u0259 ba\u015f vermi\u015f qar\u015f\u0131durmada iki k\u00fcrd etiraz\u00e7\u0131 \u00f6ld\u00fcr\u00fcl\u00fcb. T\u00fcrkiy\u0259 d\u00f6vl\u0259ti \u0259leyhin\u0259"},"aioseo_meta_data":{"post_id":"17395","title":null,"description":null,"keywords":null,"keyphrases":null,"primary_term":null,"canonical_url":null,"og_title":null,"og_description":null,"og_object_type":"default","og_image_type":"default","og_image_url":null,"og_image_width":null,"og_image_height":null,"og_image_custom_url":null,"og_image_custom_fields":null,"og_video":null,"og_custom_url":null,"og_article_section":null,"og_article_tags":null,"twitter_use_og":false,"twitter_card":"default","twitter_image_type":"default","twitter_image_url":null,"twitter_image_custom_url":null,"twitter_image_custom_fields":null,"twitter_title":null,"twitter_description":null,"schema":{"blockGraphs":[],"customGraphs":[],"default":{"data":{"Article":[],"Course":[],"Dataset":[],"FAQPage":[],"Movie":[],"Person":[],"Product":[],"ProductReview":[],"Car":[],"Recipe":[],"Service":[],"SoftwareApplication":[],"WebPage":[]},"graphName":"","isEnabled":true},"graphs":[]},"schema_type":"default","schema_type_options":null,"pillar_content":false,"robots_default":true,"robots_noindex":false,"robots_noarchive":false,"robots_nosnippet":false,"robots_nofollow":false,"robots_noimageindex":false,"robots_noodp":false,"robots_notranslate":false,"robots_max_snippet":null,"robots_max_videopreview":null,"robots_max_imagepreview":"large","priority":null,"frequency":null,"local_seo":null,"breadcrumb_settings":null,"limit_modified_date":false,"ai":null,"created":"2024-07-21 21:21:42","updated":"2025-06-05 20:28:01","seo_analyzer_scan_date":null,"focus_keyword":null,"additional_keywords":null,"truseo_locale":null},"aioseo_breadcrumb":"<div class=\"aioseo-breadcrumbs\"><span class=\"aioseo-breadcrumb\">\n\t\t\t<a href=\"https:\/\/www.islamidavet.com\/azeri\" title=\"Ev\">Ev<\/a>\n\t\t<\/span><span class=\"aioseo-breadcrumb-separator\">&raquo;<\/span><span class=\"aioseo-breadcrumb\">\n\t\t\t<a href=\"https:\/\/www.islamidavet.com\/azeri\/x%c9%99b%c9%99rl%c9%99r\/\" title=\"X\u018fB\u018fRL\u018fR\">X\u018fB\u018fRL\u018fR<\/a>\n\t\t<\/span><span class=\"aioseo-breadcrumb-separator\">&raquo;<\/span><span class=\"aioseo-breadcrumb\">\n\t\t\t<a href=\"https:\/\/www.islamidavet.com\/azeri\/x%c9%99b%c9%99rl%c9%99r\/turkiy%c9%99\/\" title=\"T\u00fcrkiy\u0259\">T\u00fcrkiy\u0259<\/a>\n\t\t<\/span><span class=\"aioseo-breadcrumb-separator\">&raquo;<\/span><span class=\"aioseo-breadcrumb\">\n\t\t\tK\u00fcrd m\u00fcxalifl\u0259r \u0130stanbulda polisl\u0259 toqqu\u015fublar\n\t\t<\/span><\/div>","aioseo_breadcrumb_json":[{"label":"Ev","link":"https:\/\/www.islamidavet.com\/azeri"},{"label":"X\u018fB\u018fRL\u018fR","link":"https:\/\/www.islamidavet.com\/azeri\/x%c9%99b%c9%99rl%c9%99r\/"},{"label":"T\u00fcrkiy\u0259","link":"https:\/\/www.islamidavet.com\/azeri\/x%c9%99b%c9%99rl%c9%99r\/turkiy%c9%99\/"},{"label":"K\u00fcrd m\u00fcxalifl\u0259r \u0130stanbulda polisl\u0259 toqqu\u015fublar","link":"https:\/\/www.islamidavet.com\/azeri\/kurd-muxalifl%c9%99r-istanbulda-polisl%c9%99-toqqusublar\/"}],"amp_enabled":true,"_links":{"self":[{"href":"https:\/\/www.islamidavet.com\/azeri\/wp-json\/wp\/v2\/posts\/17395","targetHints":{"allow":["GET"]}}],"collection":[{"href":"https:\/\/www.islamidavet.com\/azeri\/wp-json\/wp\/v2\/posts"}],"about":[{"href":"https:\/\/www.islamidavet.com\/azeri\/wp-json\/wp\/v2\/types\/post"}],"author":[{"embeddable":true,"href":"https:\/\/www.islamidavet.com\/azeri\/wp-json\/wp\/v2\/users\/1"}],"replies":[{"embeddable":true,"href":"https:\/\/www.islamidavet.com\/azeri\/wp-json\/wp\/v2\/comments?post=17395"}],"version-history":[{"count":0,"href":"https:\/\/www.islamidavet.com\/azeri\/wp-json\/wp\/v2\/posts\/17395\/revisions"}],"wp:attachment":[{"href":"https:\/\/www.islamidavet.com\/azeri\/wp-json\/wp\/v2\/media?parent=17395"}],"wp:term":[{"taxonomy":"category","embeddable":true,"href":"https:\/\/www.islamidavet.com\/azeri\/wp-json\/wp\/v2\/categories?post=17395"},{"taxonomy":"post_tag","embeddable":true,"href":"https:\/\/www.islamidavet.com\/azeri\/wp-json\/wp\/v2\/tags?post=17395"}],"curies":[{"name":"wp","href":"https:\/\/api.w.org\/{rel}","templated":true}]}}