{"id":21760,"date":"2014-03-08T16:02:32","date_gmt":"2014-03-08T16:02:32","guid":{"rendered":"http:\/\/www.islamidavet.com\/azeri\/?p=21760"},"modified":"2014-03-08T16:02:32","modified_gmt":"2014-03-08T16:02:32","slug":"%c9%99r%c9%99bistanin-mus%c9%99lman-qardaslari-il%c9%99-%c9%99dav%c9%99ti-sidd%c9%99tl%c9%99nib","status":"publish","type":"post","link":"https:\/\/www.islamidavet.com\/azeri\/%c9%99r%c9%99bistanin-mus%c9%99lman-qardaslari-il%c9%99-%c9%99dav%c9%99ti-sidd%c9%99tl%c9%99nib\/","title":{"rendered":"\u018fr\u0259bistan\u0131n, \u201cM\u00fcs\u0259lman Qarda\u015flar\u0131\u201d il\u0259 \u0259dav\u0259ti \u015fidd\u0259tl\u0259nib"},"content":{"rendered":"<p>\u018fr\u0259bistan \u201cM\u00fcs\u0259lman Qarda\u015flar\u0131\u201d qrupunu terror\u00e7u qruplar siyah\u0131s\u0131na sal\u0131b.<\/p>\n<p>\u018fr\u0259bistan d\u00f6vl\u0259ti c\u00fcm\u0259 g\u00fcn\u00fc  bir b\u0259yanatda \u201cM\u00fcs\u0259lman Qarda\u015flar\u0131\u201d qrupu v\u0259 \u201c\u018fr\u0259bistan daxilind\u0259 Hizbullah\u201d qrupu daxil olmaqla b\u0259zi dig\u0259r qruplar\u0131 terror\u00e7u qruplar siyah\u0131s\u0131na sal\u0131b.<br \/>\nBu siyah\u0131 \u201c\u0130raq v\u0259 \u015eam \u0130slam D\u00f6vl\u0259ti\u201d v\u0259 Y\u0259m\u0259nd\u0259 \u201cHusil\u0259r\u201d v\u0259 \u201cCibh\u0259tunn\u0259sr\u201d qruplar\u0131 daxil olmaqla ba\u015fqa qruplara da \u015famil olur.<br \/>\nBu b\u0259yanatda h\u0259min qruplardan h\u0259r c\u00fcr as\u0131l\u0131l\u0131q, onlar\u0131 himay\u0259 v\u0259 ya onlara qo\u015fulmaq qada\u011fan edilibdir.<br \/>\n\u018fr\u0259bistan, Birl\u0259\u015fmi\u015f \u018fr\u0259b \u018fmirlikl\u0259ri v\u0259 B\u0259hreyn son zamanlar Q\u0259t\u0259rin \u201cM\u00fcs\u0259lman Qarda\u015flar\u0131\u201d qrupunu d\u0259st\u0259kl\u0259m\u0259sin\u0259 etiraz olaraq, \u00f6z s\u0259firl\u0259rini h\u0259min \u00f6lk\u0259d\u0259n geri \u00e7a\u011f\u0131raraq, iddia edibl\u0259r ki, \u00f6z t\u0259hl\u00fck\u0259sizlikl\u0259ri v\u0259 stabillikl\u0259rini himay\u0259 \u00fc\u00e7\u00fcn bu q\u0259rara g\u0259lm\u0259y\u0259 m\u0259cbur olublar.<\/p>\n","protected":false},"excerpt":{"rendered":"<p>\u018fr\u0259bistan \u201cM\u00fcs\u0259lman Qarda\u015flar\u0131\u201d qrupunu terror\u00e7u qruplar siyah\u0131s\u0131na sal\u0131b. \u018fr\u0259bistan d\u00f6vl\u0259ti c\u00fcm\u0259 g\u00fcn\u00fc bir b\u0259yanatda \u201cM\u00fcs\u0259lman Qarda\u015flar\u0131\u201d qrupu v\u0259 \u201c\u018fr\u0259bistan daxilind\u0259 Hizbullah\u201d qrupu daxil olmaqla b\u0259zi dig\u0259r qruplar\u0131 terror\u00e7u qruplar siyah\u0131s\u0131na sal\u0131b. Bu siyah\u0131 \u201c\u0130raq v\u0259 \u015eam \u0130slam D\u00f6vl\u0259ti\u201d v\u0259 Y\u0259m\u0259nd\u0259 \u201cHusil\u0259r\u201d v\u0259 \u201cCibh\u0259tunn\u0259sr\u201d qruplar\u0131 daxil olmaqla ba\u015fqa qruplara da \u015famil olur. Bu b\u0259yanatda h\u0259min qruplardan &hellip;<\/p>\n","protected":false},"author":1,"featured_media":0,"comment_status":"open","ping_status":"open","sticky":false,"template":"","format":"standard","meta":{"footnotes":""},"categories":[8,2],"tags":[15872,15873,420,15871,13037,24707,9480,7939,1297],"class_list":["post-21760","post","type-post","status-publish","format-standard","hentry","category-dunya","category-xbrlr","tag-muslman-qardaslari-il-davti-siddtlnib","tag-muslman-qardaslari-qrupunu-terrorcu-qruplar","tag-rbistan","tag-rbistan-dovlti","tag-rbistanin","tag-iraq","tag-islam-dovlti","tag-muslman-qardaslar","tag-sam"],"aioseo_notices":[],"aioseo_head":"\n\t\t<!-- All in One SEO 5.0.1.1 - aioseo.com -->\n\t<meta name=\"description\" content=\"\u018fr\u0259bistan \u201cM\u00fcs\u0259lman Qarda\u015flar\u0131\u201d qrupunu terror\u00e7u qruplar siyah\u0131s\u0131na sal\u0131b. \u018fr\u0259bistan d\u00f6vl\u0259ti c\u00fcm\u0259 g\u00fcn\u00fc bir b\u0259yanatda \u201cM\u00fcs\u0259lman Qarda\u015flar\u0131\u201d qrupu v\u0259 \u201c\u018fr\u0259bistan daxilind\u0259 Hizbullah\u201d qrupu daxil olmaqla b\u0259zi dig\u0259r qruplar\u0131 terror\u00e7u qruplar siyah\u0131s\u0131na sal\u0131b. Bu siyah\u0131 \u201c\u0130raq v\u0259 \u015eam \u0130slam D\u00f6vl\u0259ti\u201d v\u0259 Y\u0259m\u0259nd\u0259 \u201cHusil\u0259r\u201d v\u0259 \u201cCibh\u0259tunn\u0259sr\u201d qruplar\u0131 daxil olmaqla ba\u015fqa qruplara da \u015famil olur. Bu b\u0259yanatda h\u0259min qruplardan\" \/>\n\t<meta name=\"robots\" content=\"max-image-preview:large\" \/>\n\t<meta name=\"author\" content=\"admin\"\/>\n\t<link rel=\"canonical\" href=\"https:\/\/www.islamidavet.com\/azeri\/%c9%99r%c9%99bistanin-mus%c9%99lman-qardaslari-il%c9%99-%c9%99dav%c9%99ti-sidd%c9%99tl%c9%99nib\/\" \/>\n\t<meta name=\"generator\" content=\"All in One SEO (AIOSEO) 5.0.1.1\" \/>\n\t\t<meta property=\"og:locale\" content=\"tr_TR\" \/>\n\t\t<meta property=\"og:site_name\" content=\"Azeri \u0130sl\u00e2mi Davet - Az\u0259rbaycanca | Azeri \u0130sl\u00e2mi Davet - Az\u0259rbaycanca\" \/>\n\t\t<meta property=\"og:type\" content=\"article\" \/>\n\t\t<meta property=\"og:title\" content=\"\u018fr\u0259bistan\u0131n, \u201cM\u00fcs\u0259lman Qarda\u015flar\u0131\u201d il\u0259 \u0259dav\u0259ti \u015fidd\u0259tl\u0259nib | Azeri \u0130sl\u00e2mi Davet - Az\u0259rbaycanca\" \/>\n\t\t<meta property=\"og:description\" content=\"\u018fr\u0259bistan \u201cM\u00fcs\u0259lman Qarda\u015flar\u0131\u201d qrupunu terror\u00e7u qruplar siyah\u0131s\u0131na sal\u0131b. \u018fr\u0259bistan d\u00f6vl\u0259ti c\u00fcm\u0259 g\u00fcn\u00fc bir b\u0259yanatda \u201cM\u00fcs\u0259lman Qarda\u015flar\u0131\u201d qrupu v\u0259 \u201c\u018fr\u0259bistan daxilind\u0259 Hizbullah\u201d qrupu daxil olmaqla b\u0259zi dig\u0259r qruplar\u0131 terror\u00e7u qruplar siyah\u0131s\u0131na sal\u0131b. Bu siyah\u0131 \u201c\u0130raq v\u0259 \u015eam \u0130slam D\u00f6vl\u0259ti\u201d v\u0259 Y\u0259m\u0259nd\u0259 \u201cHusil\u0259r\u201d v\u0259 \u201cCibh\u0259tunn\u0259sr\u201d qruplar\u0131 daxil olmaqla ba\u015fqa qruplara da \u015famil olur. Bu b\u0259yanatda h\u0259min qruplardan\" \/>\n\t\t<meta property=\"og:url\" content=\"https:\/\/www.islamidavet.com\/azeri\/%c9%99r%c9%99bistanin-mus%c9%99lman-qardaslari-il%c9%99-%c9%99dav%c9%99ti-sidd%c9%99tl%c9%99nib\/\" \/>\n\t\t<meta property=\"article:published_time\" content=\"2014-03-08T16:02:32+00:00\" \/>\n\t\t<meta property=\"article:modified_time\" content=\"2014-03-08T16:02:32+00:00\" \/>\n\t\t<meta name=\"twitter:card\" content=\"summary_large_image\" \/>\n\t\t<meta name=\"twitter:title\" content=\"\u018fr\u0259bistan\u0131n, \u201cM\u00fcs\u0259lman Qarda\u015flar\u0131\u201d il\u0259 \u0259dav\u0259ti \u015fidd\u0259tl\u0259nib | Azeri \u0130sl\u00e2mi Davet - Az\u0259rbaycanca\" \/>\n\t\t<meta name=\"twitter:description\" content=\"\u018fr\u0259bistan \u201cM\u00fcs\u0259lman Qarda\u015flar\u0131\u201d qrupunu terror\u00e7u qruplar siyah\u0131s\u0131na sal\u0131b. \u018fr\u0259bistan d\u00f6vl\u0259ti c\u00fcm\u0259 g\u00fcn\u00fc bir b\u0259yanatda \u201cM\u00fcs\u0259lman Qarda\u015flar\u0131\u201d qrupu v\u0259 \u201c\u018fr\u0259bistan daxilind\u0259 Hizbullah\u201d qrupu daxil olmaqla b\u0259zi dig\u0259r qruplar\u0131 terror\u00e7u qruplar siyah\u0131s\u0131na sal\u0131b. Bu siyah\u0131 \u201c\u0130raq v\u0259 \u015eam \u0130slam D\u00f6vl\u0259ti\u201d v\u0259 Y\u0259m\u0259nd\u0259 \u201cHusil\u0259r\u201d v\u0259 \u201cCibh\u0259tunn\u0259sr\u201d qruplar\u0131 daxil olmaqla ba\u015fqa qruplara da \u015famil olur. Bu b\u0259yanatda h\u0259min qruplardan\" \/>\n\t\t<script type=\"application\/ld+json\" class=\"aioseo-schema\">\n\t\t\t{\"@context\":\"https:\\\/\\\/schema.org\",\"@graph\":[{\"@type\":\"Article\",\"@id\":\"https:\\\/\\\/www.islamidavet.com\\\/azeri\\\/%c9%99r%c9%99bistanin-mus%c9%99lman-qardaslari-il%c9%99-%c9%99dav%c9%99ti-sidd%c9%99tl%c9%99nib\\\/#article\",\"name\":\"\\u018fr\\u0259bistan\\u0131n, \\u201cM\\u00fcs\\u0259lman Qarda\\u015flar\\u0131\\u201d il\\u0259 \\u0259dav\\u0259ti \\u015fidd\\u0259tl\\u0259nib | Azeri \\u0130sl\\u00e2mi Davet - Az\\u0259rbaycanca\",\"headline\":\"\\u018fr\\u0259bistan\\u0131n, \\u201cM\\u00fcs\\u0259lman Qarda\\u015flar\\u0131\\u201d il\\u0259 \\u0259dav\\u0259ti \\u015fidd\\u0259tl\\u0259nib\",\"author\":{\"@id\":\"https:\\\/\\\/www.islamidavet.com\\\/azeri\\\/author\\\/admin\\\/#author\"},\"publisher\":{\"@id\":\"https:\\\/\\\/www.islamidavet.com\\\/azeri\\\/#organization\"},\"datePublished\":\"2014-03-08T16:02:32+05:00\",\"dateModified\":\"2014-03-08T16:02:32+05:00\",\"inLanguage\":\"tr-TR\",\"mainEntityOfPage\":{\"@id\":\"https:\\\/\\\/www.islamidavet.com\\\/azeri\\\/%c9%99r%c9%99bistanin-mus%c9%99lman-qardaslari-il%c9%99-%c9%99dav%c9%99ti-sidd%c9%99tl%c9%99nib\\\/#webpage\"},\"isPartOf\":{\"@id\":\"https:\\\/\\\/www.islamidavet.com\\\/azeri\\\/%c9%99r%c9%99bistanin-mus%c9%99lman-qardaslari-il%c9%99-%c9%99dav%c9%99ti-sidd%c9%99tl%c9%99nib\\\/#webpage\"},\"articleSection\":\"D\\u00fcnya, X\\u018fB\\u018fRL\\u018fR, \\u201cM\\u00fcs\\u0259lman Qarda\\u015flar\\u0131\\u201d il\\u0259 \\u0259dav\\u0259ti \\u015fidd\\u0259tl\\u0259nib, \\u201cM\\u00fcs\\u0259lman Qarda\\u015flar\\u0131\\u201d qrupunu terror\\u00e7u qruplar, \\u018fr\\u0259bistan, \\u018fr\\u0259bistan d\\u00f6vl\\u0259ti, \\u018fr\\u0259bistan\\u0131n, \\u0130raq, \\u0130slam D\\u00f6vl\\u0259ti, M\\u00fcs\\u0259lman Qarda\\u015flar, \\u015eam\"},{\"@type\":\"BreadcrumbList\",\"@id\":\"https:\\\/\\\/www.islamidavet.com\\\/azeri\\\/%c9%99r%c9%99bistanin-mus%c9%99lman-qardaslari-il%c9%99-%c9%99dav%c9%99ti-sidd%c9%99tl%c9%99nib\\\/#breadcrumblist\",\"itemListElement\":[{\"@type\":\"ListItem\",\"@id\":\"https:\\\/\\\/www.islamidavet.com\\\/azeri#listItem\",\"position\":1,\"name\":\"Ev\",\"item\":\"https:\\\/\\\/www.islamidavet.com\\\/azeri\",\"nextItem\":{\"@type\":\"ListItem\",\"@id\":\"https:\\\/\\\/www.islamidavet.com\\\/azeri\\\/x%c9%99b%c9%99rl%c9%99r\\\/#listItem\",\"name\":\"X\\u018fB\\u018fRL\\u018fR\"}},{\"@type\":\"ListItem\",\"@id\":\"https:\\\/\\\/www.islamidavet.com\\\/azeri\\\/x%c9%99b%c9%99rl%c9%99r\\\/#listItem\",\"position\":2,\"name\":\"X\\u018fB\\u018fRL\\u018fR\",\"item\":\"https:\\\/\\\/www.islamidavet.com\\\/azeri\\\/x%c9%99b%c9%99rl%c9%99r\\\/\",\"nextItem\":{\"@type\":\"ListItem\",\"@id\":\"https:\\\/\\\/www.islamidavet.com\\\/azeri\\\/x%c9%99b%c9%99rl%c9%99r\\\/dunya\\\/#listItem\",\"name\":\"D\\u00fcnya\"},\"previousItem\":{\"@type\":\"ListItem\",\"@id\":\"https:\\\/\\\/www.islamidavet.com\\\/azeri#listItem\",\"name\":\"Ev\"}},{\"@type\":\"ListItem\",\"@id\":\"https:\\\/\\\/www.islamidavet.com\\\/azeri\\\/x%c9%99b%c9%99rl%c9%99r\\\/dunya\\\/#listItem\",\"position\":3,\"name\":\"D\\u00fcnya\",\"item\":\"https:\\\/\\\/www.islamidavet.com\\\/azeri\\\/x%c9%99b%c9%99rl%c9%99r\\\/dunya\\\/\",\"nextItem\":{\"@type\":\"ListItem\",\"@id\":\"https:\\\/\\\/www.islamidavet.com\\\/azeri\\\/%c9%99r%c9%99bistanin-mus%c9%99lman-qardaslari-il%c9%99-%c9%99dav%c9%99ti-sidd%c9%99tl%c9%99nib\\\/#listItem\",\"name\":\"\\u018fr\\u0259bistan\\u0131n, \\u201cM\\u00fcs\\u0259lman Qarda\\u015flar\\u0131\\u201d il\\u0259 \\u0259dav\\u0259ti \\u015fidd\\u0259tl\\u0259nib\"},\"previousItem\":{\"@type\":\"ListItem\",\"@id\":\"https:\\\/\\\/www.islamidavet.com\\\/azeri\\\/x%c9%99b%c9%99rl%c9%99r\\\/#listItem\",\"name\":\"X\\u018fB\\u018fRL\\u018fR\"}},{\"@type\":\"ListItem\",\"@id\":\"https:\\\/\\\/www.islamidavet.com\\\/azeri\\\/%c9%99r%c9%99bistanin-mus%c9%99lman-qardaslari-il%c9%99-%c9%99dav%c9%99ti-sidd%c9%99tl%c9%99nib\\\/#listItem\",\"position\":4,\"name\":\"\\u018fr\\u0259bistan\\u0131n, \\u201cM\\u00fcs\\u0259lman Qarda\\u015flar\\u0131\\u201d il\\u0259 \\u0259dav\\u0259ti \\u015fidd\\u0259tl\\u0259nib\",\"previousItem\":{\"@type\":\"ListItem\",\"@id\":\"https:\\\/\\\/www.islamidavet.com\\\/azeri\\\/x%c9%99b%c9%99rl%c9%99r\\\/dunya\\\/#listItem\",\"name\":\"D\\u00fcnya\"}}]},{\"@type\":\"Organization\",\"@id\":\"https:\\\/\\\/www.islamidavet.com\\\/azeri\\\/#organization\",\"name\":\"Azeri \\u0130sl\\u00e2mi Davet - Az\\u0259rbaycanca\",\"description\":\"Azeri \\u0130sl\\u00e2mi Davet - Az\\u0259rbaycanca\",\"url\":\"https:\\\/\\\/www.islamidavet.com\\\/azeri\\\/\"},{\"@type\":\"Person\",\"@id\":\"https:\\\/\\\/www.islamidavet.com\\\/azeri\\\/author\\\/admin\\\/#author\",\"url\":\"https:\\\/\\\/www.islamidavet.com\\\/azeri\\\/author\\\/admin\\\/\",\"name\":\"admin\",\"image\":{\"@type\":\"ImageObject\",\"@id\":\"https:\\\/\\\/www.islamidavet.com\\\/azeri\\\/%c9%99r%c9%99bistanin-mus%c9%99lman-qardaslari-il%c9%99-%c9%99dav%c9%99ti-sidd%c9%99tl%c9%99nib\\\/#authorImage\",\"url\":\"https:\\\/\\\/secure.gravatar.com\\\/avatar\\\/c1d8483ec39fbbba55dfad1685bf961c55dfcb0620a6e6120073dcc7bed0ca6d?s=96&d=mm&r=g\",\"width\":96,\"height\":96,\"caption\":\"admin\"}},{\"@type\":\"WebPage\",\"@id\":\"https:\\\/\\\/www.islamidavet.com\\\/azeri\\\/%c9%99r%c9%99bistanin-mus%c9%99lman-qardaslari-il%c9%99-%c9%99dav%c9%99ti-sidd%c9%99tl%c9%99nib\\\/#webpage\",\"url\":\"https:\\\/\\\/www.islamidavet.com\\\/azeri\\\/%c9%99r%c9%99bistanin-mus%c9%99lman-qardaslari-il%c9%99-%c9%99dav%c9%99ti-sidd%c9%99tl%c9%99nib\\\/\",\"name\":\"\\u018fr\\u0259bistan\\u0131n, \\u201cM\\u00fcs\\u0259lman Qarda\\u015flar\\u0131\\u201d il\\u0259 \\u0259dav\\u0259ti \\u015fidd\\u0259tl\\u0259nib | Azeri \\u0130sl\\u00e2mi Davet - Az\\u0259rbaycanca\",\"description\":\"\\u018fr\\u0259bistan \\u201cM\\u00fcs\\u0259lman Qarda\\u015flar\\u0131\\u201d qrupunu terror\\u00e7u qruplar siyah\\u0131s\\u0131na sal\\u0131b. \\u018fr\\u0259bistan d\\u00f6vl\\u0259ti c\\u00fcm\\u0259 g\\u00fcn\\u00fc bir b\\u0259yanatda \\u201cM\\u00fcs\\u0259lman Qarda\\u015flar\\u0131\\u201d qrupu v\\u0259 \\u201c\\u018fr\\u0259bistan daxilind\\u0259 Hizbullah\\u201d qrupu daxil olmaqla b\\u0259zi dig\\u0259r qruplar\\u0131 terror\\u00e7u qruplar siyah\\u0131s\\u0131na sal\\u0131b. Bu siyah\\u0131 \\u201c\\u0130raq v\\u0259 \\u015eam \\u0130slam D\\u00f6vl\\u0259ti\\u201d v\\u0259 Y\\u0259m\\u0259nd\\u0259 \\u201cHusil\\u0259r\\u201d v\\u0259 \\u201cCibh\\u0259tunn\\u0259sr\\u201d qruplar\\u0131 daxil olmaqla ba\\u015fqa qruplara da \\u015famil olur. Bu b\\u0259yanatda h\\u0259min qruplardan\",\"inLanguage\":\"tr-TR\",\"isPartOf\":{\"@id\":\"https:\\\/\\\/www.islamidavet.com\\\/azeri\\\/#website\"},\"breadcrumb\":{\"@id\":\"https:\\\/\\\/www.islamidavet.com\\\/azeri\\\/%c9%99r%c9%99bistanin-mus%c9%99lman-qardaslari-il%c9%99-%c9%99dav%c9%99ti-sidd%c9%99tl%c9%99nib\\\/#breadcrumblist\"},\"author\":{\"@id\":\"https:\\\/\\\/www.islamidavet.com\\\/azeri\\\/author\\\/admin\\\/#author\"},\"creator\":{\"@id\":\"https:\\\/\\\/www.islamidavet.com\\\/azeri\\\/author\\\/admin\\\/#author\"},\"datePublished\":\"2014-03-08T16:02:32+05:00\",\"dateModified\":\"2014-03-08T16:02:32+05:00\"},{\"@type\":\"WebSite\",\"@id\":\"https:\\\/\\\/www.islamidavet.com\\\/azeri\\\/#website\",\"url\":\"https:\\\/\\\/www.islamidavet.com\\\/azeri\\\/\",\"name\":\"Azeri \\u0130sl\\u00e2mi Davet - Az\\u0259rbaycanca\",\"description\":\"Azeri \\u0130sl\\u00e2mi Davet - Az\\u0259rbaycanca\",\"inLanguage\":\"tr-TR\",\"publisher\":{\"@id\":\"https:\\\/\\\/www.islamidavet.com\\\/azeri\\\/#organization\"}}]}\n\t\t<\/script>\n\t\t<!-- All in One SEO -->\n\n","aioseo_head_json":{"title":"\u018fr\u0259bistan\u0131n, \u201cM\u00fcs\u0259lman Qarda\u015flar\u0131\u201d il\u0259 \u0259dav\u0259ti \u015fidd\u0259tl\u0259nib | Azeri \u0130sl\u00e2mi Davet - Az\u0259rbaycanca","description":"\u018fr\u0259bistan \u201cM\u00fcs\u0259lman Qarda\u015flar\u0131\u201d qrupunu terror\u00e7u qruplar siyah\u0131s\u0131na sal\u0131b. \u018fr\u0259bistan d\u00f6vl\u0259ti c\u00fcm\u0259 g\u00fcn\u00fc bir b\u0259yanatda \u201cM\u00fcs\u0259lman Qarda\u015flar\u0131\u201d qrupu v\u0259 \u201c\u018fr\u0259bistan daxilind\u0259 Hizbullah\u201d qrupu daxil olmaqla b\u0259zi dig\u0259r qruplar\u0131 terror\u00e7u qruplar siyah\u0131s\u0131na sal\u0131b. Bu siyah\u0131 \u201c\u0130raq v\u0259 \u015eam \u0130slam D\u00f6vl\u0259ti\u201d v\u0259 Y\u0259m\u0259nd\u0259 \u201cHusil\u0259r\u201d v\u0259 \u201cCibh\u0259tunn\u0259sr\u201d qruplar\u0131 daxil olmaqla ba\u015fqa qruplara da \u015famil olur. Bu b\u0259yanatda h\u0259min qruplardan","canonical_url":"https:\/\/www.islamidavet.com\/azeri\/%c9%99r%c9%99bistanin-mus%c9%99lman-qardaslari-il%c9%99-%c9%99dav%c9%99ti-sidd%c9%99tl%c9%99nib\/","robots":"max-image-preview:large","keywords":"","webmasterTools":{"miscellaneous":""},"schema":{"@context":"https:\/\/schema.org","@graph":[{"@type":"Article","@id":"https:\/\/www.islamidavet.com\/azeri\/%c9%99r%c9%99bistanin-mus%c9%99lman-qardaslari-il%c9%99-%c9%99dav%c9%99ti-sidd%c9%99tl%c9%99nib\/#article","name":"\u018fr\u0259bistan\u0131n, \u201cM\u00fcs\u0259lman Qarda\u015flar\u0131\u201d il\u0259 \u0259dav\u0259ti \u015fidd\u0259tl\u0259nib | Azeri \u0130sl\u00e2mi Davet - Az\u0259rbaycanca","headline":"\u018fr\u0259bistan\u0131n, \u201cM\u00fcs\u0259lman Qarda\u015flar\u0131\u201d il\u0259 \u0259dav\u0259ti \u015fidd\u0259tl\u0259nib","author":{"@id":"https:\/\/www.islamidavet.com\/azeri\/author\/admin\/#author"},"publisher":{"@id":"https:\/\/www.islamidavet.com\/azeri\/#organization"},"datePublished":"2014-03-08T16:02:32+05:00","dateModified":"2014-03-08T16:02:32+05:00","inLanguage":"tr-TR","mainEntityOfPage":{"@id":"https:\/\/www.islamidavet.com\/azeri\/%c9%99r%c9%99bistanin-mus%c9%99lman-qardaslari-il%c9%99-%c9%99dav%c9%99ti-sidd%c9%99tl%c9%99nib\/#webpage"},"isPartOf":{"@id":"https:\/\/www.islamidavet.com\/azeri\/%c9%99r%c9%99bistanin-mus%c9%99lman-qardaslari-il%c9%99-%c9%99dav%c9%99ti-sidd%c9%99tl%c9%99nib\/#webpage"},"articleSection":"D\u00fcnya, X\u018fB\u018fRL\u018fR, \u201cM\u00fcs\u0259lman Qarda\u015flar\u0131\u201d il\u0259 \u0259dav\u0259ti \u015fidd\u0259tl\u0259nib, \u201cM\u00fcs\u0259lman Qarda\u015flar\u0131\u201d qrupunu terror\u00e7u qruplar, \u018fr\u0259bistan, \u018fr\u0259bistan d\u00f6vl\u0259ti, \u018fr\u0259bistan\u0131n, \u0130raq, \u0130slam D\u00f6vl\u0259ti, M\u00fcs\u0259lman Qarda\u015flar, \u015eam"},{"@type":"BreadcrumbList","@id":"https:\/\/www.islamidavet.com\/azeri\/%c9%99r%c9%99bistanin-mus%c9%99lman-qardaslari-il%c9%99-%c9%99dav%c9%99ti-sidd%c9%99tl%c9%99nib\/#breadcrumblist","itemListElement":[{"@type":"ListItem","@id":"https:\/\/www.islamidavet.com\/azeri#listItem","position":1,"name":"Ev","item":"https:\/\/www.islamidavet.com\/azeri","nextItem":{"@type":"ListItem","@id":"https:\/\/www.islamidavet.com\/azeri\/x%c9%99b%c9%99rl%c9%99r\/#listItem","name":"X\u018fB\u018fRL\u018fR"}},{"@type":"ListItem","@id":"https:\/\/www.islamidavet.com\/azeri\/x%c9%99b%c9%99rl%c9%99r\/#listItem","position":2,"name":"X\u018fB\u018fRL\u018fR","item":"https:\/\/www.islamidavet.com\/azeri\/x%c9%99b%c9%99rl%c9%99r\/","nextItem":{"@type":"ListItem","@id":"https:\/\/www.islamidavet.com\/azeri\/x%c9%99b%c9%99rl%c9%99r\/dunya\/#listItem","name":"D\u00fcnya"},"previousItem":{"@type":"ListItem","@id":"https:\/\/www.islamidavet.com\/azeri#listItem","name":"Ev"}},{"@type":"ListItem","@id":"https:\/\/www.islamidavet.com\/azeri\/x%c9%99b%c9%99rl%c9%99r\/dunya\/#listItem","position":3,"name":"D\u00fcnya","item":"https:\/\/www.islamidavet.com\/azeri\/x%c9%99b%c9%99rl%c9%99r\/dunya\/","nextItem":{"@type":"ListItem","@id":"https:\/\/www.islamidavet.com\/azeri\/%c9%99r%c9%99bistanin-mus%c9%99lman-qardaslari-il%c9%99-%c9%99dav%c9%99ti-sidd%c9%99tl%c9%99nib\/#listItem","name":"\u018fr\u0259bistan\u0131n, \u201cM\u00fcs\u0259lman Qarda\u015flar\u0131\u201d il\u0259 \u0259dav\u0259ti \u015fidd\u0259tl\u0259nib"},"previousItem":{"@type":"ListItem","@id":"https:\/\/www.islamidavet.com\/azeri\/x%c9%99b%c9%99rl%c9%99r\/#listItem","name":"X\u018fB\u018fRL\u018fR"}},{"@type":"ListItem","@id":"https:\/\/www.islamidavet.com\/azeri\/%c9%99r%c9%99bistanin-mus%c9%99lman-qardaslari-il%c9%99-%c9%99dav%c9%99ti-sidd%c9%99tl%c9%99nib\/#listItem","position":4,"name":"\u018fr\u0259bistan\u0131n, \u201cM\u00fcs\u0259lman Qarda\u015flar\u0131\u201d il\u0259 \u0259dav\u0259ti \u015fidd\u0259tl\u0259nib","previousItem":{"@type":"ListItem","@id":"https:\/\/www.islamidavet.com\/azeri\/x%c9%99b%c9%99rl%c9%99r\/dunya\/#listItem","name":"D\u00fcnya"}}]},{"@type":"Organization","@id":"https:\/\/www.islamidavet.com\/azeri\/#organization","name":"Azeri \u0130sl\u00e2mi Davet - Az\u0259rbaycanca","description":"Azeri \u0130sl\u00e2mi Davet - Az\u0259rbaycanca","url":"https:\/\/www.islamidavet.com\/azeri\/"},{"@type":"Person","@id":"https:\/\/www.islamidavet.com\/azeri\/author\/admin\/#author","url":"https:\/\/www.islamidavet.com\/azeri\/author\/admin\/","name":"admin","image":{"@type":"ImageObject","@id":"https:\/\/www.islamidavet.com\/azeri\/%c9%99r%c9%99bistanin-mus%c9%99lman-qardaslari-il%c9%99-%c9%99dav%c9%99ti-sidd%c9%99tl%c9%99nib\/#authorImage","url":"https:\/\/secure.gravatar.com\/avatar\/c1d8483ec39fbbba55dfad1685bf961c55dfcb0620a6e6120073dcc7bed0ca6d?s=96&d=mm&r=g","width":96,"height":96,"caption":"admin"}},{"@type":"WebPage","@id":"https:\/\/www.islamidavet.com\/azeri\/%c9%99r%c9%99bistanin-mus%c9%99lman-qardaslari-il%c9%99-%c9%99dav%c9%99ti-sidd%c9%99tl%c9%99nib\/#webpage","url":"https:\/\/www.islamidavet.com\/azeri\/%c9%99r%c9%99bistanin-mus%c9%99lman-qardaslari-il%c9%99-%c9%99dav%c9%99ti-sidd%c9%99tl%c9%99nib\/","name":"\u018fr\u0259bistan\u0131n, \u201cM\u00fcs\u0259lman Qarda\u015flar\u0131\u201d il\u0259 \u0259dav\u0259ti \u015fidd\u0259tl\u0259nib | Azeri \u0130sl\u00e2mi Davet - Az\u0259rbaycanca","description":"\u018fr\u0259bistan \u201cM\u00fcs\u0259lman Qarda\u015flar\u0131\u201d qrupunu terror\u00e7u qruplar siyah\u0131s\u0131na sal\u0131b. \u018fr\u0259bistan d\u00f6vl\u0259ti c\u00fcm\u0259 g\u00fcn\u00fc bir b\u0259yanatda \u201cM\u00fcs\u0259lman Qarda\u015flar\u0131\u201d qrupu v\u0259 \u201c\u018fr\u0259bistan daxilind\u0259 Hizbullah\u201d qrupu daxil olmaqla b\u0259zi dig\u0259r qruplar\u0131 terror\u00e7u qruplar siyah\u0131s\u0131na sal\u0131b. Bu siyah\u0131 \u201c\u0130raq v\u0259 \u015eam \u0130slam D\u00f6vl\u0259ti\u201d v\u0259 Y\u0259m\u0259nd\u0259 \u201cHusil\u0259r\u201d v\u0259 \u201cCibh\u0259tunn\u0259sr\u201d qruplar\u0131 daxil olmaqla ba\u015fqa qruplara da \u015famil olur. Bu b\u0259yanatda h\u0259min qruplardan","inLanguage":"tr-TR","isPartOf":{"@id":"https:\/\/www.islamidavet.com\/azeri\/#website"},"breadcrumb":{"@id":"https:\/\/www.islamidavet.com\/azeri\/%c9%99r%c9%99bistanin-mus%c9%99lman-qardaslari-il%c9%99-%c9%99dav%c9%99ti-sidd%c9%99tl%c9%99nib\/#breadcrumblist"},"author":{"@id":"https:\/\/www.islamidavet.com\/azeri\/author\/admin\/#author"},"creator":{"@id":"https:\/\/www.islamidavet.com\/azeri\/author\/admin\/#author"},"datePublished":"2014-03-08T16:02:32+05:00","dateModified":"2014-03-08T16:02:32+05:00"},{"@type":"WebSite","@id":"https:\/\/www.islamidavet.com\/azeri\/#website","url":"https:\/\/www.islamidavet.com\/azeri\/","name":"Azeri \u0130sl\u00e2mi Davet - Az\u0259rbaycanca","description":"Azeri \u0130sl\u00e2mi Davet - Az\u0259rbaycanca","inLanguage":"tr-TR","publisher":{"@id":"https:\/\/www.islamidavet.com\/azeri\/#organization"}}]},"og:locale":"tr_TR","og:site_name":"Azeri \u0130sl\u00e2mi Davet - Az\u0259rbaycanca | Azeri \u0130sl\u00e2mi Davet - Az\u0259rbaycanca","og:type":"article","og:title":"\u018fr\u0259bistan\u0131n, \u201cM\u00fcs\u0259lman Qarda\u015flar\u0131\u201d il\u0259 \u0259dav\u0259ti \u015fidd\u0259tl\u0259nib | Azeri \u0130sl\u00e2mi Davet - Az\u0259rbaycanca","og:description":"\u018fr\u0259bistan \u201cM\u00fcs\u0259lman Qarda\u015flar\u0131\u201d qrupunu terror\u00e7u qruplar siyah\u0131s\u0131na sal\u0131b. \u018fr\u0259bistan d\u00f6vl\u0259ti c\u00fcm\u0259 g\u00fcn\u00fc bir b\u0259yanatda \u201cM\u00fcs\u0259lman Qarda\u015flar\u0131\u201d qrupu v\u0259 \u201c\u018fr\u0259bistan daxilind\u0259 Hizbullah\u201d qrupu daxil olmaqla b\u0259zi dig\u0259r qruplar\u0131 terror\u00e7u qruplar siyah\u0131s\u0131na sal\u0131b. Bu siyah\u0131 \u201c\u0130raq v\u0259 \u015eam \u0130slam D\u00f6vl\u0259ti\u201d v\u0259 Y\u0259m\u0259nd\u0259 \u201cHusil\u0259r\u201d v\u0259 \u201cCibh\u0259tunn\u0259sr\u201d qruplar\u0131 daxil olmaqla ba\u015fqa qruplara da \u015famil olur. Bu b\u0259yanatda h\u0259min qruplardan","og:url":"https:\/\/www.islamidavet.com\/azeri\/%c9%99r%c9%99bistanin-mus%c9%99lman-qardaslari-il%c9%99-%c9%99dav%c9%99ti-sidd%c9%99tl%c9%99nib\/","article:published_time":"2014-03-08T16:02:32+00:00","article:modified_time":"2014-03-08T16:02:32+00:00","twitter:card":"summary_large_image","twitter:title":"\u018fr\u0259bistan\u0131n, \u201cM\u00fcs\u0259lman Qarda\u015flar\u0131\u201d il\u0259 \u0259dav\u0259ti \u015fidd\u0259tl\u0259nib | Azeri \u0130sl\u00e2mi Davet - Az\u0259rbaycanca","twitter:description":"\u018fr\u0259bistan \u201cM\u00fcs\u0259lman Qarda\u015flar\u0131\u201d qrupunu terror\u00e7u qruplar siyah\u0131s\u0131na sal\u0131b. \u018fr\u0259bistan d\u00f6vl\u0259ti c\u00fcm\u0259 g\u00fcn\u00fc bir b\u0259yanatda \u201cM\u00fcs\u0259lman Qarda\u015flar\u0131\u201d qrupu v\u0259 \u201c\u018fr\u0259bistan daxilind\u0259 Hizbullah\u201d qrupu daxil olmaqla b\u0259zi dig\u0259r qruplar\u0131 terror\u00e7u qruplar siyah\u0131s\u0131na sal\u0131b. Bu siyah\u0131 \u201c\u0130raq v\u0259 \u015eam \u0130slam D\u00f6vl\u0259ti\u201d v\u0259 Y\u0259m\u0259nd\u0259 \u201cHusil\u0259r\u201d v\u0259 \u201cCibh\u0259tunn\u0259sr\u201d qruplar\u0131 daxil olmaqla ba\u015fqa qruplara da \u015famil olur. Bu b\u0259yanatda h\u0259min qruplardan"},"aioseo_meta_data":{"post_id":"21760","title":null,"description":null,"keywords":null,"keyphrases":null,"primary_term":null,"canonical_url":null,"og_title":null,"og_description":null,"og_object_type":"default","og_image_type":"default","og_image_url":null,"og_image_width":null,"og_image_height":null,"og_image_custom_url":null,"og_image_custom_fields":null,"og_video":null,"og_custom_url":null,"og_article_section":null,"og_article_tags":null,"twitter_use_og":false,"twitter_card":"default","twitter_image_type":"default","twitter_image_url":null,"twitter_image_custom_url":null,"twitter_image_custom_fields":null,"twitter_title":null,"twitter_description":null,"schema":{"blockGraphs":[],"customGraphs":[],"default":{"data":{"Article":[],"Course":[],"Dataset":[],"FAQPage":[],"Movie":[],"Person":[],"Product":[],"ProductReview":[],"Car":[],"Recipe":[],"Service":[],"SoftwareApplication":[],"WebPage":[]},"graphName":"","isEnabled":true},"graphs":[]},"schema_type":"default","schema_type_options":null,"pillar_content":false,"robots_default":true,"robots_noindex":false,"robots_noarchive":false,"robots_nosnippet":false,"robots_nofollow":false,"robots_noimageindex":false,"robots_noodp":false,"robots_notranslate":false,"robots_max_snippet":null,"robots_max_videopreview":null,"robots_max_imagepreview":"large","priority":null,"frequency":null,"local_seo":null,"breadcrumb_settings":null,"limit_modified_date":false,"ai":null,"created":"2024-07-21 20:27:32","updated":"2025-06-05 23:17:49","seo_analyzer_scan_date":null,"focus_keyword":null,"additional_keywords":null,"truseo_locale":null},"aioseo_breadcrumb":"<div class=\"aioseo-breadcrumbs\"><span class=\"aioseo-breadcrumb\">\n\t\t\t<a href=\"https:\/\/www.islamidavet.com\/azeri\" title=\"Ev\">Ev<\/a>\n\t\t<\/span><span class=\"aioseo-breadcrumb-separator\">&raquo;<\/span><span class=\"aioseo-breadcrumb\">\n\t\t\t<a href=\"https:\/\/www.islamidavet.com\/azeri\/x%c9%99b%c9%99rl%c9%99r\/\" title=\"X\u018fB\u018fRL\u018fR\">X\u018fB\u018fRL\u018fR<\/a>\n\t\t<\/span><span class=\"aioseo-breadcrumb-separator\">&raquo;<\/span><span class=\"aioseo-breadcrumb\">\n\t\t\t<a href=\"https:\/\/www.islamidavet.com\/azeri\/x%c9%99b%c9%99rl%c9%99r\/dunya\/\" title=\"D\u00fcnya\">D\u00fcnya<\/a>\n\t\t<\/span><span class=\"aioseo-breadcrumb-separator\">&raquo;<\/span><span class=\"aioseo-breadcrumb\">\n\t\t\t\u018fr\u0259bistan\u0131n, \u201cM\u00fcs\u0259lman Qarda\u015flar\u0131\u201d il\u0259 \u0259dav\u0259ti \u015fidd\u0259tl\u0259nib\n\t\t<\/span><\/div>","aioseo_breadcrumb_json":[{"label":"Ev","link":"https:\/\/www.islamidavet.com\/azeri"},{"label":"X\u018fB\u018fRL\u018fR","link":"https:\/\/www.islamidavet.com\/azeri\/x%c9%99b%c9%99rl%c9%99r\/"},{"label":"D\u00fcnya","link":"https:\/\/www.islamidavet.com\/azeri\/x%c9%99b%c9%99rl%c9%99r\/dunya\/"},{"label":"\u018fr\u0259bistan\u0131n, \u201cM\u00fcs\u0259lman Qarda\u015flar\u0131\u201d il\u0259 \u0259dav\u0259ti \u015fidd\u0259tl\u0259nib","link":"https:\/\/www.islamidavet.com\/azeri\/%c9%99r%c9%99bistanin-mus%c9%99lman-qardaslari-il%c9%99-%c9%99dav%c9%99ti-sidd%c9%99tl%c9%99nib\/"}],"amp_enabled":true,"_links":{"self":[{"href":"https:\/\/www.islamidavet.com\/azeri\/wp-json\/wp\/v2\/posts\/21760","targetHints":{"allow":["GET"]}}],"collection":[{"href":"https:\/\/www.islamidavet.com\/azeri\/wp-json\/wp\/v2\/posts"}],"about":[{"href":"https:\/\/www.islamidavet.com\/azeri\/wp-json\/wp\/v2\/types\/post"}],"author":[{"embeddable":true,"href":"https:\/\/www.islamidavet.com\/azeri\/wp-json\/wp\/v2\/users\/1"}],"replies":[{"embeddable":true,"href":"https:\/\/www.islamidavet.com\/azeri\/wp-json\/wp\/v2\/comments?post=21760"}],"version-history":[{"count":0,"href":"https:\/\/www.islamidavet.com\/azeri\/wp-json\/wp\/v2\/posts\/21760\/revisions"}],"wp:attachment":[{"href":"https:\/\/www.islamidavet.com\/azeri\/wp-json\/wp\/v2\/media?parent=21760"}],"wp:term":[{"taxonomy":"category","embeddable":true,"href":"https:\/\/www.islamidavet.com\/azeri\/wp-json\/wp\/v2\/categories?post=21760"},{"taxonomy":"post_tag","embeddable":true,"href":"https:\/\/www.islamidavet.com\/azeri\/wp-json\/wp\/v2\/tags?post=21760"}],"curies":[{"name":"wp","href":"https:\/\/api.w.org\/{rel}","templated":true}]}}