{"id":21892,"date":"2014-03-09T12:23:31","date_gmt":"2014-03-09T12:23:31","guid":{"rendered":"http:\/\/www.islamidavet.com\/azeri\/?p=21892"},"modified":"2014-03-09T12:23:31","modified_gmt":"2014-03-09T12:23:31","slug":"z%c9%99rif-estonla-m%c9%99tbuat-konfransinda-novb%c9%99-qarsi-t%c9%99r%c9%99findir","status":"publish","type":"post","link":"https:\/\/www.islamidavet.com\/azeri\/z%c9%99rif-estonla-m%c9%99tbuat-konfransinda-novb%c9%99-qarsi-t%c9%99r%c9%99findir\/","title":{"rendered":"Z\u0259rif E\u015ftonla m\u0259tbuat konfrans\u0131nda: N\u00f6vb\u0259 qar\u015f\u0131 t\u0259r\u0259findir"},"content":{"rendered":"<p>Avropa Birliyinin xarici siyas\u0259t \u00fczr\u0259 m\u0259sul \u015f\u0259xsi- Ketrin E\u015fton \u0130ran \u0130slam Respublikas\u0131n\u0131n r\u0259smil\u0259rinin davam\u0131nda bu g\u00fcn xarici i\u015fl\u0259r naziri- M\u0259h\u0259mm\u0259d Cavad Z\u0259rif il\u0259 d\u0259 g\u00f6r\u00fc\u015f\u00fcb, dan\u0131\u015f\u0131qlar apar\u0131b.<\/p>\n<p>G\u00f6r\u00fc\u015fd\u0259n sonar m\u0259tbuat konfras\u0131nda, \u0130ran\u0131n xarici i\u015fl\u0259r naziri jurnalistl\u0259rin sual\u0131na cavab olaraq deyib ki, \u0130ran 5+1 qrupu il\u0259 raz\u0131la\u015fmaya tam \u0259m\u0259l edib v\u0259 g\u00f6zl\u0259nilir qar\u015f\u0131 t\u0259r\u0259f d\u0259 \u00f6hd\u0259likl\u0259rin\u0259 tam \u0259m\u0259l etsin v\u0259 raz\u0131la\u015fmaya sadiq qals\u0131n.<br \/>\nKetrin E\u015fton da \u00f6z n\u00f6vb\u0259sind\u0259 bildirdi ki, m\u0259n C\u0259nab Z\u0259rif il\u0259 g\u00f6r\u00fc\u015f\u00fcmd\u0259 \u00e7olu m\u0259s\u0259l\u0259ri m\u00fczakir\u0259 etdim v\u0259 sevindirici olard\u0131 \u00f6lk\u0259 prezidenti H\u0259s\u0259n Ruhaninin d\u0259 q\u0259bulunda olam.<\/p>\n","protected":false},"excerpt":{"rendered":"<p>Avropa Birliyinin xarici siyas\u0259t \u00fczr\u0259 m\u0259sul \u015f\u0259xsi- Ketrin E\u015fton \u0130ran \u0130slam Respublikas\u0131n\u0131n r\u0259smil\u0259rinin davam\u0131nda bu g\u00fcn xarici i\u015fl\u0259r naziri- M\u0259h\u0259mm\u0259d Cavad Z\u0259rif il\u0259 d\u0259 g\u00f6r\u00fc\u015f\u00fcb, dan\u0131\u015f\u0131qlar apar\u0131b. G\u00f6r\u00fc\u015fd\u0259n sonar m\u0259tbuat konfras\u0131nda, \u0130ran\u0131n xarici i\u015fl\u0259r naziri jurnalistl\u0259rin sual\u0131na cavab olaraq deyib ki, \u0130ran 5+1 qrupu il\u0259 raz\u0131la\u015fmaya tam \u0259m\u0259l edib v\u0259 g\u00f6zl\u0259nilir qar\u015f\u0131 t\u0259r\u0259f d\u0259 \u00f6hd\u0259likl\u0259rin\u0259 &hellip;<\/p>\n","protected":false},"author":1,"featured_media":0,"comment_status":"open","ping_status":"open","sticky":false,"template":"","format":"standard","meta":{"footnotes":""},"categories":[8,2],"tags":[315,15966,15967],"class_list":["post-21892","post","type-post","status-publish","format-standard","hentry","category-dunya","category-xbrlr","tag-avropa-birliyi","tag-zrif-eston","tag-zrif-estonla-mtbuat-konfransinda-novb-qarsi-trfindir"],"aioseo_notices":[],"aioseo_head":"\n\t\t<!-- All in One SEO 5.0.1.1 - aioseo.com -->\n\t<meta name=\"description\" content=\"Avropa Birliyinin xarici siyas\u0259t \u00fczr\u0259 m\u0259sul \u015f\u0259xsi- Ketrin E\u015fton \u0130ran \u0130slam Respublikas\u0131n\u0131n r\u0259smil\u0259rinin davam\u0131nda bu g\u00fcn xarici i\u015fl\u0259r naziri- M\u0259h\u0259mm\u0259d Cavad Z\u0259rif il\u0259 d\u0259 g\u00f6r\u00fc\u015f\u00fcb, dan\u0131\u015f\u0131qlar apar\u0131b. G\u00f6r\u00fc\u015fd\u0259n sonar m\u0259tbuat konfras\u0131nda, \u0130ran\u0131n xarici i\u015fl\u0259r naziri jurnalistl\u0259rin sual\u0131na cavab olaraq deyib ki, \u0130ran 5+1 qrupu il\u0259 raz\u0131la\u015fmaya tam \u0259m\u0259l edib v\u0259 g\u00f6zl\u0259nilir qar\u015f\u0131 t\u0259r\u0259f d\u0259 \u00f6hd\u0259likl\u0259rin\u0259\" \/>\n\t<meta name=\"robots\" content=\"max-image-preview:large\" \/>\n\t<meta name=\"author\" content=\"admin\"\/>\n\t<link rel=\"canonical\" href=\"https:\/\/www.islamidavet.com\/azeri\/z%c9%99rif-estonla-m%c9%99tbuat-konfransinda-novb%c9%99-qarsi-t%c9%99r%c9%99findir\/\" \/>\n\t<meta name=\"generator\" content=\"All in One SEO (AIOSEO) 5.0.1.1\" \/>\n\t\t<meta property=\"og:locale\" content=\"tr_TR\" \/>\n\t\t<meta property=\"og:site_name\" content=\"Azeri \u0130sl\u00e2mi Davet - Az\u0259rbaycanca | Azeri \u0130sl\u00e2mi Davet - Az\u0259rbaycanca\" \/>\n\t\t<meta property=\"og:type\" content=\"article\" \/>\n\t\t<meta property=\"og:title\" content=\"Z\u0259rif E\u015ftonla m\u0259tbuat konfrans\u0131nda: N\u00f6vb\u0259 qar\u015f\u0131 t\u0259r\u0259findir | Azeri \u0130sl\u00e2mi Davet - Az\u0259rbaycanca\" \/>\n\t\t<meta property=\"og:description\" content=\"Avropa Birliyinin xarici siyas\u0259t \u00fczr\u0259 m\u0259sul \u015f\u0259xsi- Ketrin E\u015fton \u0130ran \u0130slam Respublikas\u0131n\u0131n r\u0259smil\u0259rinin davam\u0131nda bu g\u00fcn xarici i\u015fl\u0259r naziri- M\u0259h\u0259mm\u0259d Cavad Z\u0259rif il\u0259 d\u0259 g\u00f6r\u00fc\u015f\u00fcb, dan\u0131\u015f\u0131qlar apar\u0131b. G\u00f6r\u00fc\u015fd\u0259n sonar m\u0259tbuat konfras\u0131nda, \u0130ran\u0131n xarici i\u015fl\u0259r naziri jurnalistl\u0259rin sual\u0131na cavab olaraq deyib ki, \u0130ran 5+1 qrupu il\u0259 raz\u0131la\u015fmaya tam \u0259m\u0259l edib v\u0259 g\u00f6zl\u0259nilir qar\u015f\u0131 t\u0259r\u0259f d\u0259 \u00f6hd\u0259likl\u0259rin\u0259\" \/>\n\t\t<meta property=\"og:url\" content=\"https:\/\/www.islamidavet.com\/azeri\/z%c9%99rif-estonla-m%c9%99tbuat-konfransinda-novb%c9%99-qarsi-t%c9%99r%c9%99findir\/\" \/>\n\t\t<meta property=\"article:published_time\" content=\"2014-03-09T12:23:31+00:00\" \/>\n\t\t<meta property=\"article:modified_time\" content=\"2014-03-09T12:23:31+00:00\" \/>\n\t\t<meta name=\"twitter:card\" content=\"summary_large_image\" \/>\n\t\t<meta name=\"twitter:title\" content=\"Z\u0259rif E\u015ftonla m\u0259tbuat konfrans\u0131nda: N\u00f6vb\u0259 qar\u015f\u0131 t\u0259r\u0259findir | Azeri \u0130sl\u00e2mi Davet - Az\u0259rbaycanca\" \/>\n\t\t<meta name=\"twitter:description\" content=\"Avropa Birliyinin xarici siyas\u0259t \u00fczr\u0259 m\u0259sul \u015f\u0259xsi- Ketrin E\u015fton \u0130ran \u0130slam Respublikas\u0131n\u0131n r\u0259smil\u0259rinin davam\u0131nda bu g\u00fcn xarici i\u015fl\u0259r naziri- M\u0259h\u0259mm\u0259d Cavad Z\u0259rif il\u0259 d\u0259 g\u00f6r\u00fc\u015f\u00fcb, dan\u0131\u015f\u0131qlar apar\u0131b. G\u00f6r\u00fc\u015fd\u0259n sonar m\u0259tbuat konfras\u0131nda, \u0130ran\u0131n xarici i\u015fl\u0259r naziri jurnalistl\u0259rin sual\u0131na cavab olaraq deyib ki, \u0130ran 5+1 qrupu il\u0259 raz\u0131la\u015fmaya tam \u0259m\u0259l edib v\u0259 g\u00f6zl\u0259nilir qar\u015f\u0131 t\u0259r\u0259f d\u0259 \u00f6hd\u0259likl\u0259rin\u0259\" \/>\n\t\t<script type=\"application\/ld+json\" class=\"aioseo-schema\">\n\t\t\t{\"@context\":\"https:\\\/\\\/schema.org\",\"@graph\":[{\"@type\":\"Article\",\"@id\":\"https:\\\/\\\/www.islamidavet.com\\\/azeri\\\/z%c9%99rif-estonla-m%c9%99tbuat-konfransinda-novb%c9%99-qarsi-t%c9%99r%c9%99findir\\\/#article\",\"name\":\"Z\\u0259rif E\\u015ftonla m\\u0259tbuat konfrans\\u0131nda: N\\u00f6vb\\u0259 qar\\u015f\\u0131 t\\u0259r\\u0259findir | Azeri \\u0130sl\\u00e2mi Davet - Az\\u0259rbaycanca\",\"headline\":\"Z\\u0259rif E\\u015ftonla m\\u0259tbuat konfrans\\u0131nda: N\\u00f6vb\\u0259 qar\\u015f\\u0131 t\\u0259r\\u0259findir\",\"author\":{\"@id\":\"https:\\\/\\\/www.islamidavet.com\\\/azeri\\\/author\\\/admin\\\/#author\"},\"publisher\":{\"@id\":\"https:\\\/\\\/www.islamidavet.com\\\/azeri\\\/#organization\"},\"datePublished\":\"2014-03-09T12:23:31+05:00\",\"dateModified\":\"2014-03-09T12:23:31+05:00\",\"inLanguage\":\"tr-TR\",\"mainEntityOfPage\":{\"@id\":\"https:\\\/\\\/www.islamidavet.com\\\/azeri\\\/z%c9%99rif-estonla-m%c9%99tbuat-konfransinda-novb%c9%99-qarsi-t%c9%99r%c9%99findir\\\/#webpage\"},\"isPartOf\":{\"@id\":\"https:\\\/\\\/www.islamidavet.com\\\/azeri\\\/z%c9%99rif-estonla-m%c9%99tbuat-konfransinda-novb%c9%99-qarsi-t%c9%99r%c9%99findir\\\/#webpage\"},\"articleSection\":\"D\\u00fcnya, X\\u018fB\\u018fRL\\u018fR, Avropa Birliyi, Z\\u0259rif E\\u015fton, Z\\u0259rif E\\u015ftonla m\\u0259tbuat konfrans\\u0131nda: N\\u00f6vb\\u0259 qar\\u015f\\u0131 t\\u0259r\\u0259findir\"},{\"@type\":\"BreadcrumbList\",\"@id\":\"https:\\\/\\\/www.islamidavet.com\\\/azeri\\\/z%c9%99rif-estonla-m%c9%99tbuat-konfransinda-novb%c9%99-qarsi-t%c9%99r%c9%99findir\\\/#breadcrumblist\",\"itemListElement\":[{\"@type\":\"ListItem\",\"@id\":\"https:\\\/\\\/www.islamidavet.com\\\/azeri#listItem\",\"position\":1,\"name\":\"Ev\",\"item\":\"https:\\\/\\\/www.islamidavet.com\\\/azeri\",\"nextItem\":{\"@type\":\"ListItem\",\"@id\":\"https:\\\/\\\/www.islamidavet.com\\\/azeri\\\/x%c9%99b%c9%99rl%c9%99r\\\/#listItem\",\"name\":\"X\\u018fB\\u018fRL\\u018fR\"}},{\"@type\":\"ListItem\",\"@id\":\"https:\\\/\\\/www.islamidavet.com\\\/azeri\\\/x%c9%99b%c9%99rl%c9%99r\\\/#listItem\",\"position\":2,\"name\":\"X\\u018fB\\u018fRL\\u018fR\",\"item\":\"https:\\\/\\\/www.islamidavet.com\\\/azeri\\\/x%c9%99b%c9%99rl%c9%99r\\\/\",\"nextItem\":{\"@type\":\"ListItem\",\"@id\":\"https:\\\/\\\/www.islamidavet.com\\\/azeri\\\/x%c9%99b%c9%99rl%c9%99r\\\/dunya\\\/#listItem\",\"name\":\"D\\u00fcnya\"},\"previousItem\":{\"@type\":\"ListItem\",\"@id\":\"https:\\\/\\\/www.islamidavet.com\\\/azeri#listItem\",\"name\":\"Ev\"}},{\"@type\":\"ListItem\",\"@id\":\"https:\\\/\\\/www.islamidavet.com\\\/azeri\\\/x%c9%99b%c9%99rl%c9%99r\\\/dunya\\\/#listItem\",\"position\":3,\"name\":\"D\\u00fcnya\",\"item\":\"https:\\\/\\\/www.islamidavet.com\\\/azeri\\\/x%c9%99b%c9%99rl%c9%99r\\\/dunya\\\/\",\"nextItem\":{\"@type\":\"ListItem\",\"@id\":\"https:\\\/\\\/www.islamidavet.com\\\/azeri\\\/z%c9%99rif-estonla-m%c9%99tbuat-konfransinda-novb%c9%99-qarsi-t%c9%99r%c9%99findir\\\/#listItem\",\"name\":\"Z\\u0259rif E\\u015ftonla m\\u0259tbuat konfrans\\u0131nda: N\\u00f6vb\\u0259 qar\\u015f\\u0131 t\\u0259r\\u0259findir\"},\"previousItem\":{\"@type\":\"ListItem\",\"@id\":\"https:\\\/\\\/www.islamidavet.com\\\/azeri\\\/x%c9%99b%c9%99rl%c9%99r\\\/#listItem\",\"name\":\"X\\u018fB\\u018fRL\\u018fR\"}},{\"@type\":\"ListItem\",\"@id\":\"https:\\\/\\\/www.islamidavet.com\\\/azeri\\\/z%c9%99rif-estonla-m%c9%99tbuat-konfransinda-novb%c9%99-qarsi-t%c9%99r%c9%99findir\\\/#listItem\",\"position\":4,\"name\":\"Z\\u0259rif E\\u015ftonla m\\u0259tbuat konfrans\\u0131nda: N\\u00f6vb\\u0259 qar\\u015f\\u0131 t\\u0259r\\u0259findir\",\"previousItem\":{\"@type\":\"ListItem\",\"@id\":\"https:\\\/\\\/www.islamidavet.com\\\/azeri\\\/x%c9%99b%c9%99rl%c9%99r\\\/dunya\\\/#listItem\",\"name\":\"D\\u00fcnya\"}}]},{\"@type\":\"Organization\",\"@id\":\"https:\\\/\\\/www.islamidavet.com\\\/azeri\\\/#organization\",\"name\":\"Azeri \\u0130sl\\u00e2mi Davet - Az\\u0259rbaycanca\",\"description\":\"Azeri \\u0130sl\\u00e2mi Davet - Az\\u0259rbaycanca\",\"url\":\"https:\\\/\\\/www.islamidavet.com\\\/azeri\\\/\"},{\"@type\":\"Person\",\"@id\":\"https:\\\/\\\/www.islamidavet.com\\\/azeri\\\/author\\\/admin\\\/#author\",\"url\":\"https:\\\/\\\/www.islamidavet.com\\\/azeri\\\/author\\\/admin\\\/\",\"name\":\"admin\",\"image\":{\"@type\":\"ImageObject\",\"@id\":\"https:\\\/\\\/www.islamidavet.com\\\/azeri\\\/z%c9%99rif-estonla-m%c9%99tbuat-konfransinda-novb%c9%99-qarsi-t%c9%99r%c9%99findir\\\/#authorImage\",\"url\":\"https:\\\/\\\/secure.gravatar.com\\\/avatar\\\/c1d8483ec39fbbba55dfad1685bf961c55dfcb0620a6e6120073dcc7bed0ca6d?s=96&d=mm&r=g\",\"width\":96,\"height\":96,\"caption\":\"admin\"}},{\"@type\":\"WebPage\",\"@id\":\"https:\\\/\\\/www.islamidavet.com\\\/azeri\\\/z%c9%99rif-estonla-m%c9%99tbuat-konfransinda-novb%c9%99-qarsi-t%c9%99r%c9%99findir\\\/#webpage\",\"url\":\"https:\\\/\\\/www.islamidavet.com\\\/azeri\\\/z%c9%99rif-estonla-m%c9%99tbuat-konfransinda-novb%c9%99-qarsi-t%c9%99r%c9%99findir\\\/\",\"name\":\"Z\\u0259rif E\\u015ftonla m\\u0259tbuat konfrans\\u0131nda: N\\u00f6vb\\u0259 qar\\u015f\\u0131 t\\u0259r\\u0259findir | Azeri \\u0130sl\\u00e2mi Davet - Az\\u0259rbaycanca\",\"description\":\"Avropa Birliyinin xarici siyas\\u0259t \\u00fczr\\u0259 m\\u0259sul \\u015f\\u0259xsi- Ketrin E\\u015fton \\u0130ran \\u0130slam Respublikas\\u0131n\\u0131n r\\u0259smil\\u0259rinin davam\\u0131nda bu g\\u00fcn xarici i\\u015fl\\u0259r naziri- M\\u0259h\\u0259mm\\u0259d Cavad Z\\u0259rif il\\u0259 d\\u0259 g\\u00f6r\\u00fc\\u015f\\u00fcb, dan\\u0131\\u015f\\u0131qlar apar\\u0131b. G\\u00f6r\\u00fc\\u015fd\\u0259n sonar m\\u0259tbuat konfras\\u0131nda, \\u0130ran\\u0131n xarici i\\u015fl\\u0259r naziri jurnalistl\\u0259rin sual\\u0131na cavab olaraq deyib ki, \\u0130ran 5+1 qrupu il\\u0259 raz\\u0131la\\u015fmaya tam \\u0259m\\u0259l edib v\\u0259 g\\u00f6zl\\u0259nilir qar\\u015f\\u0131 t\\u0259r\\u0259f d\\u0259 \\u00f6hd\\u0259likl\\u0259rin\\u0259\",\"inLanguage\":\"tr-TR\",\"isPartOf\":{\"@id\":\"https:\\\/\\\/www.islamidavet.com\\\/azeri\\\/#website\"},\"breadcrumb\":{\"@id\":\"https:\\\/\\\/www.islamidavet.com\\\/azeri\\\/z%c9%99rif-estonla-m%c9%99tbuat-konfransinda-novb%c9%99-qarsi-t%c9%99r%c9%99findir\\\/#breadcrumblist\"},\"author\":{\"@id\":\"https:\\\/\\\/www.islamidavet.com\\\/azeri\\\/author\\\/admin\\\/#author\"},\"creator\":{\"@id\":\"https:\\\/\\\/www.islamidavet.com\\\/azeri\\\/author\\\/admin\\\/#author\"},\"datePublished\":\"2014-03-09T12:23:31+05:00\",\"dateModified\":\"2014-03-09T12:23:31+05:00\"},{\"@type\":\"WebSite\",\"@id\":\"https:\\\/\\\/www.islamidavet.com\\\/azeri\\\/#website\",\"url\":\"https:\\\/\\\/www.islamidavet.com\\\/azeri\\\/\",\"name\":\"Azeri \\u0130sl\\u00e2mi Davet - Az\\u0259rbaycanca\",\"description\":\"Azeri \\u0130sl\\u00e2mi Davet - Az\\u0259rbaycanca\",\"inLanguage\":\"tr-TR\",\"publisher\":{\"@id\":\"https:\\\/\\\/www.islamidavet.com\\\/azeri\\\/#organization\"}}]}\n\t\t<\/script>\n\t\t<!-- All in One SEO -->\n\n","aioseo_head_json":{"title":"Z\u0259rif E\u015ftonla m\u0259tbuat konfrans\u0131nda: N\u00f6vb\u0259 qar\u015f\u0131 t\u0259r\u0259findir | Azeri \u0130sl\u00e2mi Davet - Az\u0259rbaycanca","description":"Avropa Birliyinin xarici siyas\u0259t \u00fczr\u0259 m\u0259sul \u015f\u0259xsi- Ketrin E\u015fton \u0130ran \u0130slam Respublikas\u0131n\u0131n r\u0259smil\u0259rinin davam\u0131nda bu g\u00fcn xarici i\u015fl\u0259r naziri- M\u0259h\u0259mm\u0259d Cavad Z\u0259rif il\u0259 d\u0259 g\u00f6r\u00fc\u015f\u00fcb, dan\u0131\u015f\u0131qlar apar\u0131b. G\u00f6r\u00fc\u015fd\u0259n sonar m\u0259tbuat konfras\u0131nda, \u0130ran\u0131n xarici i\u015fl\u0259r naziri jurnalistl\u0259rin sual\u0131na cavab olaraq deyib ki, \u0130ran 5+1 qrupu il\u0259 raz\u0131la\u015fmaya tam \u0259m\u0259l edib v\u0259 g\u00f6zl\u0259nilir qar\u015f\u0131 t\u0259r\u0259f d\u0259 \u00f6hd\u0259likl\u0259rin\u0259","canonical_url":"https:\/\/www.islamidavet.com\/azeri\/z%c9%99rif-estonla-m%c9%99tbuat-konfransinda-novb%c9%99-qarsi-t%c9%99r%c9%99findir\/","robots":"max-image-preview:large","keywords":"","webmasterTools":{"miscellaneous":""},"schema":{"@context":"https:\/\/schema.org","@graph":[{"@type":"Article","@id":"https:\/\/www.islamidavet.com\/azeri\/z%c9%99rif-estonla-m%c9%99tbuat-konfransinda-novb%c9%99-qarsi-t%c9%99r%c9%99findir\/#article","name":"Z\u0259rif E\u015ftonla m\u0259tbuat konfrans\u0131nda: N\u00f6vb\u0259 qar\u015f\u0131 t\u0259r\u0259findir | Azeri \u0130sl\u00e2mi Davet - Az\u0259rbaycanca","headline":"Z\u0259rif E\u015ftonla m\u0259tbuat konfrans\u0131nda: N\u00f6vb\u0259 qar\u015f\u0131 t\u0259r\u0259findir","author":{"@id":"https:\/\/www.islamidavet.com\/azeri\/author\/admin\/#author"},"publisher":{"@id":"https:\/\/www.islamidavet.com\/azeri\/#organization"},"datePublished":"2014-03-09T12:23:31+05:00","dateModified":"2014-03-09T12:23:31+05:00","inLanguage":"tr-TR","mainEntityOfPage":{"@id":"https:\/\/www.islamidavet.com\/azeri\/z%c9%99rif-estonla-m%c9%99tbuat-konfransinda-novb%c9%99-qarsi-t%c9%99r%c9%99findir\/#webpage"},"isPartOf":{"@id":"https:\/\/www.islamidavet.com\/azeri\/z%c9%99rif-estonla-m%c9%99tbuat-konfransinda-novb%c9%99-qarsi-t%c9%99r%c9%99findir\/#webpage"},"articleSection":"D\u00fcnya, X\u018fB\u018fRL\u018fR, Avropa Birliyi, Z\u0259rif E\u015fton, Z\u0259rif E\u015ftonla m\u0259tbuat konfrans\u0131nda: N\u00f6vb\u0259 qar\u015f\u0131 t\u0259r\u0259findir"},{"@type":"BreadcrumbList","@id":"https:\/\/www.islamidavet.com\/azeri\/z%c9%99rif-estonla-m%c9%99tbuat-konfransinda-novb%c9%99-qarsi-t%c9%99r%c9%99findir\/#breadcrumblist","itemListElement":[{"@type":"ListItem","@id":"https:\/\/www.islamidavet.com\/azeri#listItem","position":1,"name":"Ev","item":"https:\/\/www.islamidavet.com\/azeri","nextItem":{"@type":"ListItem","@id":"https:\/\/www.islamidavet.com\/azeri\/x%c9%99b%c9%99rl%c9%99r\/#listItem","name":"X\u018fB\u018fRL\u018fR"}},{"@type":"ListItem","@id":"https:\/\/www.islamidavet.com\/azeri\/x%c9%99b%c9%99rl%c9%99r\/#listItem","position":2,"name":"X\u018fB\u018fRL\u018fR","item":"https:\/\/www.islamidavet.com\/azeri\/x%c9%99b%c9%99rl%c9%99r\/","nextItem":{"@type":"ListItem","@id":"https:\/\/www.islamidavet.com\/azeri\/x%c9%99b%c9%99rl%c9%99r\/dunya\/#listItem","name":"D\u00fcnya"},"previousItem":{"@type":"ListItem","@id":"https:\/\/www.islamidavet.com\/azeri#listItem","name":"Ev"}},{"@type":"ListItem","@id":"https:\/\/www.islamidavet.com\/azeri\/x%c9%99b%c9%99rl%c9%99r\/dunya\/#listItem","position":3,"name":"D\u00fcnya","item":"https:\/\/www.islamidavet.com\/azeri\/x%c9%99b%c9%99rl%c9%99r\/dunya\/","nextItem":{"@type":"ListItem","@id":"https:\/\/www.islamidavet.com\/azeri\/z%c9%99rif-estonla-m%c9%99tbuat-konfransinda-novb%c9%99-qarsi-t%c9%99r%c9%99findir\/#listItem","name":"Z\u0259rif E\u015ftonla m\u0259tbuat konfrans\u0131nda: N\u00f6vb\u0259 qar\u015f\u0131 t\u0259r\u0259findir"},"previousItem":{"@type":"ListItem","@id":"https:\/\/www.islamidavet.com\/azeri\/x%c9%99b%c9%99rl%c9%99r\/#listItem","name":"X\u018fB\u018fRL\u018fR"}},{"@type":"ListItem","@id":"https:\/\/www.islamidavet.com\/azeri\/z%c9%99rif-estonla-m%c9%99tbuat-konfransinda-novb%c9%99-qarsi-t%c9%99r%c9%99findir\/#listItem","position":4,"name":"Z\u0259rif E\u015ftonla m\u0259tbuat konfrans\u0131nda: N\u00f6vb\u0259 qar\u015f\u0131 t\u0259r\u0259findir","previousItem":{"@type":"ListItem","@id":"https:\/\/www.islamidavet.com\/azeri\/x%c9%99b%c9%99rl%c9%99r\/dunya\/#listItem","name":"D\u00fcnya"}}]},{"@type":"Organization","@id":"https:\/\/www.islamidavet.com\/azeri\/#organization","name":"Azeri \u0130sl\u00e2mi Davet - Az\u0259rbaycanca","description":"Azeri \u0130sl\u00e2mi Davet - Az\u0259rbaycanca","url":"https:\/\/www.islamidavet.com\/azeri\/"},{"@type":"Person","@id":"https:\/\/www.islamidavet.com\/azeri\/author\/admin\/#author","url":"https:\/\/www.islamidavet.com\/azeri\/author\/admin\/","name":"admin","image":{"@type":"ImageObject","@id":"https:\/\/www.islamidavet.com\/azeri\/z%c9%99rif-estonla-m%c9%99tbuat-konfransinda-novb%c9%99-qarsi-t%c9%99r%c9%99findir\/#authorImage","url":"https:\/\/secure.gravatar.com\/avatar\/c1d8483ec39fbbba55dfad1685bf961c55dfcb0620a6e6120073dcc7bed0ca6d?s=96&d=mm&r=g","width":96,"height":96,"caption":"admin"}},{"@type":"WebPage","@id":"https:\/\/www.islamidavet.com\/azeri\/z%c9%99rif-estonla-m%c9%99tbuat-konfransinda-novb%c9%99-qarsi-t%c9%99r%c9%99findir\/#webpage","url":"https:\/\/www.islamidavet.com\/azeri\/z%c9%99rif-estonla-m%c9%99tbuat-konfransinda-novb%c9%99-qarsi-t%c9%99r%c9%99findir\/","name":"Z\u0259rif E\u015ftonla m\u0259tbuat konfrans\u0131nda: N\u00f6vb\u0259 qar\u015f\u0131 t\u0259r\u0259findir | Azeri \u0130sl\u00e2mi Davet - Az\u0259rbaycanca","description":"Avropa Birliyinin xarici siyas\u0259t \u00fczr\u0259 m\u0259sul \u015f\u0259xsi- Ketrin E\u015fton \u0130ran \u0130slam Respublikas\u0131n\u0131n r\u0259smil\u0259rinin davam\u0131nda bu g\u00fcn xarici i\u015fl\u0259r naziri- M\u0259h\u0259mm\u0259d Cavad Z\u0259rif il\u0259 d\u0259 g\u00f6r\u00fc\u015f\u00fcb, dan\u0131\u015f\u0131qlar apar\u0131b. G\u00f6r\u00fc\u015fd\u0259n sonar m\u0259tbuat konfras\u0131nda, \u0130ran\u0131n xarici i\u015fl\u0259r naziri jurnalistl\u0259rin sual\u0131na cavab olaraq deyib ki, \u0130ran 5+1 qrupu il\u0259 raz\u0131la\u015fmaya tam \u0259m\u0259l edib v\u0259 g\u00f6zl\u0259nilir qar\u015f\u0131 t\u0259r\u0259f d\u0259 \u00f6hd\u0259likl\u0259rin\u0259","inLanguage":"tr-TR","isPartOf":{"@id":"https:\/\/www.islamidavet.com\/azeri\/#website"},"breadcrumb":{"@id":"https:\/\/www.islamidavet.com\/azeri\/z%c9%99rif-estonla-m%c9%99tbuat-konfransinda-novb%c9%99-qarsi-t%c9%99r%c9%99findir\/#breadcrumblist"},"author":{"@id":"https:\/\/www.islamidavet.com\/azeri\/author\/admin\/#author"},"creator":{"@id":"https:\/\/www.islamidavet.com\/azeri\/author\/admin\/#author"},"datePublished":"2014-03-09T12:23:31+05:00","dateModified":"2014-03-09T12:23:31+05:00"},{"@type":"WebSite","@id":"https:\/\/www.islamidavet.com\/azeri\/#website","url":"https:\/\/www.islamidavet.com\/azeri\/","name":"Azeri \u0130sl\u00e2mi Davet - Az\u0259rbaycanca","description":"Azeri \u0130sl\u00e2mi Davet - Az\u0259rbaycanca","inLanguage":"tr-TR","publisher":{"@id":"https:\/\/www.islamidavet.com\/azeri\/#organization"}}]},"og:locale":"tr_TR","og:site_name":"Azeri \u0130sl\u00e2mi Davet - Az\u0259rbaycanca | Azeri \u0130sl\u00e2mi Davet - Az\u0259rbaycanca","og:type":"article","og:title":"Z\u0259rif E\u015ftonla m\u0259tbuat konfrans\u0131nda: N\u00f6vb\u0259 qar\u015f\u0131 t\u0259r\u0259findir | Azeri \u0130sl\u00e2mi Davet - Az\u0259rbaycanca","og:description":"Avropa Birliyinin xarici siyas\u0259t \u00fczr\u0259 m\u0259sul \u015f\u0259xsi- Ketrin E\u015fton \u0130ran \u0130slam Respublikas\u0131n\u0131n r\u0259smil\u0259rinin davam\u0131nda bu g\u00fcn xarici i\u015fl\u0259r naziri- M\u0259h\u0259mm\u0259d Cavad Z\u0259rif il\u0259 d\u0259 g\u00f6r\u00fc\u015f\u00fcb, dan\u0131\u015f\u0131qlar apar\u0131b. G\u00f6r\u00fc\u015fd\u0259n sonar m\u0259tbuat konfras\u0131nda, \u0130ran\u0131n xarici i\u015fl\u0259r naziri jurnalistl\u0259rin sual\u0131na cavab olaraq deyib ki, \u0130ran 5+1 qrupu il\u0259 raz\u0131la\u015fmaya tam \u0259m\u0259l edib v\u0259 g\u00f6zl\u0259nilir qar\u015f\u0131 t\u0259r\u0259f d\u0259 \u00f6hd\u0259likl\u0259rin\u0259","og:url":"https:\/\/www.islamidavet.com\/azeri\/z%c9%99rif-estonla-m%c9%99tbuat-konfransinda-novb%c9%99-qarsi-t%c9%99r%c9%99findir\/","article:published_time":"2014-03-09T12:23:31+00:00","article:modified_time":"2014-03-09T12:23:31+00:00","twitter:card":"summary_large_image","twitter:title":"Z\u0259rif E\u015ftonla m\u0259tbuat konfrans\u0131nda: N\u00f6vb\u0259 qar\u015f\u0131 t\u0259r\u0259findir | Azeri \u0130sl\u00e2mi Davet - Az\u0259rbaycanca","twitter:description":"Avropa Birliyinin xarici siyas\u0259t \u00fczr\u0259 m\u0259sul \u015f\u0259xsi- Ketrin E\u015fton \u0130ran \u0130slam Respublikas\u0131n\u0131n r\u0259smil\u0259rinin davam\u0131nda bu g\u00fcn xarici i\u015fl\u0259r naziri- M\u0259h\u0259mm\u0259d Cavad Z\u0259rif il\u0259 d\u0259 g\u00f6r\u00fc\u015f\u00fcb, dan\u0131\u015f\u0131qlar apar\u0131b. G\u00f6r\u00fc\u015fd\u0259n sonar m\u0259tbuat konfras\u0131nda, \u0130ran\u0131n xarici i\u015fl\u0259r naziri jurnalistl\u0259rin sual\u0131na cavab olaraq deyib ki, \u0130ran 5+1 qrupu il\u0259 raz\u0131la\u015fmaya tam \u0259m\u0259l edib v\u0259 g\u00f6zl\u0259nilir qar\u015f\u0131 t\u0259r\u0259f d\u0259 \u00f6hd\u0259likl\u0259rin\u0259"},"aioseo_meta_data":{"post_id":"21892","title":null,"description":null,"keywords":null,"keyphrases":null,"primary_term":null,"canonical_url":null,"og_title":null,"og_description":null,"og_object_type":"default","og_image_type":"default","og_image_url":null,"og_image_width":null,"og_image_height":null,"og_image_custom_url":null,"og_image_custom_fields":null,"og_video":null,"og_custom_url":null,"og_article_section":null,"og_article_tags":null,"twitter_use_og":false,"twitter_card":"default","twitter_image_type":"default","twitter_image_url":null,"twitter_image_custom_url":null,"twitter_image_custom_fields":null,"twitter_title":null,"twitter_description":null,"schema":{"blockGraphs":[],"customGraphs":[],"default":{"data":{"Article":[],"Course":[],"Dataset":[],"FAQPage":[],"Movie":[],"Person":[],"Product":[],"ProductReview":[],"Car":[],"Recipe":[],"Service":[],"SoftwareApplication":[],"WebPage":[]},"graphName":"","isEnabled":true},"graphs":[]},"schema_type":"default","schema_type_options":null,"pillar_content":false,"robots_default":true,"robots_noindex":false,"robots_noarchive":false,"robots_nosnippet":false,"robots_nofollow":false,"robots_noimageindex":false,"robots_noodp":false,"robots_notranslate":false,"robots_max_snippet":null,"robots_max_videopreview":null,"robots_max_imagepreview":"large","priority":null,"frequency":null,"local_seo":null,"breadcrumb_settings":null,"limit_modified_date":false,"ai":null,"created":"2024-07-21 20:25:39","updated":"2025-06-05 23:20:41","seo_analyzer_scan_date":null,"focus_keyword":null,"additional_keywords":null,"truseo_locale":null},"aioseo_breadcrumb":"<div class=\"aioseo-breadcrumbs\"><span class=\"aioseo-breadcrumb\">\n\t\t\t<a href=\"https:\/\/www.islamidavet.com\/azeri\" title=\"Ev\">Ev<\/a>\n\t\t<\/span><span class=\"aioseo-breadcrumb-separator\">&raquo;<\/span><span class=\"aioseo-breadcrumb\">\n\t\t\t<a href=\"https:\/\/www.islamidavet.com\/azeri\/x%c9%99b%c9%99rl%c9%99r\/\" title=\"X\u018fB\u018fRL\u018fR\">X\u018fB\u018fRL\u018fR<\/a>\n\t\t<\/span><span class=\"aioseo-breadcrumb-separator\">&raquo;<\/span><span class=\"aioseo-breadcrumb\">\n\t\t\t<a href=\"https:\/\/www.islamidavet.com\/azeri\/x%c9%99b%c9%99rl%c9%99r\/dunya\/\" title=\"D\u00fcnya\">D\u00fcnya<\/a>\n\t\t<\/span><span class=\"aioseo-breadcrumb-separator\">&raquo;<\/span><span class=\"aioseo-breadcrumb\">\n\t\t\tZ\u0259rif E\u015ftonla m\u0259tbuat konfrans\u0131nda: N\u00f6vb\u0259 qar\u015f\u0131 t\u0259r\u0259findir\n\t\t<\/span><\/div>","aioseo_breadcrumb_json":[{"label":"Ev","link":"https:\/\/www.islamidavet.com\/azeri"},{"label":"X\u018fB\u018fRL\u018fR","link":"https:\/\/www.islamidavet.com\/azeri\/x%c9%99b%c9%99rl%c9%99r\/"},{"label":"D\u00fcnya","link":"https:\/\/www.islamidavet.com\/azeri\/x%c9%99b%c9%99rl%c9%99r\/dunya\/"},{"label":"Z\u0259rif E\u015ftonla m\u0259tbuat konfrans\u0131nda: N\u00f6vb\u0259 qar\u015f\u0131 t\u0259r\u0259findir","link":"https:\/\/www.islamidavet.com\/azeri\/z%c9%99rif-estonla-m%c9%99tbuat-konfransinda-novb%c9%99-qarsi-t%c9%99r%c9%99findir\/"}],"amp_enabled":true,"_links":{"self":[{"href":"https:\/\/www.islamidavet.com\/azeri\/wp-json\/wp\/v2\/posts\/21892","targetHints":{"allow":["GET"]}}],"collection":[{"href":"https:\/\/www.islamidavet.com\/azeri\/wp-json\/wp\/v2\/posts"}],"about":[{"href":"https:\/\/www.islamidavet.com\/azeri\/wp-json\/wp\/v2\/types\/post"}],"author":[{"embeddable":true,"href":"https:\/\/www.islamidavet.com\/azeri\/wp-json\/wp\/v2\/users\/1"}],"replies":[{"embeddable":true,"href":"https:\/\/www.islamidavet.com\/azeri\/wp-json\/wp\/v2\/comments?post=21892"}],"version-history":[{"count":0,"href":"https:\/\/www.islamidavet.com\/azeri\/wp-json\/wp\/v2\/posts\/21892\/revisions"}],"wp:attachment":[{"href":"https:\/\/www.islamidavet.com\/azeri\/wp-json\/wp\/v2\/media?parent=21892"}],"wp:term":[{"taxonomy":"category","embeddable":true,"href":"https:\/\/www.islamidavet.com\/azeri\/wp-json\/wp\/v2\/categories?post=21892"},{"taxonomy":"post_tag","embeddable":true,"href":"https:\/\/www.islamidavet.com\/azeri\/wp-json\/wp\/v2\/tags?post=21892"}],"curies":[{"name":"wp","href":"https:\/\/api.w.org\/{rel}","templated":true}]}}