{"id":22244,"date":"2014-03-18T15:21:18","date_gmt":"2014-03-18T15:21:18","guid":{"rendered":"http:\/\/www.islamidavet.com\/azeri\/?p=22244"},"modified":"2014-03-18T15:24:30","modified_gmt":"2014-03-18T15:24:30","slug":"qh-nin-koordinasiya-iclasi-iranin-s%c9%99drliyi-il%c9%99-nyu-yorkda-kecirilib","status":"publish","type":"post","link":"https:\/\/www.islamidavet.com\/azeri\/qh-nin-koordinasiya-iclasi-iranin-s%c9%99drliyi-il%c9%99-nyu-yorkda-kecirilib\/","title":{"rendered":"QH-n\u0131n koordinasiya iclas\u0131 \u0130ran\u0131n s\u0259drliyi il\u0259 Nyu-Yorkda ke\u00e7irilib"},"content":{"rendered":"<p>Qo\u015fulmama H\u0259r\u0259kat\u0131na \u00fczv \u00f6lk\u0259l\u0259rin ayl\u0131q iclas\u0131 \u0130ran\u0131n QH-dak\u0131 n\u00fcmay\u0259nd\u0259si Qulam H\u00fcseyn Dehqaninin ba\u015f\u00e7\u0131l\u0131\u011f\u0131 il\u0259 BMT-d\u0259 ke\u00e7irilib.<\/p>\n<p> \u0130clasda Dehqani 2 ay m\u00fcdd\u0259tind\u0259 ba\u015f\u00e7\u0131l\u0131q etdiyi QH koordinasiya ofisinin f\u0259aliyy\u0259tl\u0259ri bar\u0259d\u0259 hesabat t\u0259qdim edib.<br \/>\nH\u0259min m\u0259lumata \u0259sas\u0259n, \u018fl-C\u0259zair s\u0259firi BMT Ba\u015f Assambleyas\u0131n\u0131n yerinin y\u00fcks\u0259lidilm\u0259si haqda v\u0259 \u0130ndoneziya s\u0259firi d\u0259 t\u0259rki-silah \u00fczr\u0259 apard\u0131\u011f\u0131 f\u0259aliyy\u0259tl\u0259rl\u0259 ba\u011fl\u0131 iclasa hesabat t\u0259qdim edibl\u0259r.<br \/>\nIclasda h\u0259m\u00e7inin F\u0259l\u0259stin \u00d6z\u00fcn\u00fc \u0130dar\u0259 T\u0259\u015fkilat\u0131n\u0131n BMT-d\u0259ki n\u00fcmay\u0259nd\u0259si Riyaz M\u0259nsur  F\u0259l\u0259stin m\u0259s\u0259l\u0259si il\u0259 ba\u011fl\u0131 ba\u015f ver\u0259n son d\u0259yi\u015fiklikl\u0259r bar\u0259d\u0259, o c\u00fcml\u0259d\u0259n Sionist Rejimin M\u0259scid\u00fcl \u018fqsa v\u0259 \u015f\u0259rqi Beyt\u00fcl M\u00fcq\u0259dd\u0259sd\u0259 yerl\u0259\u015f\u0259n dig\u0259r dini m\u0259kanlara qar\u015f\u0131 h\u00fccumlar\u0131 haqda izahat verib.<br \/>\n\u0130clas\u0131n sonunda \u0130ran s\u0259firi QH-a \u00fczv \u00f6lk\u0259l\u0259rin xarici i\u015fl\u0259r nazirl\u0259rinin May-\u0131n sonlar\u0131nda \u018fl-C\u0259zair iclas\u0131n\u0131n haz\u0131rl\u0131q i\u015fl\u0259rinin gedi\u015fat\u0131 bar\u0259d\u0259 laz\u0131m\u0131 a\u00e7\u0131qlamalar verib.<\/p>\n","protected":false},"excerpt":{"rendered":"<p>Qo\u015fulmama H\u0259r\u0259kat\u0131na \u00fczv \u00f6lk\u0259l\u0259rin ayl\u0131q iclas\u0131 \u0130ran\u0131n QH-dak\u0131 n\u00fcmay\u0259nd\u0259si Qulam H\u00fcseyn Dehqaninin ba\u015f\u00e7\u0131l\u0131\u011f\u0131 il\u0259 BMT-d\u0259 ke\u00e7irilib. \u0130clasda Dehqani 2 ay m\u00fcdd\u0259tind\u0259 ba\u015f\u00e7\u0131l\u0131q etdiyi QH koordinasiya ofisinin f\u0259aliyy\u0259tl\u0259ri bar\u0259d\u0259 hesabat t\u0259qdim edib. H\u0259min m\u0259lumata \u0259sas\u0259n, \u018fl-C\u0259zair s\u0259firi BMT Ba\u015f Assambleyas\u0131n\u0131n yerinin y\u00fcks\u0259lidilm\u0259si haqda v\u0259 \u0130ndoneziya s\u0259firi d\u0259 t\u0259rki-silah \u00fczr\u0259 apard\u0131\u011f\u0131 f\u0259aliyy\u0259tl\u0259rl\u0259 ba\u011fl\u0131 iclasa hesabat t\u0259qdim edibl\u0259r. &hellip;<\/p>\n","protected":false},"author":1,"featured_media":0,"comment_status":"open","ping_status":"open","sticky":false,"template":"","format":"standard","meta":{"footnotes":""},"categories":[112,8,2],"tags":[1022,24698,24695,11750,5533,567,14683],"class_list":["post-22244","post","type-post","status-publish","format-standard","hentry","category-asya","category-dunya","category-xbrlr","tag-beytul-muqdds","tag-flstin","tag-iran","tag-islamidavet","tag-qh","tag-qosulmama-hrkati","tag-riyaz-mnsur"],"aioseo_notices":[],"aioseo_head":"\n\t\t<!-- All in One SEO 5.0.1.1 - aioseo.com -->\n\t<meta name=\"description\" content=\"Qo\u015fulmama H\u0259r\u0259kat\u0131na \u00fczv \u00f6lk\u0259l\u0259rin ayl\u0131q iclas\u0131 \u0130ran\u0131n QH-dak\u0131 n\u00fcmay\u0259nd\u0259si Qulam H\u00fcseyn Dehqaninin ba\u015f\u00e7\u0131l\u0131\u011f\u0131 il\u0259 BMT-d\u0259 ke\u00e7irilib. \u0130clasda Dehqani 2 ay m\u00fcdd\u0259tind\u0259 ba\u015f\u00e7\u0131l\u0131q etdiyi QH koordinasiya ofisinin f\u0259aliyy\u0259tl\u0259ri bar\u0259d\u0259 hesabat t\u0259qdim edib. H\u0259min m\u0259lumata \u0259sas\u0259n, \u018fl-C\u0259zair s\u0259firi BMT Ba\u015f Assambleyas\u0131n\u0131n yerinin y\u00fcks\u0259lidilm\u0259si haqda v\u0259 \u0130ndoneziya s\u0259firi d\u0259 t\u0259rki-silah \u00fczr\u0259 apard\u0131\u011f\u0131 f\u0259aliyy\u0259tl\u0259rl\u0259 ba\u011fl\u0131 iclasa hesabat t\u0259qdim edibl\u0259r.\" \/>\n\t<meta name=\"robots\" content=\"max-image-preview:large\" \/>\n\t<meta name=\"author\" content=\"admin\"\/>\n\t<link rel=\"canonical\" href=\"https:\/\/www.islamidavet.com\/azeri\/qh-nin-koordinasiya-iclasi-iranin-s%c9%99drliyi-il%c9%99-nyu-yorkda-kecirilib\/\" \/>\n\t<meta name=\"generator\" content=\"All in One SEO (AIOSEO) 5.0.1.1\" \/>\n\t\t<meta property=\"og:locale\" content=\"tr_TR\" \/>\n\t\t<meta property=\"og:site_name\" content=\"Azeri \u0130sl\u00e2mi Davet - Az\u0259rbaycanca | Azeri \u0130sl\u00e2mi Davet - Az\u0259rbaycanca\" \/>\n\t\t<meta property=\"og:type\" content=\"article\" \/>\n\t\t<meta property=\"og:title\" content=\"QH-n\u0131n koordinasiya iclas\u0131 \u0130ran\u0131n s\u0259drliyi il\u0259 Nyu-Yorkda ke\u00e7irilib | Azeri \u0130sl\u00e2mi Davet - Az\u0259rbaycanca\" \/>\n\t\t<meta property=\"og:description\" content=\"Qo\u015fulmama H\u0259r\u0259kat\u0131na \u00fczv \u00f6lk\u0259l\u0259rin ayl\u0131q iclas\u0131 \u0130ran\u0131n QH-dak\u0131 n\u00fcmay\u0259nd\u0259si Qulam H\u00fcseyn Dehqaninin ba\u015f\u00e7\u0131l\u0131\u011f\u0131 il\u0259 BMT-d\u0259 ke\u00e7irilib. \u0130clasda Dehqani 2 ay m\u00fcdd\u0259tind\u0259 ba\u015f\u00e7\u0131l\u0131q etdiyi QH koordinasiya ofisinin f\u0259aliyy\u0259tl\u0259ri bar\u0259d\u0259 hesabat t\u0259qdim edib. H\u0259min m\u0259lumata \u0259sas\u0259n, \u018fl-C\u0259zair s\u0259firi BMT Ba\u015f Assambleyas\u0131n\u0131n yerinin y\u00fcks\u0259lidilm\u0259si haqda v\u0259 \u0130ndoneziya s\u0259firi d\u0259 t\u0259rki-silah \u00fczr\u0259 apard\u0131\u011f\u0131 f\u0259aliyy\u0259tl\u0259rl\u0259 ba\u011fl\u0131 iclasa hesabat t\u0259qdim edibl\u0259r.\" \/>\n\t\t<meta property=\"og:url\" content=\"https:\/\/www.islamidavet.com\/azeri\/qh-nin-koordinasiya-iclasi-iranin-s%c9%99drliyi-il%c9%99-nyu-yorkda-kecirilib\/\" \/>\n\t\t<meta property=\"article:published_time\" content=\"2014-03-18T15:21:18+00:00\" \/>\n\t\t<meta property=\"article:modified_time\" content=\"2014-03-18T15:24:30+00:00\" \/>\n\t\t<meta name=\"twitter:card\" content=\"summary_large_image\" \/>\n\t\t<meta name=\"twitter:title\" content=\"QH-n\u0131n koordinasiya iclas\u0131 \u0130ran\u0131n s\u0259drliyi il\u0259 Nyu-Yorkda ke\u00e7irilib | Azeri \u0130sl\u00e2mi Davet - Az\u0259rbaycanca\" \/>\n\t\t<meta name=\"twitter:description\" content=\"Qo\u015fulmama H\u0259r\u0259kat\u0131na \u00fczv \u00f6lk\u0259l\u0259rin ayl\u0131q iclas\u0131 \u0130ran\u0131n QH-dak\u0131 n\u00fcmay\u0259nd\u0259si Qulam H\u00fcseyn Dehqaninin ba\u015f\u00e7\u0131l\u0131\u011f\u0131 il\u0259 BMT-d\u0259 ke\u00e7irilib. \u0130clasda Dehqani 2 ay m\u00fcdd\u0259tind\u0259 ba\u015f\u00e7\u0131l\u0131q etdiyi QH koordinasiya ofisinin f\u0259aliyy\u0259tl\u0259ri bar\u0259d\u0259 hesabat t\u0259qdim edib. H\u0259min m\u0259lumata \u0259sas\u0259n, \u018fl-C\u0259zair s\u0259firi BMT Ba\u015f Assambleyas\u0131n\u0131n yerinin y\u00fcks\u0259lidilm\u0259si haqda v\u0259 \u0130ndoneziya s\u0259firi d\u0259 t\u0259rki-silah \u00fczr\u0259 apard\u0131\u011f\u0131 f\u0259aliyy\u0259tl\u0259rl\u0259 ba\u011fl\u0131 iclasa hesabat t\u0259qdim edibl\u0259r.\" \/>\n\t\t<script type=\"application\/ld+json\" class=\"aioseo-schema\">\n\t\t\t{\"@context\":\"https:\\\/\\\/schema.org\",\"@graph\":[{\"@type\":\"Article\",\"@id\":\"https:\\\/\\\/www.islamidavet.com\\\/azeri\\\/qh-nin-koordinasiya-iclasi-iranin-s%c9%99drliyi-il%c9%99-nyu-yorkda-kecirilib\\\/#article\",\"name\":\"QH-n\\u0131n koordinasiya iclas\\u0131 \\u0130ran\\u0131n s\\u0259drliyi il\\u0259 Nyu-Yorkda ke\\u00e7irilib | Azeri \\u0130sl\\u00e2mi Davet - Az\\u0259rbaycanca\",\"headline\":\"QH-n\\u0131n koordinasiya iclas\\u0131 \\u0130ran\\u0131n s\\u0259drliyi il\\u0259 Nyu-Yorkda ke\\u00e7irilib\",\"author\":{\"@id\":\"https:\\\/\\\/www.islamidavet.com\\\/azeri\\\/author\\\/admin\\\/#author\"},\"publisher\":{\"@id\":\"https:\\\/\\\/www.islamidavet.com\\\/azeri\\\/#organization\"},\"datePublished\":\"2014-03-18T15:21:18+05:00\",\"dateModified\":\"2014-03-18T15:24:30+05:00\",\"inLanguage\":\"tr-TR\",\"mainEntityOfPage\":{\"@id\":\"https:\\\/\\\/www.islamidavet.com\\\/azeri\\\/qh-nin-koordinasiya-iclasi-iranin-s%c9%99drliyi-il%c9%99-nyu-yorkda-kecirilib\\\/#webpage\"},\"isPartOf\":{\"@id\":\"https:\\\/\\\/www.islamidavet.com\\\/azeri\\\/qh-nin-koordinasiya-iclasi-iranin-s%c9%99drliyi-il%c9%99-nyu-yorkda-kecirilib\\\/#webpage\"},\"articleSection\":\"Asya, D\\u00fcnya, X\\u018fB\\u018fRL\\u018fR, Beyt\\u00fcl-M\\u00fcq\\u0259dd\\u0259s, F\\u0259l\\u0259stin, \\u0130ran, \\u0130slamiDavet, QH, Qo\\u015fulmama H\\u0259r\\u0259kat\\u0131, Riyaz M\\u0259nsur\"},{\"@type\":\"BreadcrumbList\",\"@id\":\"https:\\\/\\\/www.islamidavet.com\\\/azeri\\\/qh-nin-koordinasiya-iclasi-iranin-s%c9%99drliyi-il%c9%99-nyu-yorkda-kecirilib\\\/#breadcrumblist\",\"itemListElement\":[{\"@type\":\"ListItem\",\"@id\":\"https:\\\/\\\/www.islamidavet.com\\\/azeri#listItem\",\"position\":1,\"name\":\"Ev\",\"item\":\"https:\\\/\\\/www.islamidavet.com\\\/azeri\",\"nextItem\":{\"@type\":\"ListItem\",\"@id\":\"https:\\\/\\\/www.islamidavet.com\\\/azeri\\\/x%c9%99b%c9%99rl%c9%99r\\\/#listItem\",\"name\":\"X\\u018fB\\u018fRL\\u018fR\"}},{\"@type\":\"ListItem\",\"@id\":\"https:\\\/\\\/www.islamidavet.com\\\/azeri\\\/x%c9%99b%c9%99rl%c9%99r\\\/#listItem\",\"position\":2,\"name\":\"X\\u018fB\\u018fRL\\u018fR\",\"item\":\"https:\\\/\\\/www.islamidavet.com\\\/azeri\\\/x%c9%99b%c9%99rl%c9%99r\\\/\",\"nextItem\":{\"@type\":\"ListItem\",\"@id\":\"https:\\\/\\\/www.islamidavet.com\\\/azeri\\\/x%c9%99b%c9%99rl%c9%99r\\\/dunya\\\/#listItem\",\"name\":\"D\\u00fcnya\"},\"previousItem\":{\"@type\":\"ListItem\",\"@id\":\"https:\\\/\\\/www.islamidavet.com\\\/azeri#listItem\",\"name\":\"Ev\"}},{\"@type\":\"ListItem\",\"@id\":\"https:\\\/\\\/www.islamidavet.com\\\/azeri\\\/x%c9%99b%c9%99rl%c9%99r\\\/dunya\\\/#listItem\",\"position\":3,\"name\":\"D\\u00fcnya\",\"item\":\"https:\\\/\\\/www.islamidavet.com\\\/azeri\\\/x%c9%99b%c9%99rl%c9%99r\\\/dunya\\\/\",\"nextItem\":{\"@type\":\"ListItem\",\"@id\":\"https:\\\/\\\/www.islamidavet.com\\\/azeri\\\/qh-nin-koordinasiya-iclasi-iranin-s%c9%99drliyi-il%c9%99-nyu-yorkda-kecirilib\\\/#listItem\",\"name\":\"QH-n\\u0131n koordinasiya iclas\\u0131 \\u0130ran\\u0131n s\\u0259drliyi il\\u0259 Nyu-Yorkda ke\\u00e7irilib\"},\"previousItem\":{\"@type\":\"ListItem\",\"@id\":\"https:\\\/\\\/www.islamidavet.com\\\/azeri\\\/x%c9%99b%c9%99rl%c9%99r\\\/#listItem\",\"name\":\"X\\u018fB\\u018fRL\\u018fR\"}},{\"@type\":\"ListItem\",\"@id\":\"https:\\\/\\\/www.islamidavet.com\\\/azeri\\\/qh-nin-koordinasiya-iclasi-iranin-s%c9%99drliyi-il%c9%99-nyu-yorkda-kecirilib\\\/#listItem\",\"position\":4,\"name\":\"QH-n\\u0131n koordinasiya iclas\\u0131 \\u0130ran\\u0131n s\\u0259drliyi il\\u0259 Nyu-Yorkda ke\\u00e7irilib\",\"previousItem\":{\"@type\":\"ListItem\",\"@id\":\"https:\\\/\\\/www.islamidavet.com\\\/azeri\\\/x%c9%99b%c9%99rl%c9%99r\\\/dunya\\\/#listItem\",\"name\":\"D\\u00fcnya\"}}]},{\"@type\":\"Organization\",\"@id\":\"https:\\\/\\\/www.islamidavet.com\\\/azeri\\\/#organization\",\"name\":\"Azeri \\u0130sl\\u00e2mi Davet - Az\\u0259rbaycanca\",\"description\":\"Azeri \\u0130sl\\u00e2mi Davet - Az\\u0259rbaycanca\",\"url\":\"https:\\\/\\\/www.islamidavet.com\\\/azeri\\\/\"},{\"@type\":\"Person\",\"@id\":\"https:\\\/\\\/www.islamidavet.com\\\/azeri\\\/author\\\/admin\\\/#author\",\"url\":\"https:\\\/\\\/www.islamidavet.com\\\/azeri\\\/author\\\/admin\\\/\",\"name\":\"admin\",\"image\":{\"@type\":\"ImageObject\",\"@id\":\"https:\\\/\\\/www.islamidavet.com\\\/azeri\\\/qh-nin-koordinasiya-iclasi-iranin-s%c9%99drliyi-il%c9%99-nyu-yorkda-kecirilib\\\/#authorImage\",\"url\":\"https:\\\/\\\/secure.gravatar.com\\\/avatar\\\/c1d8483ec39fbbba55dfad1685bf961c55dfcb0620a6e6120073dcc7bed0ca6d?s=96&d=mm&r=g\",\"width\":96,\"height\":96,\"caption\":\"admin\"}},{\"@type\":\"WebPage\",\"@id\":\"https:\\\/\\\/www.islamidavet.com\\\/azeri\\\/qh-nin-koordinasiya-iclasi-iranin-s%c9%99drliyi-il%c9%99-nyu-yorkda-kecirilib\\\/#webpage\",\"url\":\"https:\\\/\\\/www.islamidavet.com\\\/azeri\\\/qh-nin-koordinasiya-iclasi-iranin-s%c9%99drliyi-il%c9%99-nyu-yorkda-kecirilib\\\/\",\"name\":\"QH-n\\u0131n koordinasiya iclas\\u0131 \\u0130ran\\u0131n s\\u0259drliyi il\\u0259 Nyu-Yorkda ke\\u00e7irilib | Azeri \\u0130sl\\u00e2mi Davet - Az\\u0259rbaycanca\",\"description\":\"Qo\\u015fulmama H\\u0259r\\u0259kat\\u0131na \\u00fczv \\u00f6lk\\u0259l\\u0259rin ayl\\u0131q iclas\\u0131 \\u0130ran\\u0131n QH-dak\\u0131 n\\u00fcmay\\u0259nd\\u0259si Qulam H\\u00fcseyn Dehqaninin ba\\u015f\\u00e7\\u0131l\\u0131\\u011f\\u0131 il\\u0259 BMT-d\\u0259 ke\\u00e7irilib. \\u0130clasda Dehqani 2 ay m\\u00fcdd\\u0259tind\\u0259 ba\\u015f\\u00e7\\u0131l\\u0131q etdiyi QH koordinasiya ofisinin f\\u0259aliyy\\u0259tl\\u0259ri bar\\u0259d\\u0259 hesabat t\\u0259qdim edib. H\\u0259min m\\u0259lumata \\u0259sas\\u0259n, \\u018fl-C\\u0259zair s\\u0259firi BMT Ba\\u015f Assambleyas\\u0131n\\u0131n yerinin y\\u00fcks\\u0259lidilm\\u0259si haqda v\\u0259 \\u0130ndoneziya s\\u0259firi d\\u0259 t\\u0259rki-silah \\u00fczr\\u0259 apard\\u0131\\u011f\\u0131 f\\u0259aliyy\\u0259tl\\u0259rl\\u0259 ba\\u011fl\\u0131 iclasa hesabat t\\u0259qdim edibl\\u0259r.\",\"inLanguage\":\"tr-TR\",\"isPartOf\":{\"@id\":\"https:\\\/\\\/www.islamidavet.com\\\/azeri\\\/#website\"},\"breadcrumb\":{\"@id\":\"https:\\\/\\\/www.islamidavet.com\\\/azeri\\\/qh-nin-koordinasiya-iclasi-iranin-s%c9%99drliyi-il%c9%99-nyu-yorkda-kecirilib\\\/#breadcrumblist\"},\"author\":{\"@id\":\"https:\\\/\\\/www.islamidavet.com\\\/azeri\\\/author\\\/admin\\\/#author\"},\"creator\":{\"@id\":\"https:\\\/\\\/www.islamidavet.com\\\/azeri\\\/author\\\/admin\\\/#author\"},\"datePublished\":\"2014-03-18T15:21:18+05:00\",\"dateModified\":\"2014-03-18T15:24:30+05:00\"},{\"@type\":\"WebSite\",\"@id\":\"https:\\\/\\\/www.islamidavet.com\\\/azeri\\\/#website\",\"url\":\"https:\\\/\\\/www.islamidavet.com\\\/azeri\\\/\",\"name\":\"Azeri \\u0130sl\\u00e2mi Davet - Az\\u0259rbaycanca\",\"description\":\"Azeri \\u0130sl\\u00e2mi Davet - Az\\u0259rbaycanca\",\"inLanguage\":\"tr-TR\",\"publisher\":{\"@id\":\"https:\\\/\\\/www.islamidavet.com\\\/azeri\\\/#organization\"}}]}\n\t\t<\/script>\n\t\t<!-- All in One SEO -->\n\n","aioseo_head_json":{"title":"QH-n\u0131n koordinasiya iclas\u0131 \u0130ran\u0131n s\u0259drliyi il\u0259 Nyu-Yorkda ke\u00e7irilib | Azeri \u0130sl\u00e2mi Davet - Az\u0259rbaycanca","description":"Qo\u015fulmama H\u0259r\u0259kat\u0131na \u00fczv \u00f6lk\u0259l\u0259rin ayl\u0131q iclas\u0131 \u0130ran\u0131n QH-dak\u0131 n\u00fcmay\u0259nd\u0259si Qulam H\u00fcseyn Dehqaninin ba\u015f\u00e7\u0131l\u0131\u011f\u0131 il\u0259 BMT-d\u0259 ke\u00e7irilib. \u0130clasda Dehqani 2 ay m\u00fcdd\u0259tind\u0259 ba\u015f\u00e7\u0131l\u0131q etdiyi QH koordinasiya ofisinin f\u0259aliyy\u0259tl\u0259ri bar\u0259d\u0259 hesabat t\u0259qdim edib. H\u0259min m\u0259lumata \u0259sas\u0259n, \u018fl-C\u0259zair s\u0259firi BMT Ba\u015f Assambleyas\u0131n\u0131n yerinin y\u00fcks\u0259lidilm\u0259si haqda v\u0259 \u0130ndoneziya s\u0259firi d\u0259 t\u0259rki-silah \u00fczr\u0259 apard\u0131\u011f\u0131 f\u0259aliyy\u0259tl\u0259rl\u0259 ba\u011fl\u0131 iclasa hesabat t\u0259qdim edibl\u0259r.","canonical_url":"https:\/\/www.islamidavet.com\/azeri\/qh-nin-koordinasiya-iclasi-iranin-s%c9%99drliyi-il%c9%99-nyu-yorkda-kecirilib\/","robots":"max-image-preview:large","keywords":"","webmasterTools":{"miscellaneous":""},"schema":{"@context":"https:\/\/schema.org","@graph":[{"@type":"Article","@id":"https:\/\/www.islamidavet.com\/azeri\/qh-nin-koordinasiya-iclasi-iranin-s%c9%99drliyi-il%c9%99-nyu-yorkda-kecirilib\/#article","name":"QH-n\u0131n koordinasiya iclas\u0131 \u0130ran\u0131n s\u0259drliyi il\u0259 Nyu-Yorkda ke\u00e7irilib | Azeri \u0130sl\u00e2mi Davet - Az\u0259rbaycanca","headline":"QH-n\u0131n koordinasiya iclas\u0131 \u0130ran\u0131n s\u0259drliyi il\u0259 Nyu-Yorkda ke\u00e7irilib","author":{"@id":"https:\/\/www.islamidavet.com\/azeri\/author\/admin\/#author"},"publisher":{"@id":"https:\/\/www.islamidavet.com\/azeri\/#organization"},"datePublished":"2014-03-18T15:21:18+05:00","dateModified":"2014-03-18T15:24:30+05:00","inLanguage":"tr-TR","mainEntityOfPage":{"@id":"https:\/\/www.islamidavet.com\/azeri\/qh-nin-koordinasiya-iclasi-iranin-s%c9%99drliyi-il%c9%99-nyu-yorkda-kecirilib\/#webpage"},"isPartOf":{"@id":"https:\/\/www.islamidavet.com\/azeri\/qh-nin-koordinasiya-iclasi-iranin-s%c9%99drliyi-il%c9%99-nyu-yorkda-kecirilib\/#webpage"},"articleSection":"Asya, D\u00fcnya, X\u018fB\u018fRL\u018fR, Beyt\u00fcl-M\u00fcq\u0259dd\u0259s, F\u0259l\u0259stin, \u0130ran, \u0130slamiDavet, QH, Qo\u015fulmama H\u0259r\u0259kat\u0131, Riyaz M\u0259nsur"},{"@type":"BreadcrumbList","@id":"https:\/\/www.islamidavet.com\/azeri\/qh-nin-koordinasiya-iclasi-iranin-s%c9%99drliyi-il%c9%99-nyu-yorkda-kecirilib\/#breadcrumblist","itemListElement":[{"@type":"ListItem","@id":"https:\/\/www.islamidavet.com\/azeri#listItem","position":1,"name":"Ev","item":"https:\/\/www.islamidavet.com\/azeri","nextItem":{"@type":"ListItem","@id":"https:\/\/www.islamidavet.com\/azeri\/x%c9%99b%c9%99rl%c9%99r\/#listItem","name":"X\u018fB\u018fRL\u018fR"}},{"@type":"ListItem","@id":"https:\/\/www.islamidavet.com\/azeri\/x%c9%99b%c9%99rl%c9%99r\/#listItem","position":2,"name":"X\u018fB\u018fRL\u018fR","item":"https:\/\/www.islamidavet.com\/azeri\/x%c9%99b%c9%99rl%c9%99r\/","nextItem":{"@type":"ListItem","@id":"https:\/\/www.islamidavet.com\/azeri\/x%c9%99b%c9%99rl%c9%99r\/dunya\/#listItem","name":"D\u00fcnya"},"previousItem":{"@type":"ListItem","@id":"https:\/\/www.islamidavet.com\/azeri#listItem","name":"Ev"}},{"@type":"ListItem","@id":"https:\/\/www.islamidavet.com\/azeri\/x%c9%99b%c9%99rl%c9%99r\/dunya\/#listItem","position":3,"name":"D\u00fcnya","item":"https:\/\/www.islamidavet.com\/azeri\/x%c9%99b%c9%99rl%c9%99r\/dunya\/","nextItem":{"@type":"ListItem","@id":"https:\/\/www.islamidavet.com\/azeri\/qh-nin-koordinasiya-iclasi-iranin-s%c9%99drliyi-il%c9%99-nyu-yorkda-kecirilib\/#listItem","name":"QH-n\u0131n koordinasiya iclas\u0131 \u0130ran\u0131n s\u0259drliyi il\u0259 Nyu-Yorkda ke\u00e7irilib"},"previousItem":{"@type":"ListItem","@id":"https:\/\/www.islamidavet.com\/azeri\/x%c9%99b%c9%99rl%c9%99r\/#listItem","name":"X\u018fB\u018fRL\u018fR"}},{"@type":"ListItem","@id":"https:\/\/www.islamidavet.com\/azeri\/qh-nin-koordinasiya-iclasi-iranin-s%c9%99drliyi-il%c9%99-nyu-yorkda-kecirilib\/#listItem","position":4,"name":"QH-n\u0131n koordinasiya iclas\u0131 \u0130ran\u0131n s\u0259drliyi il\u0259 Nyu-Yorkda ke\u00e7irilib","previousItem":{"@type":"ListItem","@id":"https:\/\/www.islamidavet.com\/azeri\/x%c9%99b%c9%99rl%c9%99r\/dunya\/#listItem","name":"D\u00fcnya"}}]},{"@type":"Organization","@id":"https:\/\/www.islamidavet.com\/azeri\/#organization","name":"Azeri \u0130sl\u00e2mi Davet - Az\u0259rbaycanca","description":"Azeri \u0130sl\u00e2mi Davet - Az\u0259rbaycanca","url":"https:\/\/www.islamidavet.com\/azeri\/"},{"@type":"Person","@id":"https:\/\/www.islamidavet.com\/azeri\/author\/admin\/#author","url":"https:\/\/www.islamidavet.com\/azeri\/author\/admin\/","name":"admin","image":{"@type":"ImageObject","@id":"https:\/\/www.islamidavet.com\/azeri\/qh-nin-koordinasiya-iclasi-iranin-s%c9%99drliyi-il%c9%99-nyu-yorkda-kecirilib\/#authorImage","url":"https:\/\/secure.gravatar.com\/avatar\/c1d8483ec39fbbba55dfad1685bf961c55dfcb0620a6e6120073dcc7bed0ca6d?s=96&d=mm&r=g","width":96,"height":96,"caption":"admin"}},{"@type":"WebPage","@id":"https:\/\/www.islamidavet.com\/azeri\/qh-nin-koordinasiya-iclasi-iranin-s%c9%99drliyi-il%c9%99-nyu-yorkda-kecirilib\/#webpage","url":"https:\/\/www.islamidavet.com\/azeri\/qh-nin-koordinasiya-iclasi-iranin-s%c9%99drliyi-il%c9%99-nyu-yorkda-kecirilib\/","name":"QH-n\u0131n koordinasiya iclas\u0131 \u0130ran\u0131n s\u0259drliyi il\u0259 Nyu-Yorkda ke\u00e7irilib | Azeri \u0130sl\u00e2mi Davet - Az\u0259rbaycanca","description":"Qo\u015fulmama H\u0259r\u0259kat\u0131na \u00fczv \u00f6lk\u0259l\u0259rin ayl\u0131q iclas\u0131 \u0130ran\u0131n QH-dak\u0131 n\u00fcmay\u0259nd\u0259si Qulam H\u00fcseyn Dehqaninin ba\u015f\u00e7\u0131l\u0131\u011f\u0131 il\u0259 BMT-d\u0259 ke\u00e7irilib. \u0130clasda Dehqani 2 ay m\u00fcdd\u0259tind\u0259 ba\u015f\u00e7\u0131l\u0131q etdiyi QH koordinasiya ofisinin f\u0259aliyy\u0259tl\u0259ri bar\u0259d\u0259 hesabat t\u0259qdim edib. H\u0259min m\u0259lumata \u0259sas\u0259n, \u018fl-C\u0259zair s\u0259firi BMT Ba\u015f Assambleyas\u0131n\u0131n yerinin y\u00fcks\u0259lidilm\u0259si haqda v\u0259 \u0130ndoneziya s\u0259firi d\u0259 t\u0259rki-silah \u00fczr\u0259 apard\u0131\u011f\u0131 f\u0259aliyy\u0259tl\u0259rl\u0259 ba\u011fl\u0131 iclasa hesabat t\u0259qdim edibl\u0259r.","inLanguage":"tr-TR","isPartOf":{"@id":"https:\/\/www.islamidavet.com\/azeri\/#website"},"breadcrumb":{"@id":"https:\/\/www.islamidavet.com\/azeri\/qh-nin-koordinasiya-iclasi-iranin-s%c9%99drliyi-il%c9%99-nyu-yorkda-kecirilib\/#breadcrumblist"},"author":{"@id":"https:\/\/www.islamidavet.com\/azeri\/author\/admin\/#author"},"creator":{"@id":"https:\/\/www.islamidavet.com\/azeri\/author\/admin\/#author"},"datePublished":"2014-03-18T15:21:18+05:00","dateModified":"2014-03-18T15:24:30+05:00"},{"@type":"WebSite","@id":"https:\/\/www.islamidavet.com\/azeri\/#website","url":"https:\/\/www.islamidavet.com\/azeri\/","name":"Azeri \u0130sl\u00e2mi Davet - Az\u0259rbaycanca","description":"Azeri \u0130sl\u00e2mi Davet - Az\u0259rbaycanca","inLanguage":"tr-TR","publisher":{"@id":"https:\/\/www.islamidavet.com\/azeri\/#organization"}}]},"og:locale":"tr_TR","og:site_name":"Azeri \u0130sl\u00e2mi Davet - Az\u0259rbaycanca | Azeri \u0130sl\u00e2mi Davet - Az\u0259rbaycanca","og:type":"article","og:title":"QH-n\u0131n koordinasiya iclas\u0131 \u0130ran\u0131n s\u0259drliyi il\u0259 Nyu-Yorkda ke\u00e7irilib | Azeri \u0130sl\u00e2mi Davet - Az\u0259rbaycanca","og:description":"Qo\u015fulmama H\u0259r\u0259kat\u0131na \u00fczv \u00f6lk\u0259l\u0259rin ayl\u0131q iclas\u0131 \u0130ran\u0131n QH-dak\u0131 n\u00fcmay\u0259nd\u0259si Qulam H\u00fcseyn Dehqaninin ba\u015f\u00e7\u0131l\u0131\u011f\u0131 il\u0259 BMT-d\u0259 ke\u00e7irilib. \u0130clasda Dehqani 2 ay m\u00fcdd\u0259tind\u0259 ba\u015f\u00e7\u0131l\u0131q etdiyi QH koordinasiya ofisinin f\u0259aliyy\u0259tl\u0259ri bar\u0259d\u0259 hesabat t\u0259qdim edib. H\u0259min m\u0259lumata \u0259sas\u0259n, \u018fl-C\u0259zair s\u0259firi BMT Ba\u015f Assambleyas\u0131n\u0131n yerinin y\u00fcks\u0259lidilm\u0259si haqda v\u0259 \u0130ndoneziya s\u0259firi d\u0259 t\u0259rki-silah \u00fczr\u0259 apard\u0131\u011f\u0131 f\u0259aliyy\u0259tl\u0259rl\u0259 ba\u011fl\u0131 iclasa hesabat t\u0259qdim edibl\u0259r.","og:url":"https:\/\/www.islamidavet.com\/azeri\/qh-nin-koordinasiya-iclasi-iranin-s%c9%99drliyi-il%c9%99-nyu-yorkda-kecirilib\/","article:published_time":"2014-03-18T15:21:18+00:00","article:modified_time":"2014-03-18T15:24:30+00:00","twitter:card":"summary_large_image","twitter:title":"QH-n\u0131n koordinasiya iclas\u0131 \u0130ran\u0131n s\u0259drliyi il\u0259 Nyu-Yorkda ke\u00e7irilib | Azeri \u0130sl\u00e2mi Davet - Az\u0259rbaycanca","twitter:description":"Qo\u015fulmama H\u0259r\u0259kat\u0131na \u00fczv \u00f6lk\u0259l\u0259rin ayl\u0131q iclas\u0131 \u0130ran\u0131n QH-dak\u0131 n\u00fcmay\u0259nd\u0259si Qulam H\u00fcseyn Dehqaninin ba\u015f\u00e7\u0131l\u0131\u011f\u0131 il\u0259 BMT-d\u0259 ke\u00e7irilib. \u0130clasda Dehqani 2 ay m\u00fcdd\u0259tind\u0259 ba\u015f\u00e7\u0131l\u0131q etdiyi QH koordinasiya ofisinin f\u0259aliyy\u0259tl\u0259ri bar\u0259d\u0259 hesabat t\u0259qdim edib. H\u0259min m\u0259lumata \u0259sas\u0259n, \u018fl-C\u0259zair s\u0259firi BMT Ba\u015f Assambleyas\u0131n\u0131n yerinin y\u00fcks\u0259lidilm\u0259si haqda v\u0259 \u0130ndoneziya s\u0259firi d\u0259 t\u0259rki-silah \u00fczr\u0259 apard\u0131\u011f\u0131 f\u0259aliyy\u0259tl\u0259rl\u0259 ba\u011fl\u0131 iclasa hesabat t\u0259qdim edibl\u0259r."},"aioseo_meta_data":{"post_id":"22244","title":null,"description":null,"keywords":null,"keyphrases":null,"primary_term":null,"canonical_url":null,"og_title":null,"og_description":null,"og_object_type":"default","og_image_type":"default","og_image_url":null,"og_image_width":null,"og_image_height":null,"og_image_custom_url":null,"og_image_custom_fields":null,"og_video":null,"og_custom_url":null,"og_article_section":null,"og_article_tags":null,"twitter_use_og":false,"twitter_card":"default","twitter_image_type":"default","twitter_image_url":null,"twitter_image_custom_url":null,"twitter_image_custom_fields":null,"twitter_title":null,"twitter_description":null,"schema":{"blockGraphs":[],"customGraphs":[],"default":{"data":{"Article":[],"Course":[],"Dataset":[],"FAQPage":[],"Movie":[],"Person":[],"Product":[],"ProductReview":[],"Car":[],"Recipe":[],"Service":[],"SoftwareApplication":[],"WebPage":[]},"graphName":"","isEnabled":true},"graphs":[]},"schema_type":"default","schema_type_options":null,"pillar_content":false,"robots_default":true,"robots_noindex":false,"robots_noarchive":false,"robots_nosnippet":false,"robots_nofollow":false,"robots_noimageindex":false,"robots_noodp":false,"robots_notranslate":false,"robots_max_snippet":null,"robots_max_videopreview":null,"robots_max_imagepreview":"large","priority":null,"frequency":null,"local_seo":null,"breadcrumb_settings":null,"limit_modified_date":false,"ai":null,"created":"2024-07-21 20:20:05","updated":"2025-06-05 23:35:47","seo_analyzer_scan_date":null,"focus_keyword":null,"additional_keywords":null,"truseo_locale":null},"aioseo_breadcrumb":"<div class=\"aioseo-breadcrumbs\"><span class=\"aioseo-breadcrumb\">\n\t\t\t<a href=\"https:\/\/www.islamidavet.com\/azeri\" title=\"Ev\">Ev<\/a>\n\t\t<\/span><span class=\"aioseo-breadcrumb-separator\">&raquo;<\/span><span class=\"aioseo-breadcrumb\">\n\t\t\t<a href=\"https:\/\/www.islamidavet.com\/azeri\/x%c9%99b%c9%99rl%c9%99r\/\" title=\"X\u018fB\u018fRL\u018fR\">X\u018fB\u018fRL\u018fR<\/a>\n\t\t<\/span><span class=\"aioseo-breadcrumb-separator\">&raquo;<\/span><span class=\"aioseo-breadcrumb\">\n\t\t\t<a href=\"https:\/\/www.islamidavet.com\/azeri\/x%c9%99b%c9%99rl%c9%99r\/dunya\/\" title=\"D\u00fcnya\">D\u00fcnya<\/a>\n\t\t<\/span><span class=\"aioseo-breadcrumb-separator\">&raquo;<\/span><span class=\"aioseo-breadcrumb\">\n\t\t\tQH-n\u0131n koordinasiya iclas\u0131 \u0130ran\u0131n s\u0259drliyi il\u0259 Nyu-Yorkda ke\u00e7irilib\n\t\t<\/span><\/div>","aioseo_breadcrumb_json":[{"label":"Ev","link":"https:\/\/www.islamidavet.com\/azeri"},{"label":"X\u018fB\u018fRL\u018fR","link":"https:\/\/www.islamidavet.com\/azeri\/x%c9%99b%c9%99rl%c9%99r\/"},{"label":"D\u00fcnya","link":"https:\/\/www.islamidavet.com\/azeri\/x%c9%99b%c9%99rl%c9%99r\/dunya\/"},{"label":"QH-n\u0131n koordinasiya iclas\u0131 \u0130ran\u0131n s\u0259drliyi il\u0259 Nyu-Yorkda ke\u00e7irilib","link":"https:\/\/www.islamidavet.com\/azeri\/qh-nin-koordinasiya-iclasi-iranin-s%c9%99drliyi-il%c9%99-nyu-yorkda-kecirilib\/"}],"amp_enabled":true,"_links":{"self":[{"href":"https:\/\/www.islamidavet.com\/azeri\/wp-json\/wp\/v2\/posts\/22244","targetHints":{"allow":["GET"]}}],"collection":[{"href":"https:\/\/www.islamidavet.com\/azeri\/wp-json\/wp\/v2\/posts"}],"about":[{"href":"https:\/\/www.islamidavet.com\/azeri\/wp-json\/wp\/v2\/types\/post"}],"author":[{"embeddable":true,"href":"https:\/\/www.islamidavet.com\/azeri\/wp-json\/wp\/v2\/users\/1"}],"replies":[{"embeddable":true,"href":"https:\/\/www.islamidavet.com\/azeri\/wp-json\/wp\/v2\/comments?post=22244"}],"version-history":[{"count":0,"href":"https:\/\/www.islamidavet.com\/azeri\/wp-json\/wp\/v2\/posts\/22244\/revisions"}],"wp:attachment":[{"href":"https:\/\/www.islamidavet.com\/azeri\/wp-json\/wp\/v2\/media?parent=22244"}],"wp:term":[{"taxonomy":"category","embeddable":true,"href":"https:\/\/www.islamidavet.com\/azeri\/wp-json\/wp\/v2\/categories?post=22244"},{"taxonomy":"post_tag","embeddable":true,"href":"https:\/\/www.islamidavet.com\/azeri\/wp-json\/wp\/v2\/tags?post=22244"}],"curies":[{"name":"wp","href":"https:\/\/api.w.org\/{rel}","templated":true}]}}