{"id":24677,"date":"2014-05-03T14:06:02","date_gmt":"2014-05-03T09:06:02","guid":{"rendered":"http:\/\/www.islamidavet.com\/azeri\/?p=24677"},"modified":"2014-05-03T14:06:02","modified_gmt":"2014-05-03T09:06:02","slug":"h%c9%99mas-lideri-nezih-%c9%99bu-avn-q%c9%99rb-s%c9%99riy%c9%99d%c9%99ki-tutuklamalara-reaksiya-gost%c9%99rdi","status":"publish","type":"post","link":"https:\/\/www.islamidavet.com\/azeri\/h%c9%99mas-lideri-nezih-%c9%99bu-avn-q%c9%99rb-s%c9%99riy%c9%99d%c9%99ki-tutuklamalara-reaksiya-gost%c9%99rdi\/","title":{"rendered":"H\u0259mas lideri Nezih \u018fbu Avn, Q\u0259rb \u015e\u0259riy\u0259d\u0259ki tutuklamalara reaksiya g\u00f6st\u0259rdi"},"content":{"rendered":"<p>\u0130slami M\u00fcqavim\u0259t H\u0259r\u0259kat\u0131 H\u0259mas\u0131n D\u00f6l \u015f\u0259h\u0259rind\u0259ki liderl\u0259rind\u0259n Nezih \u018fbu Avn i\u015f\u011fal rejimi zindanlar\u0131nda ill\u0259rc\u0259 qald\u0131qdan sonra azadl\u0131\u011fa qovu\u015fan \u0259sirl\u0259rin Q\u0259rb Yaxada t\u0259krar tutuklanmalar\u0131n\u0131 \u015fidd\u0259tl\u0259 q\u0131nad\u0131 .<\/p>\n<p>\u0130ctimai payla\u015fma sayt\u0131 Facebook \u00fcz\u0259rind\u0259n azad insanlar\u0131n tutuklanmalar\u0131na s\u0259rt reaksiya g\u00f6st\u0259r\u0259n H\u0259mas lideri \u018fbu Avn , \u00f6z\u00fcrl\u00fc\u011fe qovu\u015fmu\u015f olan \u0259sirl\u0259rin t\u0259qib edilib narahat edilm\u0259l\u0259ri v\u0259 ya tutuklanmalar\u0131n\u0131n raz\u0131l\u0131q prosesinin m\u00fcv\u0259ff\u0259qiyy\u0259t\u0259 \u00e7atmas\u0131n\u0131 ist\u0259m\u0259y\u0259n v\u0259 m\u00fcsb\u0259t havan\u0131 pozmaq ist\u0259y\u0259n insanlar\u0131n i\u015fi oldu\u011funu s\u00f6yl\u0259di<\/p>\n<p>\u018fbu Avn etdiyi \u015f\u0259rhd\u0259 ayr\u0131ca , Mahmud Abbasa ba\u011fl\u0131 k\u0259\u015ffiyyat vahidinin \u018fl -X\u0259lil \u015f\u0259h\u0259rind\u0259 bir h\u0259ft\u0259 \u0259vv\u0259l i\u015f\u011fal rejimi t\u0259r\u0259find\u0259n s\u0259rb\u0259st burax\u0131lan F\u0259l\u0259stinli \u0259sir Eymen \u018fli \u018fbu Arkub&#8217;u h\u0259bs ist\u0259diyin\u0259 diqq\u0259t \u00e7\u0259k\u0259r\u0259k , b\u0259zi dair\u0259l\u0259rin siyasi tutuklamalara davam ed\u0259r\u0259k raz\u0131l\u0131q s\u0259yl\u0259rini iflasa u\u011fratmaq ist\u0259diyini ifad\u0259 etdi.<\/p>\n<p>23 Aprel \u00c7\u0259r\u015f\u0259nb\u0259 g\u00fcn\u00fc Q\u0259zzada elan edil\u0259n raz\u0131l\u0131q raz\u0131la\u015fmas\u0131 F\u0259l\u0259stin xalq\u0131 aras\u0131nda b\u00f6y\u00fck bir sevinc\u0259 s\u0259b\u0259b olark\u0259n , x\u0259b\u0259r i\u015f\u011fal rejimi \u0130srail , Amerika v\u0259 onlar\u0131n orbitind\u0259 ged\u0259n seqmentl\u0259ri narahat etdi.<\/p>\n","protected":false},"excerpt":{"rendered":"<p>\u0130slami M\u00fcqavim\u0259t H\u0259r\u0259kat\u0131 H\u0259mas\u0131n D\u00f6l \u015f\u0259h\u0259rind\u0259ki liderl\u0259rind\u0259n Nezih \u018fbu Avn i\u015f\u011fal rejimi zindanlar\u0131nda ill\u0259rc\u0259 qald\u0131qdan sonra azadl\u0131\u011fa qovu\u015fan \u0259sirl\u0259rin Q\u0259rb Yaxada t\u0259krar tutuklanmalar\u0131n\u0131 \u015fidd\u0259tl\u0259 q\u0131nad\u0131 . \u0130ctimai payla\u015fma sayt\u0131 Facebook \u00fcz\u0259rind\u0259n azad insanlar\u0131n tutuklanmalar\u0131na s\u0259rt reaksiya g\u00f6st\u0259r\u0259n H\u0259mas lideri \u018fbu Avn , \u00f6z\u00fcrl\u00fc\u011fe qovu\u015fmu\u015f olan \u0259sirl\u0259rin t\u0259qib edilib narahat edilm\u0259l\u0259ri v\u0259 ya tutuklanmalar\u0131n\u0131n raz\u0131l\u0131q prosesinin &hellip;<\/p>\n","protected":false},"author":1,"featured_media":0,"comment_status":"open","ping_status":"open","sticky":false,"template":"","format":"standard","meta":{"footnotes":""},"categories":[112,8,6,2],"tags":[1528,17380,1553,17381],"class_list":["post-24677","post","type-post","status-publish","format-standard","hentry","category-asya","category-dunya","category-flstin","category-xbrlr","tag-hmas","tag-hmas-lideri-nezih-bu-avn","tag-islami-muqavimt-hrkati","tag-qrb-sriyd"],"aioseo_notices":[],"aioseo_head":"\n\t\t<!-- All in One SEO 5.0.1.1 - aioseo.com -->\n\t<meta name=\"description\" content=\"\u0130slami M\u00fcqavim\u0259t H\u0259r\u0259kat\u0131 H\u0259mas\u0131n D\u00f6l \u015f\u0259h\u0259rind\u0259ki liderl\u0259rind\u0259n Nezih \u018fbu Avn i\u015f\u011fal rejimi zindanlar\u0131nda ill\u0259rc\u0259 qald\u0131qdan sonra azadl\u0131\u011fa qovu\u015fan \u0259sirl\u0259rin Q\u0259rb Yaxada t\u0259krar tutuklanmalar\u0131n\u0131 \u015fidd\u0259tl\u0259 q\u0131nad\u0131 . \u0130ctimai payla\u015fma sayt\u0131 Facebook \u00fcz\u0259rind\u0259n azad insanlar\u0131n tutuklanmalar\u0131na s\u0259rt reaksiya g\u00f6st\u0259r\u0259n H\u0259mas lideri \u018fbu Avn , \u00f6z\u00fcrl\u00fc\u011fe qovu\u015fmu\u015f olan \u0259sirl\u0259rin t\u0259qib edilib narahat edilm\u0259l\u0259ri v\u0259 ya tutuklanmalar\u0131n\u0131n raz\u0131l\u0131q prosesinin\" \/>\n\t<meta name=\"robots\" content=\"max-image-preview:large\" \/>\n\t<meta name=\"author\" content=\"admin\"\/>\n\t<link rel=\"canonical\" href=\"https:\/\/www.islamidavet.com\/azeri\/h%c9%99mas-lideri-nezih-%c9%99bu-avn-q%c9%99rb-s%c9%99riy%c9%99d%c9%99ki-tutuklamalara-reaksiya-gost%c9%99rdi\/\" \/>\n\t<meta name=\"generator\" content=\"All in One SEO (AIOSEO) 5.0.1.1\" \/>\n\t\t<meta property=\"og:locale\" content=\"tr_TR\" \/>\n\t\t<meta property=\"og:site_name\" content=\"Azeri \u0130sl\u00e2mi Davet - Az\u0259rbaycanca | Azeri \u0130sl\u00e2mi Davet - Az\u0259rbaycanca\" \/>\n\t\t<meta property=\"og:type\" content=\"article\" \/>\n\t\t<meta property=\"og:title\" content=\"H\u0259mas lideri Nezih \u018fbu Avn, Q\u0259rb \u015e\u0259riy\u0259d\u0259ki tutuklamalara reaksiya g\u00f6st\u0259rdi | Azeri \u0130sl\u00e2mi Davet - Az\u0259rbaycanca\" \/>\n\t\t<meta property=\"og:description\" content=\"\u0130slami M\u00fcqavim\u0259t H\u0259r\u0259kat\u0131 H\u0259mas\u0131n D\u00f6l \u015f\u0259h\u0259rind\u0259ki liderl\u0259rind\u0259n Nezih \u018fbu Avn i\u015f\u011fal rejimi zindanlar\u0131nda ill\u0259rc\u0259 qald\u0131qdan sonra azadl\u0131\u011fa qovu\u015fan \u0259sirl\u0259rin Q\u0259rb Yaxada t\u0259krar tutuklanmalar\u0131n\u0131 \u015fidd\u0259tl\u0259 q\u0131nad\u0131 . \u0130ctimai payla\u015fma sayt\u0131 Facebook \u00fcz\u0259rind\u0259n azad insanlar\u0131n tutuklanmalar\u0131na s\u0259rt reaksiya g\u00f6st\u0259r\u0259n H\u0259mas lideri \u018fbu Avn , \u00f6z\u00fcrl\u00fc\u011fe qovu\u015fmu\u015f olan \u0259sirl\u0259rin t\u0259qib edilib narahat edilm\u0259l\u0259ri v\u0259 ya tutuklanmalar\u0131n\u0131n raz\u0131l\u0131q prosesinin\" \/>\n\t\t<meta property=\"og:url\" content=\"https:\/\/www.islamidavet.com\/azeri\/h%c9%99mas-lideri-nezih-%c9%99bu-avn-q%c9%99rb-s%c9%99riy%c9%99d%c9%99ki-tutuklamalara-reaksiya-gost%c9%99rdi\/\" \/>\n\t\t<meta property=\"article:published_time\" content=\"2014-05-03T09:06:02+00:00\" \/>\n\t\t<meta property=\"article:modified_time\" content=\"2014-05-03T09:06:02+00:00\" \/>\n\t\t<meta name=\"twitter:card\" content=\"summary_large_image\" \/>\n\t\t<meta name=\"twitter:title\" content=\"H\u0259mas lideri Nezih \u018fbu Avn, Q\u0259rb \u015e\u0259riy\u0259d\u0259ki tutuklamalara reaksiya g\u00f6st\u0259rdi | Azeri \u0130sl\u00e2mi Davet - Az\u0259rbaycanca\" \/>\n\t\t<meta name=\"twitter:description\" content=\"\u0130slami M\u00fcqavim\u0259t H\u0259r\u0259kat\u0131 H\u0259mas\u0131n D\u00f6l \u015f\u0259h\u0259rind\u0259ki liderl\u0259rind\u0259n Nezih \u018fbu Avn i\u015f\u011fal rejimi zindanlar\u0131nda ill\u0259rc\u0259 qald\u0131qdan sonra azadl\u0131\u011fa qovu\u015fan \u0259sirl\u0259rin Q\u0259rb Yaxada t\u0259krar tutuklanmalar\u0131n\u0131 \u015fidd\u0259tl\u0259 q\u0131nad\u0131 . \u0130ctimai payla\u015fma sayt\u0131 Facebook \u00fcz\u0259rind\u0259n azad insanlar\u0131n tutuklanmalar\u0131na s\u0259rt reaksiya g\u00f6st\u0259r\u0259n H\u0259mas lideri \u018fbu Avn , \u00f6z\u00fcrl\u00fc\u011fe qovu\u015fmu\u015f olan \u0259sirl\u0259rin t\u0259qib edilib narahat edilm\u0259l\u0259ri v\u0259 ya tutuklanmalar\u0131n\u0131n raz\u0131l\u0131q prosesinin\" \/>\n\t\t<script type=\"application\/ld+json\" class=\"aioseo-schema\">\n\t\t\t{\"@context\":\"https:\\\/\\\/schema.org\",\"@graph\":[{\"@type\":\"Article\",\"@id\":\"https:\\\/\\\/www.islamidavet.com\\\/azeri\\\/h%c9%99mas-lideri-nezih-%c9%99bu-avn-q%c9%99rb-s%c9%99riy%c9%99d%c9%99ki-tutuklamalara-reaksiya-gost%c9%99rdi\\\/#article\",\"name\":\"H\\u0259mas lideri Nezih \\u018fbu Avn, Q\\u0259rb \\u015e\\u0259riy\\u0259d\\u0259ki tutuklamalara reaksiya g\\u00f6st\\u0259rdi | Azeri \\u0130sl\\u00e2mi Davet - Az\\u0259rbaycanca\",\"headline\":\"H\\u0259mas lideri Nezih \\u018fbu Avn, Q\\u0259rb \\u015e\\u0259riy\\u0259d\\u0259ki tutuklamalara reaksiya g\\u00f6st\\u0259rdi\",\"author\":{\"@id\":\"https:\\\/\\\/www.islamidavet.com\\\/azeri\\\/author\\\/admin\\\/#author\"},\"publisher\":{\"@id\":\"https:\\\/\\\/www.islamidavet.com\\\/azeri\\\/#organization\"},\"datePublished\":\"2014-05-03T14:06:02+05:00\",\"dateModified\":\"2014-05-03T14:06:02+05:00\",\"inLanguage\":\"tr-TR\",\"mainEntityOfPage\":{\"@id\":\"https:\\\/\\\/www.islamidavet.com\\\/azeri\\\/h%c9%99mas-lideri-nezih-%c9%99bu-avn-q%c9%99rb-s%c9%99riy%c9%99d%c9%99ki-tutuklamalara-reaksiya-gost%c9%99rdi\\\/#webpage\"},\"isPartOf\":{\"@id\":\"https:\\\/\\\/www.islamidavet.com\\\/azeri\\\/h%c9%99mas-lideri-nezih-%c9%99bu-avn-q%c9%99rb-s%c9%99riy%c9%99d%c9%99ki-tutuklamalara-reaksiya-gost%c9%99rdi\\\/#webpage\"},\"articleSection\":\"Asya, D\\u00fcnya, F\\u0259l\\u0259stin, X\\u018fB\\u018fRL\\u018fR, H\\u0259mas, H\\u0259mas lideri Nezih \\u018fbu Avn, \\u0130slami M\\u00fcqavim\\u0259t H\\u0259r\\u0259kat\\u0131, Q\\u0259rb \\u015e\\u0259riy\\u0259d\"},{\"@type\":\"BreadcrumbList\",\"@id\":\"https:\\\/\\\/www.islamidavet.com\\\/azeri\\\/h%c9%99mas-lideri-nezih-%c9%99bu-avn-q%c9%99rb-s%c9%99riy%c9%99d%c9%99ki-tutuklamalara-reaksiya-gost%c9%99rdi\\\/#breadcrumblist\",\"itemListElement\":[{\"@type\":\"ListItem\",\"@id\":\"https:\\\/\\\/www.islamidavet.com\\\/azeri#listItem\",\"position\":1,\"name\":\"Ev\",\"item\":\"https:\\\/\\\/www.islamidavet.com\\\/azeri\",\"nextItem\":{\"@type\":\"ListItem\",\"@id\":\"https:\\\/\\\/www.islamidavet.com\\\/azeri\\\/x%c9%99b%c9%99rl%c9%99r\\\/#listItem\",\"name\":\"X\\u018fB\\u018fRL\\u018fR\"}},{\"@type\":\"ListItem\",\"@id\":\"https:\\\/\\\/www.islamidavet.com\\\/azeri\\\/x%c9%99b%c9%99rl%c9%99r\\\/#listItem\",\"position\":2,\"name\":\"X\\u018fB\\u018fRL\\u018fR\",\"item\":\"https:\\\/\\\/www.islamidavet.com\\\/azeri\\\/x%c9%99b%c9%99rl%c9%99r\\\/\",\"nextItem\":{\"@type\":\"ListItem\",\"@id\":\"https:\\\/\\\/www.islamidavet.com\\\/azeri\\\/x%c9%99b%c9%99rl%c9%99r\\\/f%c9%99l%c9%99stin\\\/#listItem\",\"name\":\"F\\u0259l\\u0259stin\"},\"previousItem\":{\"@type\":\"ListItem\",\"@id\":\"https:\\\/\\\/www.islamidavet.com\\\/azeri#listItem\",\"name\":\"Ev\"}},{\"@type\":\"ListItem\",\"@id\":\"https:\\\/\\\/www.islamidavet.com\\\/azeri\\\/x%c9%99b%c9%99rl%c9%99r\\\/f%c9%99l%c9%99stin\\\/#listItem\",\"position\":3,\"name\":\"F\\u0259l\\u0259stin\",\"item\":\"https:\\\/\\\/www.islamidavet.com\\\/azeri\\\/x%c9%99b%c9%99rl%c9%99r\\\/f%c9%99l%c9%99stin\\\/\",\"nextItem\":{\"@type\":\"ListItem\",\"@id\":\"https:\\\/\\\/www.islamidavet.com\\\/azeri\\\/h%c9%99mas-lideri-nezih-%c9%99bu-avn-q%c9%99rb-s%c9%99riy%c9%99d%c9%99ki-tutuklamalara-reaksiya-gost%c9%99rdi\\\/#listItem\",\"name\":\"H\\u0259mas lideri Nezih \\u018fbu Avn, Q\\u0259rb \\u015e\\u0259riy\\u0259d\\u0259ki tutuklamalara reaksiya g\\u00f6st\\u0259rdi\"},\"previousItem\":{\"@type\":\"ListItem\",\"@id\":\"https:\\\/\\\/www.islamidavet.com\\\/azeri\\\/x%c9%99b%c9%99rl%c9%99r\\\/#listItem\",\"name\":\"X\\u018fB\\u018fRL\\u018fR\"}},{\"@type\":\"ListItem\",\"@id\":\"https:\\\/\\\/www.islamidavet.com\\\/azeri\\\/h%c9%99mas-lideri-nezih-%c9%99bu-avn-q%c9%99rb-s%c9%99riy%c9%99d%c9%99ki-tutuklamalara-reaksiya-gost%c9%99rdi\\\/#listItem\",\"position\":4,\"name\":\"H\\u0259mas lideri Nezih \\u018fbu Avn, Q\\u0259rb \\u015e\\u0259riy\\u0259d\\u0259ki tutuklamalara reaksiya g\\u00f6st\\u0259rdi\",\"previousItem\":{\"@type\":\"ListItem\",\"@id\":\"https:\\\/\\\/www.islamidavet.com\\\/azeri\\\/x%c9%99b%c9%99rl%c9%99r\\\/f%c9%99l%c9%99stin\\\/#listItem\",\"name\":\"F\\u0259l\\u0259stin\"}}]},{\"@type\":\"Organization\",\"@id\":\"https:\\\/\\\/www.islamidavet.com\\\/azeri\\\/#organization\",\"name\":\"Azeri \\u0130sl\\u00e2mi Davet - Az\\u0259rbaycanca\",\"description\":\"Azeri \\u0130sl\\u00e2mi Davet - Az\\u0259rbaycanca\",\"url\":\"https:\\\/\\\/www.islamidavet.com\\\/azeri\\\/\"},{\"@type\":\"Person\",\"@id\":\"https:\\\/\\\/www.islamidavet.com\\\/azeri\\\/author\\\/admin\\\/#author\",\"url\":\"https:\\\/\\\/www.islamidavet.com\\\/azeri\\\/author\\\/admin\\\/\",\"name\":\"admin\",\"image\":{\"@type\":\"ImageObject\",\"@id\":\"https:\\\/\\\/www.islamidavet.com\\\/azeri\\\/h%c9%99mas-lideri-nezih-%c9%99bu-avn-q%c9%99rb-s%c9%99riy%c9%99d%c9%99ki-tutuklamalara-reaksiya-gost%c9%99rdi\\\/#authorImage\",\"url\":\"https:\\\/\\\/secure.gravatar.com\\\/avatar\\\/c1d8483ec39fbbba55dfad1685bf961c55dfcb0620a6e6120073dcc7bed0ca6d?s=96&d=mm&r=g\",\"width\":96,\"height\":96,\"caption\":\"admin\"}},{\"@type\":\"WebPage\",\"@id\":\"https:\\\/\\\/www.islamidavet.com\\\/azeri\\\/h%c9%99mas-lideri-nezih-%c9%99bu-avn-q%c9%99rb-s%c9%99riy%c9%99d%c9%99ki-tutuklamalara-reaksiya-gost%c9%99rdi\\\/#webpage\",\"url\":\"https:\\\/\\\/www.islamidavet.com\\\/azeri\\\/h%c9%99mas-lideri-nezih-%c9%99bu-avn-q%c9%99rb-s%c9%99riy%c9%99d%c9%99ki-tutuklamalara-reaksiya-gost%c9%99rdi\\\/\",\"name\":\"H\\u0259mas lideri Nezih \\u018fbu Avn, Q\\u0259rb \\u015e\\u0259riy\\u0259d\\u0259ki tutuklamalara reaksiya g\\u00f6st\\u0259rdi | Azeri \\u0130sl\\u00e2mi Davet - Az\\u0259rbaycanca\",\"description\":\"\\u0130slami M\\u00fcqavim\\u0259t H\\u0259r\\u0259kat\\u0131 H\\u0259mas\\u0131n D\\u00f6l \\u015f\\u0259h\\u0259rind\\u0259ki liderl\\u0259rind\\u0259n Nezih \\u018fbu Avn i\\u015f\\u011fal rejimi zindanlar\\u0131nda ill\\u0259rc\\u0259 qald\\u0131qdan sonra azadl\\u0131\\u011fa qovu\\u015fan \\u0259sirl\\u0259rin Q\\u0259rb Yaxada t\\u0259krar tutuklanmalar\\u0131n\\u0131 \\u015fidd\\u0259tl\\u0259 q\\u0131nad\\u0131 . \\u0130ctimai payla\\u015fma sayt\\u0131 Facebook \\u00fcz\\u0259rind\\u0259n azad insanlar\\u0131n tutuklanmalar\\u0131na s\\u0259rt reaksiya g\\u00f6st\\u0259r\\u0259n H\\u0259mas lideri \\u018fbu Avn , \\u00f6z\\u00fcrl\\u00fc\\u011fe qovu\\u015fmu\\u015f olan \\u0259sirl\\u0259rin t\\u0259qib edilib narahat edilm\\u0259l\\u0259ri v\\u0259 ya tutuklanmalar\\u0131n\\u0131n raz\\u0131l\\u0131q prosesinin\",\"inLanguage\":\"tr-TR\",\"isPartOf\":{\"@id\":\"https:\\\/\\\/www.islamidavet.com\\\/azeri\\\/#website\"},\"breadcrumb\":{\"@id\":\"https:\\\/\\\/www.islamidavet.com\\\/azeri\\\/h%c9%99mas-lideri-nezih-%c9%99bu-avn-q%c9%99rb-s%c9%99riy%c9%99d%c9%99ki-tutuklamalara-reaksiya-gost%c9%99rdi\\\/#breadcrumblist\"},\"author\":{\"@id\":\"https:\\\/\\\/www.islamidavet.com\\\/azeri\\\/author\\\/admin\\\/#author\"},\"creator\":{\"@id\":\"https:\\\/\\\/www.islamidavet.com\\\/azeri\\\/author\\\/admin\\\/#author\"},\"datePublished\":\"2014-05-03T14:06:02+05:00\",\"dateModified\":\"2014-05-03T14:06:02+05:00\"},{\"@type\":\"WebSite\",\"@id\":\"https:\\\/\\\/www.islamidavet.com\\\/azeri\\\/#website\",\"url\":\"https:\\\/\\\/www.islamidavet.com\\\/azeri\\\/\",\"name\":\"Azeri \\u0130sl\\u00e2mi Davet - Az\\u0259rbaycanca\",\"description\":\"Azeri \\u0130sl\\u00e2mi Davet - Az\\u0259rbaycanca\",\"inLanguage\":\"tr-TR\",\"publisher\":{\"@id\":\"https:\\\/\\\/www.islamidavet.com\\\/azeri\\\/#organization\"}}]}\n\t\t<\/script>\n\t\t<!-- All in One SEO -->\n\n","aioseo_head_json":{"title":"H\u0259mas lideri Nezih \u018fbu Avn, Q\u0259rb \u015e\u0259riy\u0259d\u0259ki tutuklamalara reaksiya g\u00f6st\u0259rdi | Azeri \u0130sl\u00e2mi Davet - Az\u0259rbaycanca","description":"\u0130slami M\u00fcqavim\u0259t H\u0259r\u0259kat\u0131 H\u0259mas\u0131n D\u00f6l \u015f\u0259h\u0259rind\u0259ki liderl\u0259rind\u0259n Nezih \u018fbu Avn i\u015f\u011fal rejimi zindanlar\u0131nda ill\u0259rc\u0259 qald\u0131qdan sonra azadl\u0131\u011fa qovu\u015fan \u0259sirl\u0259rin Q\u0259rb Yaxada t\u0259krar tutuklanmalar\u0131n\u0131 \u015fidd\u0259tl\u0259 q\u0131nad\u0131 . \u0130ctimai payla\u015fma sayt\u0131 Facebook \u00fcz\u0259rind\u0259n azad insanlar\u0131n tutuklanmalar\u0131na s\u0259rt reaksiya g\u00f6st\u0259r\u0259n H\u0259mas lideri \u018fbu Avn , \u00f6z\u00fcrl\u00fc\u011fe qovu\u015fmu\u015f olan \u0259sirl\u0259rin t\u0259qib edilib narahat edilm\u0259l\u0259ri v\u0259 ya tutuklanmalar\u0131n\u0131n raz\u0131l\u0131q prosesinin","canonical_url":"https:\/\/www.islamidavet.com\/azeri\/h%c9%99mas-lideri-nezih-%c9%99bu-avn-q%c9%99rb-s%c9%99riy%c9%99d%c9%99ki-tutuklamalara-reaksiya-gost%c9%99rdi\/","robots":"max-image-preview:large","keywords":"","webmasterTools":{"miscellaneous":""},"schema":{"@context":"https:\/\/schema.org","@graph":[{"@type":"Article","@id":"https:\/\/www.islamidavet.com\/azeri\/h%c9%99mas-lideri-nezih-%c9%99bu-avn-q%c9%99rb-s%c9%99riy%c9%99d%c9%99ki-tutuklamalara-reaksiya-gost%c9%99rdi\/#article","name":"H\u0259mas lideri Nezih \u018fbu Avn, Q\u0259rb \u015e\u0259riy\u0259d\u0259ki tutuklamalara reaksiya g\u00f6st\u0259rdi | Azeri \u0130sl\u00e2mi Davet - Az\u0259rbaycanca","headline":"H\u0259mas lideri Nezih \u018fbu Avn, Q\u0259rb \u015e\u0259riy\u0259d\u0259ki tutuklamalara reaksiya g\u00f6st\u0259rdi","author":{"@id":"https:\/\/www.islamidavet.com\/azeri\/author\/admin\/#author"},"publisher":{"@id":"https:\/\/www.islamidavet.com\/azeri\/#organization"},"datePublished":"2014-05-03T14:06:02+05:00","dateModified":"2014-05-03T14:06:02+05:00","inLanguage":"tr-TR","mainEntityOfPage":{"@id":"https:\/\/www.islamidavet.com\/azeri\/h%c9%99mas-lideri-nezih-%c9%99bu-avn-q%c9%99rb-s%c9%99riy%c9%99d%c9%99ki-tutuklamalara-reaksiya-gost%c9%99rdi\/#webpage"},"isPartOf":{"@id":"https:\/\/www.islamidavet.com\/azeri\/h%c9%99mas-lideri-nezih-%c9%99bu-avn-q%c9%99rb-s%c9%99riy%c9%99d%c9%99ki-tutuklamalara-reaksiya-gost%c9%99rdi\/#webpage"},"articleSection":"Asya, D\u00fcnya, F\u0259l\u0259stin, X\u018fB\u018fRL\u018fR, H\u0259mas, H\u0259mas lideri Nezih \u018fbu Avn, \u0130slami M\u00fcqavim\u0259t H\u0259r\u0259kat\u0131, Q\u0259rb \u015e\u0259riy\u0259d"},{"@type":"BreadcrumbList","@id":"https:\/\/www.islamidavet.com\/azeri\/h%c9%99mas-lideri-nezih-%c9%99bu-avn-q%c9%99rb-s%c9%99riy%c9%99d%c9%99ki-tutuklamalara-reaksiya-gost%c9%99rdi\/#breadcrumblist","itemListElement":[{"@type":"ListItem","@id":"https:\/\/www.islamidavet.com\/azeri#listItem","position":1,"name":"Ev","item":"https:\/\/www.islamidavet.com\/azeri","nextItem":{"@type":"ListItem","@id":"https:\/\/www.islamidavet.com\/azeri\/x%c9%99b%c9%99rl%c9%99r\/#listItem","name":"X\u018fB\u018fRL\u018fR"}},{"@type":"ListItem","@id":"https:\/\/www.islamidavet.com\/azeri\/x%c9%99b%c9%99rl%c9%99r\/#listItem","position":2,"name":"X\u018fB\u018fRL\u018fR","item":"https:\/\/www.islamidavet.com\/azeri\/x%c9%99b%c9%99rl%c9%99r\/","nextItem":{"@type":"ListItem","@id":"https:\/\/www.islamidavet.com\/azeri\/x%c9%99b%c9%99rl%c9%99r\/f%c9%99l%c9%99stin\/#listItem","name":"F\u0259l\u0259stin"},"previousItem":{"@type":"ListItem","@id":"https:\/\/www.islamidavet.com\/azeri#listItem","name":"Ev"}},{"@type":"ListItem","@id":"https:\/\/www.islamidavet.com\/azeri\/x%c9%99b%c9%99rl%c9%99r\/f%c9%99l%c9%99stin\/#listItem","position":3,"name":"F\u0259l\u0259stin","item":"https:\/\/www.islamidavet.com\/azeri\/x%c9%99b%c9%99rl%c9%99r\/f%c9%99l%c9%99stin\/","nextItem":{"@type":"ListItem","@id":"https:\/\/www.islamidavet.com\/azeri\/h%c9%99mas-lideri-nezih-%c9%99bu-avn-q%c9%99rb-s%c9%99riy%c9%99d%c9%99ki-tutuklamalara-reaksiya-gost%c9%99rdi\/#listItem","name":"H\u0259mas lideri Nezih \u018fbu Avn, Q\u0259rb \u015e\u0259riy\u0259d\u0259ki tutuklamalara reaksiya g\u00f6st\u0259rdi"},"previousItem":{"@type":"ListItem","@id":"https:\/\/www.islamidavet.com\/azeri\/x%c9%99b%c9%99rl%c9%99r\/#listItem","name":"X\u018fB\u018fRL\u018fR"}},{"@type":"ListItem","@id":"https:\/\/www.islamidavet.com\/azeri\/h%c9%99mas-lideri-nezih-%c9%99bu-avn-q%c9%99rb-s%c9%99riy%c9%99d%c9%99ki-tutuklamalara-reaksiya-gost%c9%99rdi\/#listItem","position":4,"name":"H\u0259mas lideri Nezih \u018fbu Avn, Q\u0259rb \u015e\u0259riy\u0259d\u0259ki tutuklamalara reaksiya g\u00f6st\u0259rdi","previousItem":{"@type":"ListItem","@id":"https:\/\/www.islamidavet.com\/azeri\/x%c9%99b%c9%99rl%c9%99r\/f%c9%99l%c9%99stin\/#listItem","name":"F\u0259l\u0259stin"}}]},{"@type":"Organization","@id":"https:\/\/www.islamidavet.com\/azeri\/#organization","name":"Azeri \u0130sl\u00e2mi Davet - Az\u0259rbaycanca","description":"Azeri \u0130sl\u00e2mi Davet - Az\u0259rbaycanca","url":"https:\/\/www.islamidavet.com\/azeri\/"},{"@type":"Person","@id":"https:\/\/www.islamidavet.com\/azeri\/author\/admin\/#author","url":"https:\/\/www.islamidavet.com\/azeri\/author\/admin\/","name":"admin","image":{"@type":"ImageObject","@id":"https:\/\/www.islamidavet.com\/azeri\/h%c9%99mas-lideri-nezih-%c9%99bu-avn-q%c9%99rb-s%c9%99riy%c9%99d%c9%99ki-tutuklamalara-reaksiya-gost%c9%99rdi\/#authorImage","url":"https:\/\/secure.gravatar.com\/avatar\/c1d8483ec39fbbba55dfad1685bf961c55dfcb0620a6e6120073dcc7bed0ca6d?s=96&d=mm&r=g","width":96,"height":96,"caption":"admin"}},{"@type":"WebPage","@id":"https:\/\/www.islamidavet.com\/azeri\/h%c9%99mas-lideri-nezih-%c9%99bu-avn-q%c9%99rb-s%c9%99riy%c9%99d%c9%99ki-tutuklamalara-reaksiya-gost%c9%99rdi\/#webpage","url":"https:\/\/www.islamidavet.com\/azeri\/h%c9%99mas-lideri-nezih-%c9%99bu-avn-q%c9%99rb-s%c9%99riy%c9%99d%c9%99ki-tutuklamalara-reaksiya-gost%c9%99rdi\/","name":"H\u0259mas lideri Nezih \u018fbu Avn, Q\u0259rb \u015e\u0259riy\u0259d\u0259ki tutuklamalara reaksiya g\u00f6st\u0259rdi | Azeri \u0130sl\u00e2mi Davet - Az\u0259rbaycanca","description":"\u0130slami M\u00fcqavim\u0259t H\u0259r\u0259kat\u0131 H\u0259mas\u0131n D\u00f6l \u015f\u0259h\u0259rind\u0259ki liderl\u0259rind\u0259n Nezih \u018fbu Avn i\u015f\u011fal rejimi zindanlar\u0131nda ill\u0259rc\u0259 qald\u0131qdan sonra azadl\u0131\u011fa qovu\u015fan \u0259sirl\u0259rin Q\u0259rb Yaxada t\u0259krar tutuklanmalar\u0131n\u0131 \u015fidd\u0259tl\u0259 q\u0131nad\u0131 . \u0130ctimai payla\u015fma sayt\u0131 Facebook \u00fcz\u0259rind\u0259n azad insanlar\u0131n tutuklanmalar\u0131na s\u0259rt reaksiya g\u00f6st\u0259r\u0259n H\u0259mas lideri \u018fbu Avn , \u00f6z\u00fcrl\u00fc\u011fe qovu\u015fmu\u015f olan \u0259sirl\u0259rin t\u0259qib edilib narahat edilm\u0259l\u0259ri v\u0259 ya tutuklanmalar\u0131n\u0131n raz\u0131l\u0131q prosesinin","inLanguage":"tr-TR","isPartOf":{"@id":"https:\/\/www.islamidavet.com\/azeri\/#website"},"breadcrumb":{"@id":"https:\/\/www.islamidavet.com\/azeri\/h%c9%99mas-lideri-nezih-%c9%99bu-avn-q%c9%99rb-s%c9%99riy%c9%99d%c9%99ki-tutuklamalara-reaksiya-gost%c9%99rdi\/#breadcrumblist"},"author":{"@id":"https:\/\/www.islamidavet.com\/azeri\/author\/admin\/#author"},"creator":{"@id":"https:\/\/www.islamidavet.com\/azeri\/author\/admin\/#author"},"datePublished":"2014-05-03T14:06:02+05:00","dateModified":"2014-05-03T14:06:02+05:00"},{"@type":"WebSite","@id":"https:\/\/www.islamidavet.com\/azeri\/#website","url":"https:\/\/www.islamidavet.com\/azeri\/","name":"Azeri \u0130sl\u00e2mi Davet - Az\u0259rbaycanca","description":"Azeri \u0130sl\u00e2mi Davet - Az\u0259rbaycanca","inLanguage":"tr-TR","publisher":{"@id":"https:\/\/www.islamidavet.com\/azeri\/#organization"}}]},"og:locale":"tr_TR","og:site_name":"Azeri \u0130sl\u00e2mi Davet - Az\u0259rbaycanca | Azeri \u0130sl\u00e2mi Davet - Az\u0259rbaycanca","og:type":"article","og:title":"H\u0259mas lideri Nezih \u018fbu Avn, Q\u0259rb \u015e\u0259riy\u0259d\u0259ki tutuklamalara reaksiya g\u00f6st\u0259rdi | Azeri \u0130sl\u00e2mi Davet - Az\u0259rbaycanca","og:description":"\u0130slami M\u00fcqavim\u0259t H\u0259r\u0259kat\u0131 H\u0259mas\u0131n D\u00f6l \u015f\u0259h\u0259rind\u0259ki liderl\u0259rind\u0259n Nezih \u018fbu Avn i\u015f\u011fal rejimi zindanlar\u0131nda ill\u0259rc\u0259 qald\u0131qdan sonra azadl\u0131\u011fa qovu\u015fan \u0259sirl\u0259rin Q\u0259rb Yaxada t\u0259krar tutuklanmalar\u0131n\u0131 \u015fidd\u0259tl\u0259 q\u0131nad\u0131 . \u0130ctimai payla\u015fma sayt\u0131 Facebook \u00fcz\u0259rind\u0259n azad insanlar\u0131n tutuklanmalar\u0131na s\u0259rt reaksiya g\u00f6st\u0259r\u0259n H\u0259mas lideri \u018fbu Avn , \u00f6z\u00fcrl\u00fc\u011fe qovu\u015fmu\u015f olan \u0259sirl\u0259rin t\u0259qib edilib narahat edilm\u0259l\u0259ri v\u0259 ya tutuklanmalar\u0131n\u0131n raz\u0131l\u0131q prosesinin","og:url":"https:\/\/www.islamidavet.com\/azeri\/h%c9%99mas-lideri-nezih-%c9%99bu-avn-q%c9%99rb-s%c9%99riy%c9%99d%c9%99ki-tutuklamalara-reaksiya-gost%c9%99rdi\/","article:published_time":"2014-05-03T09:06:02+00:00","article:modified_time":"2014-05-03T09:06:02+00:00","twitter:card":"summary_large_image","twitter:title":"H\u0259mas lideri Nezih \u018fbu Avn, Q\u0259rb \u015e\u0259riy\u0259d\u0259ki tutuklamalara reaksiya g\u00f6st\u0259rdi | Azeri \u0130sl\u00e2mi Davet - Az\u0259rbaycanca","twitter:description":"\u0130slami M\u00fcqavim\u0259t H\u0259r\u0259kat\u0131 H\u0259mas\u0131n D\u00f6l \u015f\u0259h\u0259rind\u0259ki liderl\u0259rind\u0259n Nezih \u018fbu Avn i\u015f\u011fal rejimi zindanlar\u0131nda ill\u0259rc\u0259 qald\u0131qdan sonra azadl\u0131\u011fa qovu\u015fan \u0259sirl\u0259rin Q\u0259rb Yaxada t\u0259krar tutuklanmalar\u0131n\u0131 \u015fidd\u0259tl\u0259 q\u0131nad\u0131 . \u0130ctimai payla\u015fma sayt\u0131 Facebook \u00fcz\u0259rind\u0259n azad insanlar\u0131n tutuklanmalar\u0131na s\u0259rt reaksiya g\u00f6st\u0259r\u0259n H\u0259mas lideri \u018fbu Avn , \u00f6z\u00fcrl\u00fc\u011fe qovu\u015fmu\u015f olan \u0259sirl\u0259rin t\u0259qib edilib narahat edilm\u0259l\u0259ri v\u0259 ya tutuklanmalar\u0131n\u0131n raz\u0131l\u0131q prosesinin"},"aioseo_meta_data":{"post_id":"24677","title":null,"description":null,"keywords":null,"keyphrases":null,"primary_term":null,"canonical_url":null,"og_title":null,"og_description":null,"og_object_type":"default","og_image_type":"default","og_image_url":null,"og_image_width":null,"og_image_height":null,"og_image_custom_url":null,"og_image_custom_fields":null,"og_video":null,"og_custom_url":null,"og_article_section":null,"og_article_tags":null,"twitter_use_og":false,"twitter_card":"default","twitter_image_type":"default","twitter_image_url":null,"twitter_image_custom_url":null,"twitter_image_custom_fields":null,"twitter_title":null,"twitter_description":null,"schema":{"blockGraphs":[],"customGraphs":[],"default":{"data":{"Article":[],"Course":[],"Dataset":[],"FAQPage":[],"Movie":[],"Person":[],"Product":[],"ProductReview":[],"Car":[],"Recipe":[],"Service":[],"SoftwareApplication":[],"WebPage":[]},"graphName":"","isEnabled":true},"graphs":[]},"schema_type":"default","schema_type_options":null,"pillar_content":false,"robots_default":true,"robots_noindex":false,"robots_noarchive":false,"robots_nosnippet":false,"robots_nofollow":false,"robots_noimageindex":false,"robots_noodp":false,"robots_notranslate":false,"robots_max_snippet":null,"robots_max_videopreview":null,"robots_max_imagepreview":"large","priority":null,"frequency":null,"local_seo":null,"breadcrumb_settings":null,"limit_modified_date":false,"ai":null,"created":"2024-07-21 19:37:48","updated":"2025-06-06 00:55:39","seo_analyzer_scan_date":null,"focus_keyword":null,"additional_keywords":null,"truseo_locale":null},"aioseo_breadcrumb":"<div class=\"aioseo-breadcrumbs\"><span class=\"aioseo-breadcrumb\">\n\t\t\t<a href=\"https:\/\/www.islamidavet.com\/azeri\" title=\"Ev\">Ev<\/a>\n\t\t<\/span><span class=\"aioseo-breadcrumb-separator\">&raquo;<\/span><span class=\"aioseo-breadcrumb\">\n\t\t\t<a href=\"https:\/\/www.islamidavet.com\/azeri\/x%c9%99b%c9%99rl%c9%99r\/\" title=\"X\u018fB\u018fRL\u018fR\">X\u018fB\u018fRL\u018fR<\/a>\n\t\t<\/span><span class=\"aioseo-breadcrumb-separator\">&raquo;<\/span><span class=\"aioseo-breadcrumb\">\n\t\t\t<a href=\"https:\/\/www.islamidavet.com\/azeri\/x%c9%99b%c9%99rl%c9%99r\/f%c9%99l%c9%99stin\/\" title=\"F\u0259l\u0259stin\">F\u0259l\u0259stin<\/a>\n\t\t<\/span><span class=\"aioseo-breadcrumb-separator\">&raquo;<\/span><span class=\"aioseo-breadcrumb\">\n\t\t\tH\u0259mas lideri Nezih \u018fbu Avn, Q\u0259rb \u015e\u0259riy\u0259d\u0259ki tutuklamalara reaksiya g\u00f6st\u0259rdi\n\t\t<\/span><\/div>","aioseo_breadcrumb_json":[{"label":"Ev","link":"https:\/\/www.islamidavet.com\/azeri"},{"label":"X\u018fB\u018fRL\u018fR","link":"https:\/\/www.islamidavet.com\/azeri\/x%c9%99b%c9%99rl%c9%99r\/"},{"label":"F\u0259l\u0259stin","link":"https:\/\/www.islamidavet.com\/azeri\/x%c9%99b%c9%99rl%c9%99r\/f%c9%99l%c9%99stin\/"},{"label":"H\u0259mas lideri Nezih \u018fbu Avn, Q\u0259rb \u015e\u0259riy\u0259d\u0259ki tutuklamalara reaksiya g\u00f6st\u0259rdi","link":"https:\/\/www.islamidavet.com\/azeri\/h%c9%99mas-lideri-nezih-%c9%99bu-avn-q%c9%99rb-s%c9%99riy%c9%99d%c9%99ki-tutuklamalara-reaksiya-gost%c9%99rdi\/"}],"amp_enabled":true,"_links":{"self":[{"href":"https:\/\/www.islamidavet.com\/azeri\/wp-json\/wp\/v2\/posts\/24677","targetHints":{"allow":["GET"]}}],"collection":[{"href":"https:\/\/www.islamidavet.com\/azeri\/wp-json\/wp\/v2\/posts"}],"about":[{"href":"https:\/\/www.islamidavet.com\/azeri\/wp-json\/wp\/v2\/types\/post"}],"author":[{"embeddable":true,"href":"https:\/\/www.islamidavet.com\/azeri\/wp-json\/wp\/v2\/users\/1"}],"replies":[{"embeddable":true,"href":"https:\/\/www.islamidavet.com\/azeri\/wp-json\/wp\/v2\/comments?post=24677"}],"version-history":[{"count":0,"href":"https:\/\/www.islamidavet.com\/azeri\/wp-json\/wp\/v2\/posts\/24677\/revisions"}],"wp:attachment":[{"href":"https:\/\/www.islamidavet.com\/azeri\/wp-json\/wp\/v2\/media?parent=24677"}],"wp:term":[{"taxonomy":"category","embeddable":true,"href":"https:\/\/www.islamidavet.com\/azeri\/wp-json\/wp\/v2\/categories?post=24677"},{"taxonomy":"post_tag","embeddable":true,"href":"https:\/\/www.islamidavet.com\/azeri\/wp-json\/wp\/v2\/tags?post=24677"}],"curies":[{"name":"wp","href":"https:\/\/api.w.org\/{rel}","templated":true}]}}