{"id":30437,"date":"2014-06-22T04:57:07","date_gmt":"2014-06-21T23:57:07","guid":{"rendered":"http:\/\/www.islamidavet.com\/azeri\/?p=30437"},"modified":"2014-06-22T04:57:07","modified_gmt":"2014-06-21T23:57:07","slug":"n%c9%99c%c9%99f-cum%c9%99-imami-iside-qarsi-butunlukl%c9%99-cihad-cagirisi-etdi","status":"publish","type":"post","link":"https:\/\/www.islamidavet.com\/azeri\/n%c9%99c%c9%99f-cum%c9%99-imami-iside-qarsi-butunlukl%c9%99-cihad-cagirisi-etdi\/","title":{"rendered":"N\u0259c\u0259f C\u00fcm\u0259 \u0130mam\u0131, I\u015e\u0130D&#8217;e qar\u015f\u0131 b\u00fct\u00fcnl\u00fckl\u0259 cihad \u00e7a\u011f\u0131r\u0131\u015f\u0131 etdi"},"content":{"rendered":"<p>\u0130raq\u0131n N\u0259c\u0259f \u015f\u0259h\u0259ri C\u00fcm\u0259 hatibi Sadreddin Gaban\u00e7i is\u0259 a\u00e7\u0131qlamas\u0131nda xalqdan, siyasi ixtilaflar\u0131 k\u0259nara buraxaraq, tekfirci terror t\u0259\u015fkilat\u0131 I\u015e\u0130D&#8217;a qar\u015f\u0131 m\u00fcbariz\u0259d\u0259 birlik olmalar\u0131n\u0131 ist\u0259di. <\/p>\n<p>Necef E\u015fref C\u00fcm\u0259 hatibi Seyyid S\u0259dr\u0259ddin Gaban\u00e7i, ba\u015fda I\u015e\u0130D terror t\u0259\u015fkilat\u0131 v\u0259 dig\u0259r silahl\u0131 terror qruplar\u0131n\u0131 ortadan qald\u0131rmaq, q\u0259hr\u0259man \u0130raq xalq\u0131n\u0131n irad\u0259si il\u0259 m\u00fcmk\u00fcn ola bil\u0259c\u0259yini vur\u011fulad\u0131.<\/p>\n","protected":false},"excerpt":{"rendered":"<p>\u0130raq\u0131n N\u0259c\u0259f \u015f\u0259h\u0259ri C\u00fcm\u0259 hatibi Sadreddin Gaban\u00e7i is\u0259 a\u00e7\u0131qlamas\u0131nda xalqdan, siyasi ixtilaflar\u0131 k\u0259nara buraxaraq, tekfirci terror t\u0259\u015fkilat\u0131 I\u015e\u0130D&#8217;a qar\u015f\u0131 m\u00fcbariz\u0259d\u0259 birlik olmalar\u0131n\u0131 ist\u0259di. Necef E\u015fref C\u00fcm\u0259 hatibi Seyyid S\u0259dr\u0259ddin Gaban\u00e7i, ba\u015fda I\u015e\u0130D terror t\u0259\u015fkilat\u0131 v\u0259 dig\u0259r silahl\u0131 terror qruplar\u0131n\u0131 ortadan qald\u0131rmaq, q\u0259hr\u0259man \u0130raq xalq\u0131n\u0131n irad\u0259si il\u0259 m\u00fcmk\u00fcn ola bil\u0259c\u0259yini vur\u011fulad\u0131.<\/p>\n","protected":false},"author":1,"featured_media":0,"comment_status":"open","ping_status":"open","sticky":false,"template":"","format":"standard","meta":{"footnotes":""},"categories":[112,8,94,2],"tags":[13415,13566,1519,24707,12779,12616,19441,13513,13716],"class_list":["post-30437","post","type-post","status-publish","format-standard","hentry","category-asya","category-dunya","category-iraq","category-xbrlr","tag-haber","tag-haberler","tag-irak","tag-iraq","tag-isid","tag-ncf","tag-ncf-cum-imami","tag-xaber","tag-xaberler"],"aioseo_notices":[],"aioseo_head":"\n\t\t<!-- All in One SEO 5.0.1.1 - aioseo.com -->\n\t<meta name=\"description\" content=\"\u0130raq\u0131n N\u0259c\u0259f \u015f\u0259h\u0259ri C\u00fcm\u0259 hatibi Sadreddin Gaban\u00e7i is\u0259 a\u00e7\u0131qlamas\u0131nda xalqdan, siyasi ixtilaflar\u0131 k\u0259nara buraxaraq, tekfirci terror t\u0259\u015fkilat\u0131 I\u015e\u0130D&#039;a qar\u015f\u0131 m\u00fcbariz\u0259d\u0259 birlik olmalar\u0131n\u0131 ist\u0259di. Necef E\u015fref C\u00fcm\u0259 hatibi Seyyid S\u0259dr\u0259ddin Gaban\u00e7i, ba\u015fda I\u015e\u0130D terror t\u0259\u015fkilat\u0131 v\u0259 dig\u0259r silahl\u0131 terror qruplar\u0131n\u0131 ortadan qald\u0131rmaq, q\u0259hr\u0259man \u0130raq xalq\u0131n\u0131n irad\u0259si il\u0259 m\u00fcmk\u00fcn ola bil\u0259c\u0259yini vur\u011fulad\u0131.\" \/>\n\t<meta name=\"robots\" content=\"max-image-preview:large\" \/>\n\t<meta name=\"author\" content=\"admin\"\/>\n\t<link rel=\"canonical\" href=\"https:\/\/www.islamidavet.com\/azeri\/n%c9%99c%c9%99f-cum%c9%99-imami-iside-qarsi-butunlukl%c9%99-cihad-cagirisi-etdi\/\" \/>\n\t<meta name=\"generator\" content=\"All in One SEO (AIOSEO) 5.0.1.1\" \/>\n\t\t<meta property=\"og:locale\" content=\"tr_TR\" \/>\n\t\t<meta property=\"og:site_name\" content=\"Azeri \u0130sl\u00e2mi Davet - Az\u0259rbaycanca | Azeri \u0130sl\u00e2mi Davet - Az\u0259rbaycanca\" \/>\n\t\t<meta property=\"og:type\" content=\"article\" \/>\n\t\t<meta property=\"og:title\" content=\"N\u0259c\u0259f C\u00fcm\u0259 \u0130mam\u0131, I\u015e\u0130D\u2019e qar\u015f\u0131 b\u00fct\u00fcnl\u00fckl\u0259 cihad \u00e7a\u011f\u0131r\u0131\u015f\u0131 etdi | Azeri \u0130sl\u00e2mi Davet - Az\u0259rbaycanca\" \/>\n\t\t<meta property=\"og:description\" content=\"\u0130raq\u0131n N\u0259c\u0259f \u015f\u0259h\u0259ri C\u00fcm\u0259 hatibi Sadreddin Gaban\u00e7i is\u0259 a\u00e7\u0131qlamas\u0131nda xalqdan, siyasi ixtilaflar\u0131 k\u0259nara buraxaraq, tekfirci terror t\u0259\u015fkilat\u0131 I\u015e\u0130D&#039;a qar\u015f\u0131 m\u00fcbariz\u0259d\u0259 birlik olmalar\u0131n\u0131 ist\u0259di. Necef E\u015fref C\u00fcm\u0259 hatibi Seyyid S\u0259dr\u0259ddin Gaban\u00e7i, ba\u015fda I\u015e\u0130D terror t\u0259\u015fkilat\u0131 v\u0259 dig\u0259r silahl\u0131 terror qruplar\u0131n\u0131 ortadan qald\u0131rmaq, q\u0259hr\u0259man \u0130raq xalq\u0131n\u0131n irad\u0259si il\u0259 m\u00fcmk\u00fcn ola bil\u0259c\u0259yini vur\u011fulad\u0131.\" \/>\n\t\t<meta property=\"og:url\" content=\"https:\/\/www.islamidavet.com\/azeri\/n%c9%99c%c9%99f-cum%c9%99-imami-iside-qarsi-butunlukl%c9%99-cihad-cagirisi-etdi\/\" \/>\n\t\t<meta property=\"article:published_time\" content=\"2014-06-21T23:57:07+00:00\" \/>\n\t\t<meta property=\"article:modified_time\" content=\"2014-06-21T23:57:07+00:00\" \/>\n\t\t<meta name=\"twitter:card\" content=\"summary_large_image\" \/>\n\t\t<meta name=\"twitter:title\" content=\"N\u0259c\u0259f C\u00fcm\u0259 \u0130mam\u0131, I\u015e\u0130D\u2019e qar\u015f\u0131 b\u00fct\u00fcnl\u00fckl\u0259 cihad \u00e7a\u011f\u0131r\u0131\u015f\u0131 etdi | Azeri \u0130sl\u00e2mi Davet - Az\u0259rbaycanca\" \/>\n\t\t<meta name=\"twitter:description\" content=\"\u0130raq\u0131n N\u0259c\u0259f \u015f\u0259h\u0259ri C\u00fcm\u0259 hatibi Sadreddin Gaban\u00e7i is\u0259 a\u00e7\u0131qlamas\u0131nda xalqdan, siyasi ixtilaflar\u0131 k\u0259nara buraxaraq, tekfirci terror t\u0259\u015fkilat\u0131 I\u015e\u0130D&#039;a qar\u015f\u0131 m\u00fcbariz\u0259d\u0259 birlik olmalar\u0131n\u0131 ist\u0259di. Necef E\u015fref C\u00fcm\u0259 hatibi Seyyid S\u0259dr\u0259ddin Gaban\u00e7i, ba\u015fda I\u015e\u0130D terror t\u0259\u015fkilat\u0131 v\u0259 dig\u0259r silahl\u0131 terror qruplar\u0131n\u0131 ortadan qald\u0131rmaq, q\u0259hr\u0259man \u0130raq xalq\u0131n\u0131n irad\u0259si il\u0259 m\u00fcmk\u00fcn ola bil\u0259c\u0259yini vur\u011fulad\u0131.\" \/>\n\t\t<script type=\"application\/ld+json\" class=\"aioseo-schema\">\n\t\t\t{\"@context\":\"https:\\\/\\\/schema.org\",\"@graph\":[{\"@type\":\"Article\",\"@id\":\"https:\\\/\\\/www.islamidavet.com\\\/azeri\\\/n%c9%99c%c9%99f-cum%c9%99-imami-iside-qarsi-butunlukl%c9%99-cihad-cagirisi-etdi\\\/#article\",\"name\":\"N\\u0259c\\u0259f C\\u00fcm\\u0259 \\u0130mam\\u0131, I\\u015e\\u0130D\\u2019e qar\\u015f\\u0131 b\\u00fct\\u00fcnl\\u00fckl\\u0259 cihad \\u00e7a\\u011f\\u0131r\\u0131\\u015f\\u0131 etdi | Azeri \\u0130sl\\u00e2mi Davet - Az\\u0259rbaycanca\",\"headline\":\"N\\u0259c\\u0259f C\\u00fcm\\u0259 \\u0130mam\\u0131, I\\u015e\\u0130D&#8217;e qar\\u015f\\u0131 b\\u00fct\\u00fcnl\\u00fckl\\u0259 cihad \\u00e7a\\u011f\\u0131r\\u0131\\u015f\\u0131 etdi\",\"author\":{\"@id\":\"https:\\\/\\\/www.islamidavet.com\\\/azeri\\\/author\\\/admin\\\/#author\"},\"publisher\":{\"@id\":\"https:\\\/\\\/www.islamidavet.com\\\/azeri\\\/#organization\"},\"datePublished\":\"2014-06-22T04:57:07+05:00\",\"dateModified\":\"2014-06-22T04:57:07+05:00\",\"inLanguage\":\"tr-TR\",\"mainEntityOfPage\":{\"@id\":\"https:\\\/\\\/www.islamidavet.com\\\/azeri\\\/n%c9%99c%c9%99f-cum%c9%99-imami-iside-qarsi-butunlukl%c9%99-cihad-cagirisi-etdi\\\/#webpage\"},\"isPartOf\":{\"@id\":\"https:\\\/\\\/www.islamidavet.com\\\/azeri\\\/n%c9%99c%c9%99f-cum%c9%99-imami-iside-qarsi-butunlukl%c9%99-cihad-cagirisi-etdi\\\/#webpage\"},\"articleSection\":\"Asya, D\\u00fcnya, \\u0130raq, X\\u018fB\\u018fRL\\u018fR, haber, haberler, Irak, \\u0130raq, \\u0130\\u015e\\u0130D, N\\u0259c\\u0259f, N\\u0259c\\u0259f C\\u00fcm\\u0259 \\u0130mam\\u0131, xaber, xaberler\"},{\"@type\":\"BreadcrumbList\",\"@id\":\"https:\\\/\\\/www.islamidavet.com\\\/azeri\\\/n%c9%99c%c9%99f-cum%c9%99-imami-iside-qarsi-butunlukl%c9%99-cihad-cagirisi-etdi\\\/#breadcrumblist\",\"itemListElement\":[{\"@type\":\"ListItem\",\"@id\":\"https:\\\/\\\/www.islamidavet.com\\\/azeri#listItem\",\"position\":1,\"name\":\"Ev\",\"item\":\"https:\\\/\\\/www.islamidavet.com\\\/azeri\",\"nextItem\":{\"@type\":\"ListItem\",\"@id\":\"https:\\\/\\\/www.islamidavet.com\\\/azeri\\\/x%c9%99b%c9%99rl%c9%99r\\\/#listItem\",\"name\":\"X\\u018fB\\u018fRL\\u018fR\"}},{\"@type\":\"ListItem\",\"@id\":\"https:\\\/\\\/www.islamidavet.com\\\/azeri\\\/x%c9%99b%c9%99rl%c9%99r\\\/#listItem\",\"position\":2,\"name\":\"X\\u018fB\\u018fRL\\u018fR\",\"item\":\"https:\\\/\\\/www.islamidavet.com\\\/azeri\\\/x%c9%99b%c9%99rl%c9%99r\\\/\",\"nextItem\":{\"@type\":\"ListItem\",\"@id\":\"https:\\\/\\\/www.islamidavet.com\\\/azeri\\\/x%c9%99b%c9%99rl%c9%99r\\\/dunya\\\/#listItem\",\"name\":\"D\\u00fcnya\"},\"previousItem\":{\"@type\":\"ListItem\",\"@id\":\"https:\\\/\\\/www.islamidavet.com\\\/azeri#listItem\",\"name\":\"Ev\"}},{\"@type\":\"ListItem\",\"@id\":\"https:\\\/\\\/www.islamidavet.com\\\/azeri\\\/x%c9%99b%c9%99rl%c9%99r\\\/dunya\\\/#listItem\",\"position\":3,\"name\":\"D\\u00fcnya\",\"item\":\"https:\\\/\\\/www.islamidavet.com\\\/azeri\\\/x%c9%99b%c9%99rl%c9%99r\\\/dunya\\\/\",\"nextItem\":{\"@type\":\"ListItem\",\"@id\":\"https:\\\/\\\/www.islamidavet.com\\\/azeri\\\/n%c9%99c%c9%99f-cum%c9%99-imami-iside-qarsi-butunlukl%c9%99-cihad-cagirisi-etdi\\\/#listItem\",\"name\":\"N\\u0259c\\u0259f C\\u00fcm\\u0259 \\u0130mam\\u0131, I\\u015e\\u0130D&#8217;e qar\\u015f\\u0131 b\\u00fct\\u00fcnl\\u00fckl\\u0259 cihad \\u00e7a\\u011f\\u0131r\\u0131\\u015f\\u0131 etdi\"},\"previousItem\":{\"@type\":\"ListItem\",\"@id\":\"https:\\\/\\\/www.islamidavet.com\\\/azeri\\\/x%c9%99b%c9%99rl%c9%99r\\\/#listItem\",\"name\":\"X\\u018fB\\u018fRL\\u018fR\"}},{\"@type\":\"ListItem\",\"@id\":\"https:\\\/\\\/www.islamidavet.com\\\/azeri\\\/n%c9%99c%c9%99f-cum%c9%99-imami-iside-qarsi-butunlukl%c9%99-cihad-cagirisi-etdi\\\/#listItem\",\"position\":4,\"name\":\"N\\u0259c\\u0259f C\\u00fcm\\u0259 \\u0130mam\\u0131, I\\u015e\\u0130D&#8217;e qar\\u015f\\u0131 b\\u00fct\\u00fcnl\\u00fckl\\u0259 cihad \\u00e7a\\u011f\\u0131r\\u0131\\u015f\\u0131 etdi\",\"previousItem\":{\"@type\":\"ListItem\",\"@id\":\"https:\\\/\\\/www.islamidavet.com\\\/azeri\\\/x%c9%99b%c9%99rl%c9%99r\\\/dunya\\\/#listItem\",\"name\":\"D\\u00fcnya\"}}]},{\"@type\":\"Organization\",\"@id\":\"https:\\\/\\\/www.islamidavet.com\\\/azeri\\\/#organization\",\"name\":\"Azeri \\u0130sl\\u00e2mi Davet - Az\\u0259rbaycanca\",\"description\":\"Azeri \\u0130sl\\u00e2mi Davet - Az\\u0259rbaycanca\",\"url\":\"https:\\\/\\\/www.islamidavet.com\\\/azeri\\\/\"},{\"@type\":\"Person\",\"@id\":\"https:\\\/\\\/www.islamidavet.com\\\/azeri\\\/author\\\/admin\\\/#author\",\"url\":\"https:\\\/\\\/www.islamidavet.com\\\/azeri\\\/author\\\/admin\\\/\",\"name\":\"admin\",\"image\":{\"@type\":\"ImageObject\",\"@id\":\"https:\\\/\\\/www.islamidavet.com\\\/azeri\\\/n%c9%99c%c9%99f-cum%c9%99-imami-iside-qarsi-butunlukl%c9%99-cihad-cagirisi-etdi\\\/#authorImage\",\"url\":\"https:\\\/\\\/secure.gravatar.com\\\/avatar\\\/c1d8483ec39fbbba55dfad1685bf961c55dfcb0620a6e6120073dcc7bed0ca6d?s=96&d=mm&r=g\",\"width\":96,\"height\":96,\"caption\":\"admin\"}},{\"@type\":\"WebPage\",\"@id\":\"https:\\\/\\\/www.islamidavet.com\\\/azeri\\\/n%c9%99c%c9%99f-cum%c9%99-imami-iside-qarsi-butunlukl%c9%99-cihad-cagirisi-etdi\\\/#webpage\",\"url\":\"https:\\\/\\\/www.islamidavet.com\\\/azeri\\\/n%c9%99c%c9%99f-cum%c9%99-imami-iside-qarsi-butunlukl%c9%99-cihad-cagirisi-etdi\\\/\",\"name\":\"N\\u0259c\\u0259f C\\u00fcm\\u0259 \\u0130mam\\u0131, I\\u015e\\u0130D\\u2019e qar\\u015f\\u0131 b\\u00fct\\u00fcnl\\u00fckl\\u0259 cihad \\u00e7a\\u011f\\u0131r\\u0131\\u015f\\u0131 etdi | Azeri \\u0130sl\\u00e2mi Davet - Az\\u0259rbaycanca\",\"description\":\"\\u0130raq\\u0131n N\\u0259c\\u0259f \\u015f\\u0259h\\u0259ri C\\u00fcm\\u0259 hatibi Sadreddin Gaban\\u00e7i is\\u0259 a\\u00e7\\u0131qlamas\\u0131nda xalqdan, siyasi ixtilaflar\\u0131 k\\u0259nara buraxaraq, tekfirci terror t\\u0259\\u015fkilat\\u0131 I\\u015e\\u0130D'a qar\\u015f\\u0131 m\\u00fcbariz\\u0259d\\u0259 birlik olmalar\\u0131n\\u0131 ist\\u0259di. Necef E\\u015fref C\\u00fcm\\u0259 hatibi Seyyid S\\u0259dr\\u0259ddin Gaban\\u00e7i, ba\\u015fda I\\u015e\\u0130D terror t\\u0259\\u015fkilat\\u0131 v\\u0259 dig\\u0259r silahl\\u0131 terror qruplar\\u0131n\\u0131 ortadan qald\\u0131rmaq, q\\u0259hr\\u0259man \\u0130raq xalq\\u0131n\\u0131n irad\\u0259si il\\u0259 m\\u00fcmk\\u00fcn ola bil\\u0259c\\u0259yini vur\\u011fulad\\u0131.\",\"inLanguage\":\"tr-TR\",\"isPartOf\":{\"@id\":\"https:\\\/\\\/www.islamidavet.com\\\/azeri\\\/#website\"},\"breadcrumb\":{\"@id\":\"https:\\\/\\\/www.islamidavet.com\\\/azeri\\\/n%c9%99c%c9%99f-cum%c9%99-imami-iside-qarsi-butunlukl%c9%99-cihad-cagirisi-etdi\\\/#breadcrumblist\"},\"author\":{\"@id\":\"https:\\\/\\\/www.islamidavet.com\\\/azeri\\\/author\\\/admin\\\/#author\"},\"creator\":{\"@id\":\"https:\\\/\\\/www.islamidavet.com\\\/azeri\\\/author\\\/admin\\\/#author\"},\"datePublished\":\"2014-06-22T04:57:07+05:00\",\"dateModified\":\"2014-06-22T04:57:07+05:00\"},{\"@type\":\"WebSite\",\"@id\":\"https:\\\/\\\/www.islamidavet.com\\\/azeri\\\/#website\",\"url\":\"https:\\\/\\\/www.islamidavet.com\\\/azeri\\\/\",\"name\":\"Azeri \\u0130sl\\u00e2mi Davet - Az\\u0259rbaycanca\",\"description\":\"Azeri \\u0130sl\\u00e2mi Davet - Az\\u0259rbaycanca\",\"inLanguage\":\"tr-TR\",\"publisher\":{\"@id\":\"https:\\\/\\\/www.islamidavet.com\\\/azeri\\\/#organization\"}}]}\n\t\t<\/script>\n\t\t<!-- All in One SEO -->\n\n","aioseo_head_json":{"title":"N\u0259c\u0259f C\u00fcm\u0259 \u0130mam\u0131, I\u015e\u0130D\u2019e qar\u015f\u0131 b\u00fct\u00fcnl\u00fckl\u0259 cihad \u00e7a\u011f\u0131r\u0131\u015f\u0131 etdi | Azeri \u0130sl\u00e2mi Davet - Az\u0259rbaycanca","description":"\u0130raq\u0131n N\u0259c\u0259f \u015f\u0259h\u0259ri C\u00fcm\u0259 hatibi Sadreddin Gaban\u00e7i is\u0259 a\u00e7\u0131qlamas\u0131nda xalqdan, siyasi ixtilaflar\u0131 k\u0259nara buraxaraq, tekfirci terror t\u0259\u015fkilat\u0131 I\u015e\u0130D'a qar\u015f\u0131 m\u00fcbariz\u0259d\u0259 birlik olmalar\u0131n\u0131 ist\u0259di. Necef E\u015fref C\u00fcm\u0259 hatibi Seyyid S\u0259dr\u0259ddin Gaban\u00e7i, ba\u015fda I\u015e\u0130D terror t\u0259\u015fkilat\u0131 v\u0259 dig\u0259r silahl\u0131 terror qruplar\u0131n\u0131 ortadan qald\u0131rmaq, q\u0259hr\u0259man \u0130raq xalq\u0131n\u0131n irad\u0259si il\u0259 m\u00fcmk\u00fcn ola bil\u0259c\u0259yini vur\u011fulad\u0131.","canonical_url":"https:\/\/www.islamidavet.com\/azeri\/n%c9%99c%c9%99f-cum%c9%99-imami-iside-qarsi-butunlukl%c9%99-cihad-cagirisi-etdi\/","robots":"max-image-preview:large","keywords":"","webmasterTools":{"miscellaneous":""},"schema":{"@context":"https:\/\/schema.org","@graph":[{"@type":"Article","@id":"https:\/\/www.islamidavet.com\/azeri\/n%c9%99c%c9%99f-cum%c9%99-imami-iside-qarsi-butunlukl%c9%99-cihad-cagirisi-etdi\/#article","name":"N\u0259c\u0259f C\u00fcm\u0259 \u0130mam\u0131, I\u015e\u0130D\u2019e qar\u015f\u0131 b\u00fct\u00fcnl\u00fckl\u0259 cihad \u00e7a\u011f\u0131r\u0131\u015f\u0131 etdi | Azeri \u0130sl\u00e2mi Davet - Az\u0259rbaycanca","headline":"N\u0259c\u0259f C\u00fcm\u0259 \u0130mam\u0131, I\u015e\u0130D&#8217;e qar\u015f\u0131 b\u00fct\u00fcnl\u00fckl\u0259 cihad \u00e7a\u011f\u0131r\u0131\u015f\u0131 etdi","author":{"@id":"https:\/\/www.islamidavet.com\/azeri\/author\/admin\/#author"},"publisher":{"@id":"https:\/\/www.islamidavet.com\/azeri\/#organization"},"datePublished":"2014-06-22T04:57:07+05:00","dateModified":"2014-06-22T04:57:07+05:00","inLanguage":"tr-TR","mainEntityOfPage":{"@id":"https:\/\/www.islamidavet.com\/azeri\/n%c9%99c%c9%99f-cum%c9%99-imami-iside-qarsi-butunlukl%c9%99-cihad-cagirisi-etdi\/#webpage"},"isPartOf":{"@id":"https:\/\/www.islamidavet.com\/azeri\/n%c9%99c%c9%99f-cum%c9%99-imami-iside-qarsi-butunlukl%c9%99-cihad-cagirisi-etdi\/#webpage"},"articleSection":"Asya, D\u00fcnya, \u0130raq, X\u018fB\u018fRL\u018fR, haber, haberler, Irak, \u0130raq, \u0130\u015e\u0130D, N\u0259c\u0259f, N\u0259c\u0259f C\u00fcm\u0259 \u0130mam\u0131, xaber, xaberler"},{"@type":"BreadcrumbList","@id":"https:\/\/www.islamidavet.com\/azeri\/n%c9%99c%c9%99f-cum%c9%99-imami-iside-qarsi-butunlukl%c9%99-cihad-cagirisi-etdi\/#breadcrumblist","itemListElement":[{"@type":"ListItem","@id":"https:\/\/www.islamidavet.com\/azeri#listItem","position":1,"name":"Ev","item":"https:\/\/www.islamidavet.com\/azeri","nextItem":{"@type":"ListItem","@id":"https:\/\/www.islamidavet.com\/azeri\/x%c9%99b%c9%99rl%c9%99r\/#listItem","name":"X\u018fB\u018fRL\u018fR"}},{"@type":"ListItem","@id":"https:\/\/www.islamidavet.com\/azeri\/x%c9%99b%c9%99rl%c9%99r\/#listItem","position":2,"name":"X\u018fB\u018fRL\u018fR","item":"https:\/\/www.islamidavet.com\/azeri\/x%c9%99b%c9%99rl%c9%99r\/","nextItem":{"@type":"ListItem","@id":"https:\/\/www.islamidavet.com\/azeri\/x%c9%99b%c9%99rl%c9%99r\/dunya\/#listItem","name":"D\u00fcnya"},"previousItem":{"@type":"ListItem","@id":"https:\/\/www.islamidavet.com\/azeri#listItem","name":"Ev"}},{"@type":"ListItem","@id":"https:\/\/www.islamidavet.com\/azeri\/x%c9%99b%c9%99rl%c9%99r\/dunya\/#listItem","position":3,"name":"D\u00fcnya","item":"https:\/\/www.islamidavet.com\/azeri\/x%c9%99b%c9%99rl%c9%99r\/dunya\/","nextItem":{"@type":"ListItem","@id":"https:\/\/www.islamidavet.com\/azeri\/n%c9%99c%c9%99f-cum%c9%99-imami-iside-qarsi-butunlukl%c9%99-cihad-cagirisi-etdi\/#listItem","name":"N\u0259c\u0259f C\u00fcm\u0259 \u0130mam\u0131, I\u015e\u0130D&#8217;e qar\u015f\u0131 b\u00fct\u00fcnl\u00fckl\u0259 cihad \u00e7a\u011f\u0131r\u0131\u015f\u0131 etdi"},"previousItem":{"@type":"ListItem","@id":"https:\/\/www.islamidavet.com\/azeri\/x%c9%99b%c9%99rl%c9%99r\/#listItem","name":"X\u018fB\u018fRL\u018fR"}},{"@type":"ListItem","@id":"https:\/\/www.islamidavet.com\/azeri\/n%c9%99c%c9%99f-cum%c9%99-imami-iside-qarsi-butunlukl%c9%99-cihad-cagirisi-etdi\/#listItem","position":4,"name":"N\u0259c\u0259f C\u00fcm\u0259 \u0130mam\u0131, I\u015e\u0130D&#8217;e qar\u015f\u0131 b\u00fct\u00fcnl\u00fckl\u0259 cihad \u00e7a\u011f\u0131r\u0131\u015f\u0131 etdi","previousItem":{"@type":"ListItem","@id":"https:\/\/www.islamidavet.com\/azeri\/x%c9%99b%c9%99rl%c9%99r\/dunya\/#listItem","name":"D\u00fcnya"}}]},{"@type":"Organization","@id":"https:\/\/www.islamidavet.com\/azeri\/#organization","name":"Azeri \u0130sl\u00e2mi Davet - Az\u0259rbaycanca","description":"Azeri \u0130sl\u00e2mi Davet - Az\u0259rbaycanca","url":"https:\/\/www.islamidavet.com\/azeri\/"},{"@type":"Person","@id":"https:\/\/www.islamidavet.com\/azeri\/author\/admin\/#author","url":"https:\/\/www.islamidavet.com\/azeri\/author\/admin\/","name":"admin","image":{"@type":"ImageObject","@id":"https:\/\/www.islamidavet.com\/azeri\/n%c9%99c%c9%99f-cum%c9%99-imami-iside-qarsi-butunlukl%c9%99-cihad-cagirisi-etdi\/#authorImage","url":"https:\/\/secure.gravatar.com\/avatar\/c1d8483ec39fbbba55dfad1685bf961c55dfcb0620a6e6120073dcc7bed0ca6d?s=96&d=mm&r=g","width":96,"height":96,"caption":"admin"}},{"@type":"WebPage","@id":"https:\/\/www.islamidavet.com\/azeri\/n%c9%99c%c9%99f-cum%c9%99-imami-iside-qarsi-butunlukl%c9%99-cihad-cagirisi-etdi\/#webpage","url":"https:\/\/www.islamidavet.com\/azeri\/n%c9%99c%c9%99f-cum%c9%99-imami-iside-qarsi-butunlukl%c9%99-cihad-cagirisi-etdi\/","name":"N\u0259c\u0259f C\u00fcm\u0259 \u0130mam\u0131, I\u015e\u0130D\u2019e qar\u015f\u0131 b\u00fct\u00fcnl\u00fckl\u0259 cihad \u00e7a\u011f\u0131r\u0131\u015f\u0131 etdi | Azeri \u0130sl\u00e2mi Davet - Az\u0259rbaycanca","description":"\u0130raq\u0131n N\u0259c\u0259f \u015f\u0259h\u0259ri C\u00fcm\u0259 hatibi Sadreddin Gaban\u00e7i is\u0259 a\u00e7\u0131qlamas\u0131nda xalqdan, siyasi ixtilaflar\u0131 k\u0259nara buraxaraq, tekfirci terror t\u0259\u015fkilat\u0131 I\u015e\u0130D'a qar\u015f\u0131 m\u00fcbariz\u0259d\u0259 birlik olmalar\u0131n\u0131 ist\u0259di. Necef E\u015fref C\u00fcm\u0259 hatibi Seyyid S\u0259dr\u0259ddin Gaban\u00e7i, ba\u015fda I\u015e\u0130D terror t\u0259\u015fkilat\u0131 v\u0259 dig\u0259r silahl\u0131 terror qruplar\u0131n\u0131 ortadan qald\u0131rmaq, q\u0259hr\u0259man \u0130raq xalq\u0131n\u0131n irad\u0259si il\u0259 m\u00fcmk\u00fcn ola bil\u0259c\u0259yini vur\u011fulad\u0131.","inLanguage":"tr-TR","isPartOf":{"@id":"https:\/\/www.islamidavet.com\/azeri\/#website"},"breadcrumb":{"@id":"https:\/\/www.islamidavet.com\/azeri\/n%c9%99c%c9%99f-cum%c9%99-imami-iside-qarsi-butunlukl%c9%99-cihad-cagirisi-etdi\/#breadcrumblist"},"author":{"@id":"https:\/\/www.islamidavet.com\/azeri\/author\/admin\/#author"},"creator":{"@id":"https:\/\/www.islamidavet.com\/azeri\/author\/admin\/#author"},"datePublished":"2014-06-22T04:57:07+05:00","dateModified":"2014-06-22T04:57:07+05:00"},{"@type":"WebSite","@id":"https:\/\/www.islamidavet.com\/azeri\/#website","url":"https:\/\/www.islamidavet.com\/azeri\/","name":"Azeri \u0130sl\u00e2mi Davet - Az\u0259rbaycanca","description":"Azeri \u0130sl\u00e2mi Davet - Az\u0259rbaycanca","inLanguage":"tr-TR","publisher":{"@id":"https:\/\/www.islamidavet.com\/azeri\/#organization"}}]},"og:locale":"tr_TR","og:site_name":"Azeri \u0130sl\u00e2mi Davet - Az\u0259rbaycanca | Azeri \u0130sl\u00e2mi Davet - Az\u0259rbaycanca","og:type":"article","og:title":"N\u0259c\u0259f C\u00fcm\u0259 \u0130mam\u0131, I\u015e\u0130D\u2019e qar\u015f\u0131 b\u00fct\u00fcnl\u00fckl\u0259 cihad \u00e7a\u011f\u0131r\u0131\u015f\u0131 etdi | Azeri \u0130sl\u00e2mi Davet - Az\u0259rbaycanca","og:description":"\u0130raq\u0131n N\u0259c\u0259f \u015f\u0259h\u0259ri C\u00fcm\u0259 hatibi Sadreddin Gaban\u00e7i is\u0259 a\u00e7\u0131qlamas\u0131nda xalqdan, siyasi ixtilaflar\u0131 k\u0259nara buraxaraq, tekfirci terror t\u0259\u015fkilat\u0131 I\u015e\u0130D'a qar\u015f\u0131 m\u00fcbariz\u0259d\u0259 birlik olmalar\u0131n\u0131 ist\u0259di. Necef E\u015fref C\u00fcm\u0259 hatibi Seyyid S\u0259dr\u0259ddin Gaban\u00e7i, ba\u015fda I\u015e\u0130D terror t\u0259\u015fkilat\u0131 v\u0259 dig\u0259r silahl\u0131 terror qruplar\u0131n\u0131 ortadan qald\u0131rmaq, q\u0259hr\u0259man \u0130raq xalq\u0131n\u0131n irad\u0259si il\u0259 m\u00fcmk\u00fcn ola bil\u0259c\u0259yini vur\u011fulad\u0131.","og:url":"https:\/\/www.islamidavet.com\/azeri\/n%c9%99c%c9%99f-cum%c9%99-imami-iside-qarsi-butunlukl%c9%99-cihad-cagirisi-etdi\/","article:published_time":"2014-06-21T23:57:07+00:00","article:modified_time":"2014-06-21T23:57:07+00:00","twitter:card":"summary_large_image","twitter:title":"N\u0259c\u0259f C\u00fcm\u0259 \u0130mam\u0131, I\u015e\u0130D\u2019e qar\u015f\u0131 b\u00fct\u00fcnl\u00fckl\u0259 cihad \u00e7a\u011f\u0131r\u0131\u015f\u0131 etdi | Azeri \u0130sl\u00e2mi Davet - Az\u0259rbaycanca","twitter:description":"\u0130raq\u0131n N\u0259c\u0259f \u015f\u0259h\u0259ri C\u00fcm\u0259 hatibi Sadreddin Gaban\u00e7i is\u0259 a\u00e7\u0131qlamas\u0131nda xalqdan, siyasi ixtilaflar\u0131 k\u0259nara buraxaraq, tekfirci terror t\u0259\u015fkilat\u0131 I\u015e\u0130D'a qar\u015f\u0131 m\u00fcbariz\u0259d\u0259 birlik olmalar\u0131n\u0131 ist\u0259di. Necef E\u015fref C\u00fcm\u0259 hatibi Seyyid S\u0259dr\u0259ddin Gaban\u00e7i, ba\u015fda I\u015e\u0130D terror t\u0259\u015fkilat\u0131 v\u0259 dig\u0259r silahl\u0131 terror qruplar\u0131n\u0131 ortadan qald\u0131rmaq, q\u0259hr\u0259man \u0130raq xalq\u0131n\u0131n irad\u0259si il\u0259 m\u00fcmk\u00fcn ola bil\u0259c\u0259yini vur\u011fulad\u0131."},"aioseo_meta_data":{"post_id":"30437","title":null,"description":null,"keywords":null,"keyphrases":null,"primary_term":null,"canonical_url":null,"og_title":null,"og_description":null,"og_object_type":"default","og_image_type":"default","og_image_url":null,"og_image_width":null,"og_image_height":null,"og_image_custom_url":null,"og_image_custom_fields":null,"og_video":null,"og_custom_url":null,"og_article_section":null,"og_article_tags":null,"twitter_use_og":false,"twitter_card":"default","twitter_image_type":"default","twitter_image_url":null,"twitter_image_custom_url":null,"twitter_image_custom_fields":null,"twitter_title":null,"twitter_description":null,"schema":{"blockGraphs":[],"customGraphs":[],"default":{"data":{"Article":[],"Course":[],"Dataset":[],"FAQPage":[],"Movie":[],"Person":[],"Product":[],"ProductReview":[],"Car":[],"Recipe":[],"Service":[],"SoftwareApplication":[],"WebPage":[]},"graphName":"","isEnabled":true},"graphs":[]},"schema_type":"default","schema_type_options":null,"pillar_content":false,"robots_default":true,"robots_noindex":false,"robots_noarchive":false,"robots_nosnippet":false,"robots_nofollow":false,"robots_noimageindex":false,"robots_noodp":false,"robots_notranslate":false,"robots_max_snippet":null,"robots_max_videopreview":null,"robots_max_imagepreview":"large","priority":null,"frequency":null,"local_seo":null,"breadcrumb_settings":null,"limit_modified_date":false,"ai":null,"created":"2024-07-21 18:03:19","updated":"2025-06-06 03:55:32","seo_analyzer_scan_date":null,"focus_keyword":null,"additional_keywords":null,"truseo_locale":null},"aioseo_breadcrumb":"<div class=\"aioseo-breadcrumbs\"><span class=\"aioseo-breadcrumb\">\n\t\t\t<a href=\"https:\/\/www.islamidavet.com\/azeri\" title=\"Ev\">Ev<\/a>\n\t\t<\/span><span class=\"aioseo-breadcrumb-separator\">&raquo;<\/span><span class=\"aioseo-breadcrumb\">\n\t\t\t<a href=\"https:\/\/www.islamidavet.com\/azeri\/x%c9%99b%c9%99rl%c9%99r\/\" title=\"X\u018fB\u018fRL\u018fR\">X\u018fB\u018fRL\u018fR<\/a>\n\t\t<\/span><span class=\"aioseo-breadcrumb-separator\">&raquo;<\/span><span class=\"aioseo-breadcrumb\">\n\t\t\t<a href=\"https:\/\/www.islamidavet.com\/azeri\/x%c9%99b%c9%99rl%c9%99r\/dunya\/\" title=\"D\u00fcnya\">D\u00fcnya<\/a>\n\t\t<\/span><span class=\"aioseo-breadcrumb-separator\">&raquo;<\/span><span class=\"aioseo-breadcrumb\">\n\t\t\tN\u0259c\u0259f C\u00fcm\u0259 \u0130mam\u0131, I\u015e\u0130D\u2019e qar\u015f\u0131 b\u00fct\u00fcnl\u00fckl\u0259 cihad \u00e7a\u011f\u0131r\u0131\u015f\u0131 etdi\n\t\t<\/span><\/div>","aioseo_breadcrumb_json":[{"label":"Ev","link":"https:\/\/www.islamidavet.com\/azeri"},{"label":"X\u018fB\u018fRL\u018fR","link":"https:\/\/www.islamidavet.com\/azeri\/x%c9%99b%c9%99rl%c9%99r\/"},{"label":"D\u00fcnya","link":"https:\/\/www.islamidavet.com\/azeri\/x%c9%99b%c9%99rl%c9%99r\/dunya\/"},{"label":"N\u0259c\u0259f C\u00fcm\u0259 \u0130mam\u0131, I\u015e\u0130D&#8217;e qar\u015f\u0131 b\u00fct\u00fcnl\u00fckl\u0259 cihad \u00e7a\u011f\u0131r\u0131\u015f\u0131 etdi","link":"https:\/\/www.islamidavet.com\/azeri\/n%c9%99c%c9%99f-cum%c9%99-imami-iside-qarsi-butunlukl%c9%99-cihad-cagirisi-etdi\/"}],"amp_enabled":true,"_links":{"self":[{"href":"https:\/\/www.islamidavet.com\/azeri\/wp-json\/wp\/v2\/posts\/30437","targetHints":{"allow":["GET"]}}],"collection":[{"href":"https:\/\/www.islamidavet.com\/azeri\/wp-json\/wp\/v2\/posts"}],"about":[{"href":"https:\/\/www.islamidavet.com\/azeri\/wp-json\/wp\/v2\/types\/post"}],"author":[{"embeddable":true,"href":"https:\/\/www.islamidavet.com\/azeri\/wp-json\/wp\/v2\/users\/1"}],"replies":[{"embeddable":true,"href":"https:\/\/www.islamidavet.com\/azeri\/wp-json\/wp\/v2\/comments?post=30437"}],"version-history":[{"count":0,"href":"https:\/\/www.islamidavet.com\/azeri\/wp-json\/wp\/v2\/posts\/30437\/revisions"}],"wp:attachment":[{"href":"https:\/\/www.islamidavet.com\/azeri\/wp-json\/wp\/v2\/media?parent=30437"}],"wp:term":[{"taxonomy":"category","embeddable":true,"href":"https:\/\/www.islamidavet.com\/azeri\/wp-json\/wp\/v2\/categories?post=30437"},{"taxonomy":"post_tag","embeddable":true,"href":"https:\/\/www.islamidavet.com\/azeri\/wp-json\/wp\/v2\/tags?post=30437"}],"curies":[{"name":"wp","href":"https:\/\/api.w.org\/{rel}","templated":true}]}}