{"id":36217,"date":"2014-08-14T14:16:38","date_gmt":"2014-08-14T09:16:38","guid":{"rendered":"http:\/\/www.islamidavet.com\/azeri\/?p=36217"},"modified":"2014-08-14T14:16:38","modified_gmt":"2014-08-14T09:16:38","slug":"braziliyada-dovl%c9%99t-bascisi-namiz%c9%99di-t%c9%99yyar%c9%99-q%c9%99zasinda-oldu","status":"publish","type":"post","link":"https:\/\/www.islamidavet.com\/azeri\/braziliyada-dovl%c9%99t-bascisi-namiz%c9%99di-t%c9%99yyar%c9%99-q%c9%99zasinda-oldu\/","title":{"rendered":"Braziliyada d\u00f6vl\u0259t ba\u015f\u00e7\u0131s\u0131 namiz\u0259di t\u0259yyar\u0259 q\u0259zas\u0131nda \u00f6ld\u00fc&#8230;"},"content":{"rendered":"<p>Braziliyada, d\u00f6vl\u0259t ba\u015f\u00e7\u0131s\u0131 namiz\u0259di Eduardo Camposun, i\u00e7ind\u0259 oldu\u011fu ki\u00e7ik t\u0259yyar\u0259nin d\u00fc\u015fm\u0259si n\u0259tic\u0259sind\u0259 h\u0259yat\u0131n\u0131 itirdiyi bildirildi. <\/p>\n<p>Folha d\u0259 S.Paulo sayt\u0131n\u0131n x\u0259b\u0259rind\u0259, Sao Paulo yax\u0131nl\u0131\u011f\u0131nda Santos \u015f\u0259h\u0259rind\u0259 meydana g\u0259l\u0259n q\u0259zada, Braziliyada d\u00f6vl\u0259t prezidentliy\u0259 namiz\u0259d olan Eduardo Camposun v\u0259 \u0259n az bir adam\u0131n daha \u00f6ld\u00fcy\u00fc, ilk t\u0259yin etm\u0259l\u0259r\u0259 g\u00f6r\u0259 10 adam\u0131n yaraland\u0131\u011f\u0131, yedisinin x\u0259st\u0259xanaya qald\u0131r\u0131ld\u0131\u011f\u0131 ifad\u0259 edildi. <\/p>\n<p>Rio-de-Janeyro sahil \u015f\u0259h\u0259ri Guaruj\u00e1&#8217;ya ged\u0259n ki\u00e7ik t\u0259yyar\u0259nin, Santos&#8217;ta m\u0259skunla\u015fma vahidl\u0259rinin oldu\u011fu b\u00f6lg\u0259y\u0259 d\u00fc\u015fd\u00fcy\u00fc qeyd edildi. <\/p>\n<p>Eduardo Campos, Braziliyan\u0131n \u015fimal-\u015f\u0259rqind\u0259ki Pernambuco \u0259yal\u0259tinin k\u00f6hn\u0259 valisiydi.Campos&#8217;un yerin\u0259 prezident k\u00f6m\u0259k\u00e7isi namiz\u0259di Marina Silvan\u0131n, Sosialist Partiyas\u0131n\u0131n prezidentliy\u0259 namiz\u0259di ola bil\u0259c\u0259yi bildirilir.<\/p>\n","protected":false},"excerpt":{"rendered":"<p>Braziliyada, d\u00f6vl\u0259t ba\u015f\u00e7\u0131s\u0131 namiz\u0259di Eduardo Camposun, i\u00e7ind\u0259 oldu\u011fu ki\u00e7ik t\u0259yyar\u0259nin d\u00fc\u015fm\u0259si n\u0259tic\u0259sind\u0259 h\u0259yat\u0131n\u0131 itirdiyi bildirildi. Folha d\u0259 S.Paulo sayt\u0131n\u0131n x\u0259b\u0259rind\u0259, Sao Paulo yax\u0131nl\u0131\u011f\u0131nda Santos \u015f\u0259h\u0259rind\u0259 meydana g\u0259l\u0259n q\u0259zada, Braziliyada d\u00f6vl\u0259t prezidentliy\u0259 namiz\u0259d olan Eduardo Camposun v\u0259 \u0259n az bir adam\u0131n daha \u00f6ld\u00fcy\u00fc, ilk t\u0259yin etm\u0259l\u0259r\u0259 g\u00f6r\u0259 10 adam\u0131n yaraland\u0131\u011f\u0131, yedisinin x\u0259st\u0259xanaya qald\u0131r\u0131ld\u0131\u011f\u0131 ifad\u0259 edildi. Rio-de-Janeyro &hellip;<\/p>\n","protected":false},"author":1,"featured_media":0,"comment_status":"open","ping_status":"open","sticky":false,"template":"","format":"standard","meta":{"footnotes":""},"categories":[8,2],"tags":[1073,13779,21459,20294,21460,13513,13716],"class_list":["post-36217","post","type-post","status-publish","format-standard","hentry","category-dunya","category-xbrlr","tag-braziliya","tag-gundem","tag-marina-silvan","tag-son-dakika-xaberleri","tag-sosialist-partiyasi","tag-xaber","tag-xaberler"],"aioseo_notices":[],"aioseo_head":"\n\t\t<!-- All in One SEO 5.0.1.1 - aioseo.com -->\n\t<meta name=\"description\" content=\"Braziliyada, d\u00f6vl\u0259t ba\u015f\u00e7\u0131s\u0131 namiz\u0259di Eduardo Camposun, i\u00e7ind\u0259 oldu\u011fu ki\u00e7ik t\u0259yyar\u0259nin d\u00fc\u015fm\u0259si n\u0259tic\u0259sind\u0259 h\u0259yat\u0131n\u0131 itirdiyi bildirildi. Folha d\u0259 S.Paulo sayt\u0131n\u0131n x\u0259b\u0259rind\u0259, Sao Paulo yax\u0131nl\u0131\u011f\u0131nda Santos \u015f\u0259h\u0259rind\u0259 meydana g\u0259l\u0259n q\u0259zada, Braziliyada d\u00f6vl\u0259t prezidentliy\u0259 namiz\u0259d olan Eduardo Camposun v\u0259 \u0259n az bir adam\u0131n daha \u00f6ld\u00fcy\u00fc, ilk t\u0259yin etm\u0259l\u0259r\u0259 g\u00f6r\u0259 10 adam\u0131n yaraland\u0131\u011f\u0131, yedisinin x\u0259st\u0259xanaya qald\u0131r\u0131ld\u0131\u011f\u0131 ifad\u0259 edildi. Rio-de-Janeyro\" \/>\n\t<meta name=\"robots\" content=\"max-image-preview:large\" \/>\n\t<meta name=\"author\" content=\"admin\"\/>\n\t<link rel=\"canonical\" href=\"https:\/\/www.islamidavet.com\/azeri\/braziliyada-dovl%c9%99t-bascisi-namiz%c9%99di-t%c9%99yyar%c9%99-q%c9%99zasinda-oldu\/\" \/>\n\t<meta name=\"generator\" content=\"All in One SEO (AIOSEO) 5.0.1.1\" \/>\n\t\t<meta property=\"og:locale\" content=\"tr_TR\" \/>\n\t\t<meta property=\"og:site_name\" content=\"Azeri \u0130sl\u00e2mi Davet - Az\u0259rbaycanca | Azeri \u0130sl\u00e2mi Davet - Az\u0259rbaycanca\" \/>\n\t\t<meta property=\"og:type\" content=\"article\" \/>\n\t\t<meta property=\"og:title\" content=\"Braziliyada d\u00f6vl\u0259t ba\u015f\u00e7\u0131s\u0131 namiz\u0259di t\u0259yyar\u0259 q\u0259zas\u0131nda \u00f6ld\u00fc\u2026 | Azeri \u0130sl\u00e2mi Davet - Az\u0259rbaycanca\" \/>\n\t\t<meta property=\"og:description\" content=\"Braziliyada, d\u00f6vl\u0259t ba\u015f\u00e7\u0131s\u0131 namiz\u0259di Eduardo Camposun, i\u00e7ind\u0259 oldu\u011fu ki\u00e7ik t\u0259yyar\u0259nin d\u00fc\u015fm\u0259si n\u0259tic\u0259sind\u0259 h\u0259yat\u0131n\u0131 itirdiyi bildirildi. Folha d\u0259 S.Paulo sayt\u0131n\u0131n x\u0259b\u0259rind\u0259, Sao Paulo yax\u0131nl\u0131\u011f\u0131nda Santos \u015f\u0259h\u0259rind\u0259 meydana g\u0259l\u0259n q\u0259zada, Braziliyada d\u00f6vl\u0259t prezidentliy\u0259 namiz\u0259d olan Eduardo Camposun v\u0259 \u0259n az bir adam\u0131n daha \u00f6ld\u00fcy\u00fc, ilk t\u0259yin etm\u0259l\u0259r\u0259 g\u00f6r\u0259 10 adam\u0131n yaraland\u0131\u011f\u0131, yedisinin x\u0259st\u0259xanaya qald\u0131r\u0131ld\u0131\u011f\u0131 ifad\u0259 edildi. Rio-de-Janeyro\" \/>\n\t\t<meta property=\"og:url\" content=\"https:\/\/www.islamidavet.com\/azeri\/braziliyada-dovl%c9%99t-bascisi-namiz%c9%99di-t%c9%99yyar%c9%99-q%c9%99zasinda-oldu\/\" \/>\n\t\t<meta property=\"article:published_time\" content=\"2014-08-14T09:16:38+00:00\" \/>\n\t\t<meta property=\"article:modified_time\" content=\"2014-08-14T09:16:38+00:00\" \/>\n\t\t<meta name=\"twitter:card\" content=\"summary_large_image\" \/>\n\t\t<meta name=\"twitter:title\" content=\"Braziliyada d\u00f6vl\u0259t ba\u015f\u00e7\u0131s\u0131 namiz\u0259di t\u0259yyar\u0259 q\u0259zas\u0131nda \u00f6ld\u00fc\u2026 | Azeri \u0130sl\u00e2mi Davet - Az\u0259rbaycanca\" \/>\n\t\t<meta name=\"twitter:description\" content=\"Braziliyada, d\u00f6vl\u0259t ba\u015f\u00e7\u0131s\u0131 namiz\u0259di Eduardo Camposun, i\u00e7ind\u0259 oldu\u011fu ki\u00e7ik t\u0259yyar\u0259nin d\u00fc\u015fm\u0259si n\u0259tic\u0259sind\u0259 h\u0259yat\u0131n\u0131 itirdiyi bildirildi. Folha d\u0259 S.Paulo sayt\u0131n\u0131n x\u0259b\u0259rind\u0259, Sao Paulo yax\u0131nl\u0131\u011f\u0131nda Santos \u015f\u0259h\u0259rind\u0259 meydana g\u0259l\u0259n q\u0259zada, Braziliyada d\u00f6vl\u0259t prezidentliy\u0259 namiz\u0259d olan Eduardo Camposun v\u0259 \u0259n az bir adam\u0131n daha \u00f6ld\u00fcy\u00fc, ilk t\u0259yin etm\u0259l\u0259r\u0259 g\u00f6r\u0259 10 adam\u0131n yaraland\u0131\u011f\u0131, yedisinin x\u0259st\u0259xanaya qald\u0131r\u0131ld\u0131\u011f\u0131 ifad\u0259 edildi. Rio-de-Janeyro\" \/>\n\t\t<script type=\"application\/ld+json\" class=\"aioseo-schema\">\n\t\t\t{\"@context\":\"https:\\\/\\\/schema.org\",\"@graph\":[{\"@type\":\"Article\",\"@id\":\"https:\\\/\\\/www.islamidavet.com\\\/azeri\\\/braziliyada-dovl%c9%99t-bascisi-namiz%c9%99di-t%c9%99yyar%c9%99-q%c9%99zasinda-oldu\\\/#article\",\"name\":\"Braziliyada d\\u00f6vl\\u0259t ba\\u015f\\u00e7\\u0131s\\u0131 namiz\\u0259di t\\u0259yyar\\u0259 q\\u0259zas\\u0131nda \\u00f6ld\\u00fc\\u2026 | Azeri \\u0130sl\\u00e2mi Davet - Az\\u0259rbaycanca\",\"headline\":\"Braziliyada d\\u00f6vl\\u0259t ba\\u015f\\u00e7\\u0131s\\u0131 namiz\\u0259di t\\u0259yyar\\u0259 q\\u0259zas\\u0131nda \\u00f6ld\\u00fc&#8230;\",\"author\":{\"@id\":\"https:\\\/\\\/www.islamidavet.com\\\/azeri\\\/author\\\/admin\\\/#author\"},\"publisher\":{\"@id\":\"https:\\\/\\\/www.islamidavet.com\\\/azeri\\\/#organization\"},\"datePublished\":\"2014-08-14T14:16:38+05:00\",\"dateModified\":\"2014-08-14T14:16:38+05:00\",\"inLanguage\":\"tr-TR\",\"mainEntityOfPage\":{\"@id\":\"https:\\\/\\\/www.islamidavet.com\\\/azeri\\\/braziliyada-dovl%c9%99t-bascisi-namiz%c9%99di-t%c9%99yyar%c9%99-q%c9%99zasinda-oldu\\\/#webpage\"},\"isPartOf\":{\"@id\":\"https:\\\/\\\/www.islamidavet.com\\\/azeri\\\/braziliyada-dovl%c9%99t-bascisi-namiz%c9%99di-t%c9%99yyar%c9%99-q%c9%99zasinda-oldu\\\/#webpage\"},\"articleSection\":\"D\\u00fcnya, X\\u018fB\\u018fRL\\u018fR, Braziliya, gundem, Marina Silvan, son dakika xaberleri, Sosialist Partiyas\\u0131, xaber, xaberler\"},{\"@type\":\"BreadcrumbList\",\"@id\":\"https:\\\/\\\/www.islamidavet.com\\\/azeri\\\/braziliyada-dovl%c9%99t-bascisi-namiz%c9%99di-t%c9%99yyar%c9%99-q%c9%99zasinda-oldu\\\/#breadcrumblist\",\"itemListElement\":[{\"@type\":\"ListItem\",\"@id\":\"https:\\\/\\\/www.islamidavet.com\\\/azeri#listItem\",\"position\":1,\"name\":\"Ev\",\"item\":\"https:\\\/\\\/www.islamidavet.com\\\/azeri\",\"nextItem\":{\"@type\":\"ListItem\",\"@id\":\"https:\\\/\\\/www.islamidavet.com\\\/azeri\\\/x%c9%99b%c9%99rl%c9%99r\\\/#listItem\",\"name\":\"X\\u018fB\\u018fRL\\u018fR\"}},{\"@type\":\"ListItem\",\"@id\":\"https:\\\/\\\/www.islamidavet.com\\\/azeri\\\/x%c9%99b%c9%99rl%c9%99r\\\/#listItem\",\"position\":2,\"name\":\"X\\u018fB\\u018fRL\\u018fR\",\"item\":\"https:\\\/\\\/www.islamidavet.com\\\/azeri\\\/x%c9%99b%c9%99rl%c9%99r\\\/\",\"nextItem\":{\"@type\":\"ListItem\",\"@id\":\"https:\\\/\\\/www.islamidavet.com\\\/azeri\\\/x%c9%99b%c9%99rl%c9%99r\\\/dunya\\\/#listItem\",\"name\":\"D\\u00fcnya\"},\"previousItem\":{\"@type\":\"ListItem\",\"@id\":\"https:\\\/\\\/www.islamidavet.com\\\/azeri#listItem\",\"name\":\"Ev\"}},{\"@type\":\"ListItem\",\"@id\":\"https:\\\/\\\/www.islamidavet.com\\\/azeri\\\/x%c9%99b%c9%99rl%c9%99r\\\/dunya\\\/#listItem\",\"position\":3,\"name\":\"D\\u00fcnya\",\"item\":\"https:\\\/\\\/www.islamidavet.com\\\/azeri\\\/x%c9%99b%c9%99rl%c9%99r\\\/dunya\\\/\",\"nextItem\":{\"@type\":\"ListItem\",\"@id\":\"https:\\\/\\\/www.islamidavet.com\\\/azeri\\\/braziliyada-dovl%c9%99t-bascisi-namiz%c9%99di-t%c9%99yyar%c9%99-q%c9%99zasinda-oldu\\\/#listItem\",\"name\":\"Braziliyada d\\u00f6vl\\u0259t ba\\u015f\\u00e7\\u0131s\\u0131 namiz\\u0259di t\\u0259yyar\\u0259 q\\u0259zas\\u0131nda \\u00f6ld\\u00fc&#8230;\"},\"previousItem\":{\"@type\":\"ListItem\",\"@id\":\"https:\\\/\\\/www.islamidavet.com\\\/azeri\\\/x%c9%99b%c9%99rl%c9%99r\\\/#listItem\",\"name\":\"X\\u018fB\\u018fRL\\u018fR\"}},{\"@type\":\"ListItem\",\"@id\":\"https:\\\/\\\/www.islamidavet.com\\\/azeri\\\/braziliyada-dovl%c9%99t-bascisi-namiz%c9%99di-t%c9%99yyar%c9%99-q%c9%99zasinda-oldu\\\/#listItem\",\"position\":4,\"name\":\"Braziliyada d\\u00f6vl\\u0259t ba\\u015f\\u00e7\\u0131s\\u0131 namiz\\u0259di t\\u0259yyar\\u0259 q\\u0259zas\\u0131nda \\u00f6ld\\u00fc&#8230;\",\"previousItem\":{\"@type\":\"ListItem\",\"@id\":\"https:\\\/\\\/www.islamidavet.com\\\/azeri\\\/x%c9%99b%c9%99rl%c9%99r\\\/dunya\\\/#listItem\",\"name\":\"D\\u00fcnya\"}}]},{\"@type\":\"Organization\",\"@id\":\"https:\\\/\\\/www.islamidavet.com\\\/azeri\\\/#organization\",\"name\":\"Azeri \\u0130sl\\u00e2mi Davet - Az\\u0259rbaycanca\",\"description\":\"Azeri \\u0130sl\\u00e2mi Davet - Az\\u0259rbaycanca\",\"url\":\"https:\\\/\\\/www.islamidavet.com\\\/azeri\\\/\"},{\"@type\":\"Person\",\"@id\":\"https:\\\/\\\/www.islamidavet.com\\\/azeri\\\/author\\\/admin\\\/#author\",\"url\":\"https:\\\/\\\/www.islamidavet.com\\\/azeri\\\/author\\\/admin\\\/\",\"name\":\"admin\",\"image\":{\"@type\":\"ImageObject\",\"@id\":\"https:\\\/\\\/www.islamidavet.com\\\/azeri\\\/braziliyada-dovl%c9%99t-bascisi-namiz%c9%99di-t%c9%99yyar%c9%99-q%c9%99zasinda-oldu\\\/#authorImage\",\"url\":\"https:\\\/\\\/secure.gravatar.com\\\/avatar\\\/c1d8483ec39fbbba55dfad1685bf961c55dfcb0620a6e6120073dcc7bed0ca6d?s=96&d=mm&r=g\",\"width\":96,\"height\":96,\"caption\":\"admin\"}},{\"@type\":\"WebPage\",\"@id\":\"https:\\\/\\\/www.islamidavet.com\\\/azeri\\\/braziliyada-dovl%c9%99t-bascisi-namiz%c9%99di-t%c9%99yyar%c9%99-q%c9%99zasinda-oldu\\\/#webpage\",\"url\":\"https:\\\/\\\/www.islamidavet.com\\\/azeri\\\/braziliyada-dovl%c9%99t-bascisi-namiz%c9%99di-t%c9%99yyar%c9%99-q%c9%99zasinda-oldu\\\/\",\"name\":\"Braziliyada d\\u00f6vl\\u0259t ba\\u015f\\u00e7\\u0131s\\u0131 namiz\\u0259di t\\u0259yyar\\u0259 q\\u0259zas\\u0131nda \\u00f6ld\\u00fc\\u2026 | Azeri \\u0130sl\\u00e2mi Davet - Az\\u0259rbaycanca\",\"description\":\"Braziliyada, d\\u00f6vl\\u0259t ba\\u015f\\u00e7\\u0131s\\u0131 namiz\\u0259di Eduardo Camposun, i\\u00e7ind\\u0259 oldu\\u011fu ki\\u00e7ik t\\u0259yyar\\u0259nin d\\u00fc\\u015fm\\u0259si n\\u0259tic\\u0259sind\\u0259 h\\u0259yat\\u0131n\\u0131 itirdiyi bildirildi. Folha d\\u0259 S.Paulo sayt\\u0131n\\u0131n x\\u0259b\\u0259rind\\u0259, Sao Paulo yax\\u0131nl\\u0131\\u011f\\u0131nda Santos \\u015f\\u0259h\\u0259rind\\u0259 meydana g\\u0259l\\u0259n q\\u0259zada, Braziliyada d\\u00f6vl\\u0259t prezidentliy\\u0259 namiz\\u0259d olan Eduardo Camposun v\\u0259 \\u0259n az bir adam\\u0131n daha \\u00f6ld\\u00fcy\\u00fc, ilk t\\u0259yin etm\\u0259l\\u0259r\\u0259 g\\u00f6r\\u0259 10 adam\\u0131n yaraland\\u0131\\u011f\\u0131, yedisinin x\\u0259st\\u0259xanaya qald\\u0131r\\u0131ld\\u0131\\u011f\\u0131 ifad\\u0259 edildi. Rio-de-Janeyro\",\"inLanguage\":\"tr-TR\",\"isPartOf\":{\"@id\":\"https:\\\/\\\/www.islamidavet.com\\\/azeri\\\/#website\"},\"breadcrumb\":{\"@id\":\"https:\\\/\\\/www.islamidavet.com\\\/azeri\\\/braziliyada-dovl%c9%99t-bascisi-namiz%c9%99di-t%c9%99yyar%c9%99-q%c9%99zasinda-oldu\\\/#breadcrumblist\"},\"author\":{\"@id\":\"https:\\\/\\\/www.islamidavet.com\\\/azeri\\\/author\\\/admin\\\/#author\"},\"creator\":{\"@id\":\"https:\\\/\\\/www.islamidavet.com\\\/azeri\\\/author\\\/admin\\\/#author\"},\"datePublished\":\"2014-08-14T14:16:38+05:00\",\"dateModified\":\"2014-08-14T14:16:38+05:00\"},{\"@type\":\"WebSite\",\"@id\":\"https:\\\/\\\/www.islamidavet.com\\\/azeri\\\/#website\",\"url\":\"https:\\\/\\\/www.islamidavet.com\\\/azeri\\\/\",\"name\":\"Azeri \\u0130sl\\u00e2mi Davet - Az\\u0259rbaycanca\",\"description\":\"Azeri \\u0130sl\\u00e2mi Davet - Az\\u0259rbaycanca\",\"inLanguage\":\"tr-TR\",\"publisher\":{\"@id\":\"https:\\\/\\\/www.islamidavet.com\\\/azeri\\\/#organization\"}}]}\n\t\t<\/script>\n\t\t<!-- All in One SEO -->\n\n","aioseo_head_json":{"title":"Braziliyada d\u00f6vl\u0259t ba\u015f\u00e7\u0131s\u0131 namiz\u0259di t\u0259yyar\u0259 q\u0259zas\u0131nda \u00f6ld\u00fc\u2026 | Azeri \u0130sl\u00e2mi Davet - Az\u0259rbaycanca","description":"Braziliyada, d\u00f6vl\u0259t ba\u015f\u00e7\u0131s\u0131 namiz\u0259di Eduardo Camposun, i\u00e7ind\u0259 oldu\u011fu ki\u00e7ik t\u0259yyar\u0259nin d\u00fc\u015fm\u0259si n\u0259tic\u0259sind\u0259 h\u0259yat\u0131n\u0131 itirdiyi bildirildi. Folha d\u0259 S.Paulo sayt\u0131n\u0131n x\u0259b\u0259rind\u0259, Sao Paulo yax\u0131nl\u0131\u011f\u0131nda Santos \u015f\u0259h\u0259rind\u0259 meydana g\u0259l\u0259n q\u0259zada, Braziliyada d\u00f6vl\u0259t prezidentliy\u0259 namiz\u0259d olan Eduardo Camposun v\u0259 \u0259n az bir adam\u0131n daha \u00f6ld\u00fcy\u00fc, ilk t\u0259yin etm\u0259l\u0259r\u0259 g\u00f6r\u0259 10 adam\u0131n yaraland\u0131\u011f\u0131, yedisinin x\u0259st\u0259xanaya qald\u0131r\u0131ld\u0131\u011f\u0131 ifad\u0259 edildi. Rio-de-Janeyro","canonical_url":"https:\/\/www.islamidavet.com\/azeri\/braziliyada-dovl%c9%99t-bascisi-namiz%c9%99di-t%c9%99yyar%c9%99-q%c9%99zasinda-oldu\/","robots":"max-image-preview:large","keywords":"","webmasterTools":{"miscellaneous":""},"schema":{"@context":"https:\/\/schema.org","@graph":[{"@type":"Article","@id":"https:\/\/www.islamidavet.com\/azeri\/braziliyada-dovl%c9%99t-bascisi-namiz%c9%99di-t%c9%99yyar%c9%99-q%c9%99zasinda-oldu\/#article","name":"Braziliyada d\u00f6vl\u0259t ba\u015f\u00e7\u0131s\u0131 namiz\u0259di t\u0259yyar\u0259 q\u0259zas\u0131nda \u00f6ld\u00fc\u2026 | Azeri \u0130sl\u00e2mi Davet - Az\u0259rbaycanca","headline":"Braziliyada d\u00f6vl\u0259t ba\u015f\u00e7\u0131s\u0131 namiz\u0259di t\u0259yyar\u0259 q\u0259zas\u0131nda \u00f6ld\u00fc&#8230;","author":{"@id":"https:\/\/www.islamidavet.com\/azeri\/author\/admin\/#author"},"publisher":{"@id":"https:\/\/www.islamidavet.com\/azeri\/#organization"},"datePublished":"2014-08-14T14:16:38+05:00","dateModified":"2014-08-14T14:16:38+05:00","inLanguage":"tr-TR","mainEntityOfPage":{"@id":"https:\/\/www.islamidavet.com\/azeri\/braziliyada-dovl%c9%99t-bascisi-namiz%c9%99di-t%c9%99yyar%c9%99-q%c9%99zasinda-oldu\/#webpage"},"isPartOf":{"@id":"https:\/\/www.islamidavet.com\/azeri\/braziliyada-dovl%c9%99t-bascisi-namiz%c9%99di-t%c9%99yyar%c9%99-q%c9%99zasinda-oldu\/#webpage"},"articleSection":"D\u00fcnya, X\u018fB\u018fRL\u018fR, Braziliya, gundem, Marina Silvan, son dakika xaberleri, Sosialist Partiyas\u0131, xaber, xaberler"},{"@type":"BreadcrumbList","@id":"https:\/\/www.islamidavet.com\/azeri\/braziliyada-dovl%c9%99t-bascisi-namiz%c9%99di-t%c9%99yyar%c9%99-q%c9%99zasinda-oldu\/#breadcrumblist","itemListElement":[{"@type":"ListItem","@id":"https:\/\/www.islamidavet.com\/azeri#listItem","position":1,"name":"Ev","item":"https:\/\/www.islamidavet.com\/azeri","nextItem":{"@type":"ListItem","@id":"https:\/\/www.islamidavet.com\/azeri\/x%c9%99b%c9%99rl%c9%99r\/#listItem","name":"X\u018fB\u018fRL\u018fR"}},{"@type":"ListItem","@id":"https:\/\/www.islamidavet.com\/azeri\/x%c9%99b%c9%99rl%c9%99r\/#listItem","position":2,"name":"X\u018fB\u018fRL\u018fR","item":"https:\/\/www.islamidavet.com\/azeri\/x%c9%99b%c9%99rl%c9%99r\/","nextItem":{"@type":"ListItem","@id":"https:\/\/www.islamidavet.com\/azeri\/x%c9%99b%c9%99rl%c9%99r\/dunya\/#listItem","name":"D\u00fcnya"},"previousItem":{"@type":"ListItem","@id":"https:\/\/www.islamidavet.com\/azeri#listItem","name":"Ev"}},{"@type":"ListItem","@id":"https:\/\/www.islamidavet.com\/azeri\/x%c9%99b%c9%99rl%c9%99r\/dunya\/#listItem","position":3,"name":"D\u00fcnya","item":"https:\/\/www.islamidavet.com\/azeri\/x%c9%99b%c9%99rl%c9%99r\/dunya\/","nextItem":{"@type":"ListItem","@id":"https:\/\/www.islamidavet.com\/azeri\/braziliyada-dovl%c9%99t-bascisi-namiz%c9%99di-t%c9%99yyar%c9%99-q%c9%99zasinda-oldu\/#listItem","name":"Braziliyada d\u00f6vl\u0259t ba\u015f\u00e7\u0131s\u0131 namiz\u0259di t\u0259yyar\u0259 q\u0259zas\u0131nda \u00f6ld\u00fc&#8230;"},"previousItem":{"@type":"ListItem","@id":"https:\/\/www.islamidavet.com\/azeri\/x%c9%99b%c9%99rl%c9%99r\/#listItem","name":"X\u018fB\u018fRL\u018fR"}},{"@type":"ListItem","@id":"https:\/\/www.islamidavet.com\/azeri\/braziliyada-dovl%c9%99t-bascisi-namiz%c9%99di-t%c9%99yyar%c9%99-q%c9%99zasinda-oldu\/#listItem","position":4,"name":"Braziliyada d\u00f6vl\u0259t ba\u015f\u00e7\u0131s\u0131 namiz\u0259di t\u0259yyar\u0259 q\u0259zas\u0131nda \u00f6ld\u00fc&#8230;","previousItem":{"@type":"ListItem","@id":"https:\/\/www.islamidavet.com\/azeri\/x%c9%99b%c9%99rl%c9%99r\/dunya\/#listItem","name":"D\u00fcnya"}}]},{"@type":"Organization","@id":"https:\/\/www.islamidavet.com\/azeri\/#organization","name":"Azeri \u0130sl\u00e2mi Davet - Az\u0259rbaycanca","description":"Azeri \u0130sl\u00e2mi Davet - Az\u0259rbaycanca","url":"https:\/\/www.islamidavet.com\/azeri\/"},{"@type":"Person","@id":"https:\/\/www.islamidavet.com\/azeri\/author\/admin\/#author","url":"https:\/\/www.islamidavet.com\/azeri\/author\/admin\/","name":"admin","image":{"@type":"ImageObject","@id":"https:\/\/www.islamidavet.com\/azeri\/braziliyada-dovl%c9%99t-bascisi-namiz%c9%99di-t%c9%99yyar%c9%99-q%c9%99zasinda-oldu\/#authorImage","url":"https:\/\/secure.gravatar.com\/avatar\/c1d8483ec39fbbba55dfad1685bf961c55dfcb0620a6e6120073dcc7bed0ca6d?s=96&d=mm&r=g","width":96,"height":96,"caption":"admin"}},{"@type":"WebPage","@id":"https:\/\/www.islamidavet.com\/azeri\/braziliyada-dovl%c9%99t-bascisi-namiz%c9%99di-t%c9%99yyar%c9%99-q%c9%99zasinda-oldu\/#webpage","url":"https:\/\/www.islamidavet.com\/azeri\/braziliyada-dovl%c9%99t-bascisi-namiz%c9%99di-t%c9%99yyar%c9%99-q%c9%99zasinda-oldu\/","name":"Braziliyada d\u00f6vl\u0259t ba\u015f\u00e7\u0131s\u0131 namiz\u0259di t\u0259yyar\u0259 q\u0259zas\u0131nda \u00f6ld\u00fc\u2026 | Azeri \u0130sl\u00e2mi Davet - Az\u0259rbaycanca","description":"Braziliyada, d\u00f6vl\u0259t ba\u015f\u00e7\u0131s\u0131 namiz\u0259di Eduardo Camposun, i\u00e7ind\u0259 oldu\u011fu ki\u00e7ik t\u0259yyar\u0259nin d\u00fc\u015fm\u0259si n\u0259tic\u0259sind\u0259 h\u0259yat\u0131n\u0131 itirdiyi bildirildi. Folha d\u0259 S.Paulo sayt\u0131n\u0131n x\u0259b\u0259rind\u0259, Sao Paulo yax\u0131nl\u0131\u011f\u0131nda Santos \u015f\u0259h\u0259rind\u0259 meydana g\u0259l\u0259n q\u0259zada, Braziliyada d\u00f6vl\u0259t prezidentliy\u0259 namiz\u0259d olan Eduardo Camposun v\u0259 \u0259n az bir adam\u0131n daha \u00f6ld\u00fcy\u00fc, ilk t\u0259yin etm\u0259l\u0259r\u0259 g\u00f6r\u0259 10 adam\u0131n yaraland\u0131\u011f\u0131, yedisinin x\u0259st\u0259xanaya qald\u0131r\u0131ld\u0131\u011f\u0131 ifad\u0259 edildi. Rio-de-Janeyro","inLanguage":"tr-TR","isPartOf":{"@id":"https:\/\/www.islamidavet.com\/azeri\/#website"},"breadcrumb":{"@id":"https:\/\/www.islamidavet.com\/azeri\/braziliyada-dovl%c9%99t-bascisi-namiz%c9%99di-t%c9%99yyar%c9%99-q%c9%99zasinda-oldu\/#breadcrumblist"},"author":{"@id":"https:\/\/www.islamidavet.com\/azeri\/author\/admin\/#author"},"creator":{"@id":"https:\/\/www.islamidavet.com\/azeri\/author\/admin\/#author"},"datePublished":"2014-08-14T14:16:38+05:00","dateModified":"2014-08-14T14:16:38+05:00"},{"@type":"WebSite","@id":"https:\/\/www.islamidavet.com\/azeri\/#website","url":"https:\/\/www.islamidavet.com\/azeri\/","name":"Azeri \u0130sl\u00e2mi Davet - Az\u0259rbaycanca","description":"Azeri \u0130sl\u00e2mi Davet - Az\u0259rbaycanca","inLanguage":"tr-TR","publisher":{"@id":"https:\/\/www.islamidavet.com\/azeri\/#organization"}}]},"og:locale":"tr_TR","og:site_name":"Azeri \u0130sl\u00e2mi Davet - Az\u0259rbaycanca | Azeri \u0130sl\u00e2mi Davet - Az\u0259rbaycanca","og:type":"article","og:title":"Braziliyada d\u00f6vl\u0259t ba\u015f\u00e7\u0131s\u0131 namiz\u0259di t\u0259yyar\u0259 q\u0259zas\u0131nda \u00f6ld\u00fc\u2026 | Azeri \u0130sl\u00e2mi Davet - Az\u0259rbaycanca","og:description":"Braziliyada, d\u00f6vl\u0259t ba\u015f\u00e7\u0131s\u0131 namiz\u0259di Eduardo Camposun, i\u00e7ind\u0259 oldu\u011fu ki\u00e7ik t\u0259yyar\u0259nin d\u00fc\u015fm\u0259si n\u0259tic\u0259sind\u0259 h\u0259yat\u0131n\u0131 itirdiyi bildirildi. Folha d\u0259 S.Paulo sayt\u0131n\u0131n x\u0259b\u0259rind\u0259, Sao Paulo yax\u0131nl\u0131\u011f\u0131nda Santos \u015f\u0259h\u0259rind\u0259 meydana g\u0259l\u0259n q\u0259zada, Braziliyada d\u00f6vl\u0259t prezidentliy\u0259 namiz\u0259d olan Eduardo Camposun v\u0259 \u0259n az bir adam\u0131n daha \u00f6ld\u00fcy\u00fc, ilk t\u0259yin etm\u0259l\u0259r\u0259 g\u00f6r\u0259 10 adam\u0131n yaraland\u0131\u011f\u0131, yedisinin x\u0259st\u0259xanaya qald\u0131r\u0131ld\u0131\u011f\u0131 ifad\u0259 edildi. Rio-de-Janeyro","og:url":"https:\/\/www.islamidavet.com\/azeri\/braziliyada-dovl%c9%99t-bascisi-namiz%c9%99di-t%c9%99yyar%c9%99-q%c9%99zasinda-oldu\/","article:published_time":"2014-08-14T09:16:38+00:00","article:modified_time":"2014-08-14T09:16:38+00:00","twitter:card":"summary_large_image","twitter:title":"Braziliyada d\u00f6vl\u0259t ba\u015f\u00e7\u0131s\u0131 namiz\u0259di t\u0259yyar\u0259 q\u0259zas\u0131nda \u00f6ld\u00fc\u2026 | Azeri \u0130sl\u00e2mi Davet - Az\u0259rbaycanca","twitter:description":"Braziliyada, d\u00f6vl\u0259t ba\u015f\u00e7\u0131s\u0131 namiz\u0259di Eduardo Camposun, i\u00e7ind\u0259 oldu\u011fu ki\u00e7ik t\u0259yyar\u0259nin d\u00fc\u015fm\u0259si n\u0259tic\u0259sind\u0259 h\u0259yat\u0131n\u0131 itirdiyi bildirildi. Folha d\u0259 S.Paulo sayt\u0131n\u0131n x\u0259b\u0259rind\u0259, Sao Paulo yax\u0131nl\u0131\u011f\u0131nda Santos \u015f\u0259h\u0259rind\u0259 meydana g\u0259l\u0259n q\u0259zada, Braziliyada d\u00f6vl\u0259t prezidentliy\u0259 namiz\u0259d olan Eduardo Camposun v\u0259 \u0259n az bir adam\u0131n daha \u00f6ld\u00fcy\u00fc, ilk t\u0259yin etm\u0259l\u0259r\u0259 g\u00f6r\u0259 10 adam\u0131n yaraland\u0131\u011f\u0131, yedisinin x\u0259st\u0259xanaya qald\u0131r\u0131ld\u0131\u011f\u0131 ifad\u0259 edildi. Rio-de-Janeyro"},"aioseo_meta_data":{"post_id":"36217","title":null,"description":null,"keywords":null,"keyphrases":null,"primary_term":null,"canonical_url":null,"og_title":null,"og_description":null,"og_object_type":"default","og_image_type":"default","og_image_url":null,"og_image_width":null,"og_image_height":null,"og_image_custom_url":null,"og_image_custom_fields":null,"og_video":null,"og_custom_url":null,"og_article_section":null,"og_article_tags":null,"twitter_use_og":false,"twitter_card":"default","twitter_image_type":"default","twitter_image_url":null,"twitter_image_custom_url":null,"twitter_image_custom_fields":null,"twitter_title":null,"twitter_description":null,"schema":{"blockGraphs":[],"customGraphs":[],"default":{"data":{"Article":[],"Course":[],"Dataset":[],"FAQPage":[],"Movie":[],"Person":[],"Product":[],"ProductReview":[],"Car":[],"Recipe":[],"Service":[],"SoftwareApplication":[],"WebPage":[]},"graphName":"","isEnabled":true},"graphs":[]},"schema_type":"default","schema_type_options":null,"pillar_content":false,"robots_default":true,"robots_noindex":false,"robots_noarchive":false,"robots_nosnippet":false,"robots_nofollow":false,"robots_noimageindex":false,"robots_noodp":false,"robots_notranslate":false,"robots_max_snippet":null,"robots_max_videopreview":null,"robots_max_imagepreview":"large","priority":null,"frequency":null,"local_seo":null,"breadcrumb_settings":null,"limit_modified_date":false,"ai":null,"created":"2024-07-21 16:38:54","updated":"2025-06-06 07:28:41","seo_analyzer_scan_date":null,"focus_keyword":null,"additional_keywords":null,"truseo_locale":null},"aioseo_breadcrumb":"<div class=\"aioseo-breadcrumbs\"><span class=\"aioseo-breadcrumb\">\n\t\t\t<a href=\"https:\/\/www.islamidavet.com\/azeri\" title=\"Ev\">Ev<\/a>\n\t\t<\/span><span class=\"aioseo-breadcrumb-separator\">&raquo;<\/span><span class=\"aioseo-breadcrumb\">\n\t\t\t<a href=\"https:\/\/www.islamidavet.com\/azeri\/x%c9%99b%c9%99rl%c9%99r\/\" title=\"X\u018fB\u018fRL\u018fR\">X\u018fB\u018fRL\u018fR<\/a>\n\t\t<\/span><span class=\"aioseo-breadcrumb-separator\">&raquo;<\/span><span class=\"aioseo-breadcrumb\">\n\t\t\t<a href=\"https:\/\/www.islamidavet.com\/azeri\/x%c9%99b%c9%99rl%c9%99r\/dunya\/\" title=\"D\u00fcnya\">D\u00fcnya<\/a>\n\t\t<\/span><span class=\"aioseo-breadcrumb-separator\">&raquo;<\/span><span class=\"aioseo-breadcrumb\">\n\t\t\tBraziliyada d\u00f6vl\u0259t ba\u015f\u00e7\u0131s\u0131 namiz\u0259di t\u0259yyar\u0259 q\u0259zas\u0131nda \u00f6ld\u00fc\u2026\n\t\t<\/span><\/div>","aioseo_breadcrumb_json":[{"label":"Ev","link":"https:\/\/www.islamidavet.com\/azeri"},{"label":"X\u018fB\u018fRL\u018fR","link":"https:\/\/www.islamidavet.com\/azeri\/x%c9%99b%c9%99rl%c9%99r\/"},{"label":"D\u00fcnya","link":"https:\/\/www.islamidavet.com\/azeri\/x%c9%99b%c9%99rl%c9%99r\/dunya\/"},{"label":"Braziliyada d\u00f6vl\u0259t ba\u015f\u00e7\u0131s\u0131 namiz\u0259di t\u0259yyar\u0259 q\u0259zas\u0131nda \u00f6ld\u00fc&#8230;","link":"https:\/\/www.islamidavet.com\/azeri\/braziliyada-dovl%c9%99t-bascisi-namiz%c9%99di-t%c9%99yyar%c9%99-q%c9%99zasinda-oldu\/"}],"amp_enabled":true,"_links":{"self":[{"href":"https:\/\/www.islamidavet.com\/azeri\/wp-json\/wp\/v2\/posts\/36217","targetHints":{"allow":["GET"]}}],"collection":[{"href":"https:\/\/www.islamidavet.com\/azeri\/wp-json\/wp\/v2\/posts"}],"about":[{"href":"https:\/\/www.islamidavet.com\/azeri\/wp-json\/wp\/v2\/types\/post"}],"author":[{"embeddable":true,"href":"https:\/\/www.islamidavet.com\/azeri\/wp-json\/wp\/v2\/users\/1"}],"replies":[{"embeddable":true,"href":"https:\/\/www.islamidavet.com\/azeri\/wp-json\/wp\/v2\/comments?post=36217"}],"version-history":[{"count":0,"href":"https:\/\/www.islamidavet.com\/azeri\/wp-json\/wp\/v2\/posts\/36217\/revisions"}],"wp:attachment":[{"href":"https:\/\/www.islamidavet.com\/azeri\/wp-json\/wp\/v2\/media?parent=36217"}],"wp:term":[{"taxonomy":"category","embeddable":true,"href":"https:\/\/www.islamidavet.com\/azeri\/wp-json\/wp\/v2\/categories?post=36217"},{"taxonomy":"post_tag","embeddable":true,"href":"https:\/\/www.islamidavet.com\/azeri\/wp-json\/wp\/v2\/tags?post=36217"}],"curies":[{"name":"wp","href":"https:\/\/api.w.org\/{rel}","templated":true}]}}