{"id":37873,"date":"2014-10-25T01:29:19","date_gmt":"2014-10-24T20:29:19","guid":{"rendered":"http:\/\/www.islamidavet.com\/azeri\/?p=37873"},"modified":"2014-10-25T01:29:19","modified_gmt":"2014-10-24T20:29:19","slug":"avropa-m%c9%99hk%c9%99m%c9%99si-g%c9%99l%c9%99n-ay-mohsun-s%c9%99m%c9%99dovun-isin%c9%99-baxacaq","status":"publish","type":"post","link":"https:\/\/www.islamidavet.com\/azeri\/avropa-m%c9%99hk%c9%99m%c9%99si-g%c9%99l%c9%99n-ay-mohsun-s%c9%99m%c9%99dovun-isin%c9%99-baxacaq\/","title":{"rendered":"Avropa M\u0259hk\u0259m\u0259si g\u0259l\u0259n ay M\u00f6hs\u00fcn S\u0259m\u0259dovun i\u015fin\u0259 baxacaq"},"content":{"rendered":"<p>\u201cAz\u0259rbaycan h\u00f6kum\u0259ti oktyabr ay\u0131n\u0131n 24-n\u0259 q\u0259d\u0259r A\u0130P lideri M\u00f6hs\u00fcn S\u0259m\u0259dovla ba\u011fl\u0131 Avropa M\u0259hk\u0259m\u0259sinin \u00fcnvanlad\u0131\u011f\u0131 sor\u011funu cavabland\u0131rmal\u0131d\u0131r. Yaln\u0131z bundan sonra m\u0259hk\u0259m\u0259 prosesin\u0259 start veril\u0259c\u0259k.\u201d<\/p>\n<p>Bu s\u00f6zl\u0259ri A\u0130P lideri M\u00f6hs\u00fcn S\u0259m\u0259dovun v\u0259kili Anar Qas\u0131ml\u0131 bir h\u0259ft\u0259 \u0259vv\u0259l partiya s\u0259drinin m\u0259hk\u0259m\u0259 i\u015fi il\u0259 ba\u011fl\u0131 \u0130slaminsesi.org sayt\u0131na a\u00e7\u0131qlama ver\u0259rk\u0259n qeyd edib. V\u0259kill\u0259 \u0259laq\u0259 saxlayaraq v\u0259ziyy\u0259tl\u0259 maraqland\u0131q.<br \/>\nAnar Qas\u0131ml\u0131 bildirdi ki, Avropa m\u0259hk\u0259m\u0259sinin sor\u011fusuna cavab bu g\u00fcn g\u00f6nd\u0259ril\u0259c\u0259k:<br \/>\n\u201dBiz\u0259 y\u0259qin ki, sor\u011funun cavab\u0131 bar\u0259d\u0259 m\u0259lumat yaln\u0131z bir aydan sonra \u00e7atacaq. Onlar r\u0259smi m\u0259lumatlar\u0131 po\u00e7t vasit\u0259sil\u0259 g\u00f6nd\u0259rirl\u0259r v\u0259 bu m\u00fcdd\u0259t ad\u0259t\u0259n 25-30 g\u00fcn \u00e7\u0259kir. Y\u0259qin ki, Avropa m\u0259hk\u0259m\u0259si noyabr ay\u0131nda bu m\u0259s\u0259l\u0259y\u0259 baxacaq.<br \/>\nHac\u0131n\u0131n Qobustana k\u00f6\u00e7\u00fcr\u00fclm\u0259si il\u0259 ba\u011fl\u0131 apelyasiya m\u0259hk\u0259m\u0259sind\u0259n is\u0259 h\u0259l\u0259 d\u0259 bildiri\u015f almam\u0131\u015f\u0131q v\u0259 m\u0259hk\u0259m\u0259nin d\u0259qiq tarixi biz\u0259 m\u0259lum deyil.\u201c<\/p>\n","protected":false},"excerpt":{"rendered":"<p>\u201cAz\u0259rbaycan h\u00f6kum\u0259ti oktyabr ay\u0131n\u0131n 24-n\u0259 q\u0259d\u0259r A\u0130P lideri M\u00f6hs\u00fcn S\u0259m\u0259dovla ba\u011fl\u0131 Avropa M\u0259hk\u0259m\u0259sinin \u00fcnvanlad\u0131\u011f\u0131 sor\u011funu cavabland\u0131rmal\u0131d\u0131r. Yaln\u0131z bundan sonra m\u0259hk\u0259m\u0259 prosesin\u0259 start veril\u0259c\u0259k.\u201d Bu s\u00f6zl\u0259ri A\u0130P lideri M\u00f6hs\u00fcn S\u0259m\u0259dovun v\u0259kili Anar Qas\u0131ml\u0131 bir h\u0259ft\u0259 \u0259vv\u0259l partiya s\u0259drinin m\u0259hk\u0259m\u0259 i\u015fi il\u0259 ba\u011fl\u0131 \u0130slaminsesi.org sayt\u0131na a\u00e7\u0131qlama ver\u0259rk\u0259n qeyd edib. V\u0259kill\u0259 \u0259laq\u0259 saxlayaraq v\u0259ziyy\u0259tl\u0259 maraqland\u0131q. Anar Qas\u0131ml\u0131 bildirdi &hellip;<\/p>\n","protected":false},"author":1,"featured_media":0,"comment_status":"open","ping_status":"open","sticky":false,"template":"","format":"standard","meta":{"footnotes":""},"categories":[112,4,8,2],"tags":[519,13779,4799,16250,13513,13716],"class_list":["post-37873","post","type-post","status-publish","format-standard","hentry","category-asya","category-azrbaycan","category-dunya","category-xbrlr","tag-avropa-mhkmsi","tag-gundem","tag-mohsun-smdov","tag-son-dakika","tag-xaber","tag-xaberler"],"aioseo_notices":[],"aioseo_head":"\n\t\t<!-- All in One SEO 5.0.1.1 - aioseo.com -->\n\t<meta name=\"description\" content=\"\u201cAz\u0259rbaycan h\u00f6kum\u0259ti oktyabr ay\u0131n\u0131n 24-n\u0259 q\u0259d\u0259r A\u0130P lideri M\u00f6hs\u00fcn S\u0259m\u0259dovla ba\u011fl\u0131 Avropa M\u0259hk\u0259m\u0259sinin \u00fcnvanlad\u0131\u011f\u0131 sor\u011funu cavabland\u0131rmal\u0131d\u0131r. Yaln\u0131z bundan sonra m\u0259hk\u0259m\u0259 prosesin\u0259 start veril\u0259c\u0259k.\u201d Bu s\u00f6zl\u0259ri A\u0130P lideri M\u00f6hs\u00fcn S\u0259m\u0259dovun v\u0259kili Anar Qas\u0131ml\u0131 bir h\u0259ft\u0259 \u0259vv\u0259l partiya s\u0259drinin m\u0259hk\u0259m\u0259 i\u015fi il\u0259 ba\u011fl\u0131 \u0130slaminsesi.org sayt\u0131na a\u00e7\u0131qlama ver\u0259rk\u0259n qeyd edib. V\u0259kill\u0259 \u0259laq\u0259 saxlayaraq v\u0259ziyy\u0259tl\u0259 maraqland\u0131q. Anar Qas\u0131ml\u0131 bildirdi\" \/>\n\t<meta name=\"robots\" content=\"max-image-preview:large\" \/>\n\t<meta name=\"author\" content=\"admin\"\/>\n\t<link rel=\"canonical\" href=\"https:\/\/www.islamidavet.com\/azeri\/avropa-m%c9%99hk%c9%99m%c9%99si-g%c9%99l%c9%99n-ay-mohsun-s%c9%99m%c9%99dovun-isin%c9%99-baxacaq\/\" \/>\n\t<meta name=\"generator\" content=\"All in One SEO (AIOSEO) 5.0.1.1\" \/>\n\t\t<meta property=\"og:locale\" content=\"tr_TR\" \/>\n\t\t<meta property=\"og:site_name\" content=\"Azeri \u0130sl\u00e2mi Davet - Az\u0259rbaycanca | Azeri \u0130sl\u00e2mi Davet - Az\u0259rbaycanca\" \/>\n\t\t<meta property=\"og:type\" content=\"article\" \/>\n\t\t<meta property=\"og:title\" content=\"Avropa M\u0259hk\u0259m\u0259si g\u0259l\u0259n ay M\u00f6hs\u00fcn S\u0259m\u0259dovun i\u015fin\u0259 baxacaq | Azeri \u0130sl\u00e2mi Davet - Az\u0259rbaycanca\" \/>\n\t\t<meta property=\"og:description\" content=\"\u201cAz\u0259rbaycan h\u00f6kum\u0259ti oktyabr ay\u0131n\u0131n 24-n\u0259 q\u0259d\u0259r A\u0130P lideri M\u00f6hs\u00fcn S\u0259m\u0259dovla ba\u011fl\u0131 Avropa M\u0259hk\u0259m\u0259sinin \u00fcnvanlad\u0131\u011f\u0131 sor\u011funu cavabland\u0131rmal\u0131d\u0131r. Yaln\u0131z bundan sonra m\u0259hk\u0259m\u0259 prosesin\u0259 start veril\u0259c\u0259k.\u201d Bu s\u00f6zl\u0259ri A\u0130P lideri M\u00f6hs\u00fcn S\u0259m\u0259dovun v\u0259kili Anar Qas\u0131ml\u0131 bir h\u0259ft\u0259 \u0259vv\u0259l partiya s\u0259drinin m\u0259hk\u0259m\u0259 i\u015fi il\u0259 ba\u011fl\u0131 \u0130slaminsesi.org sayt\u0131na a\u00e7\u0131qlama ver\u0259rk\u0259n qeyd edib. V\u0259kill\u0259 \u0259laq\u0259 saxlayaraq v\u0259ziyy\u0259tl\u0259 maraqland\u0131q. Anar Qas\u0131ml\u0131 bildirdi\" \/>\n\t\t<meta property=\"og:url\" content=\"https:\/\/www.islamidavet.com\/azeri\/avropa-m%c9%99hk%c9%99m%c9%99si-g%c9%99l%c9%99n-ay-mohsun-s%c9%99m%c9%99dovun-isin%c9%99-baxacaq\/\" \/>\n\t\t<meta property=\"article:published_time\" content=\"2014-10-24T20:29:19+00:00\" \/>\n\t\t<meta property=\"article:modified_time\" content=\"2014-10-24T20:29:19+00:00\" \/>\n\t\t<meta name=\"twitter:card\" content=\"summary_large_image\" \/>\n\t\t<meta name=\"twitter:title\" content=\"Avropa M\u0259hk\u0259m\u0259si g\u0259l\u0259n ay M\u00f6hs\u00fcn S\u0259m\u0259dovun i\u015fin\u0259 baxacaq | Azeri \u0130sl\u00e2mi Davet - Az\u0259rbaycanca\" \/>\n\t\t<meta name=\"twitter:description\" content=\"\u201cAz\u0259rbaycan h\u00f6kum\u0259ti oktyabr ay\u0131n\u0131n 24-n\u0259 q\u0259d\u0259r A\u0130P lideri M\u00f6hs\u00fcn S\u0259m\u0259dovla ba\u011fl\u0131 Avropa M\u0259hk\u0259m\u0259sinin \u00fcnvanlad\u0131\u011f\u0131 sor\u011funu cavabland\u0131rmal\u0131d\u0131r. Yaln\u0131z bundan sonra m\u0259hk\u0259m\u0259 prosesin\u0259 start veril\u0259c\u0259k.\u201d Bu s\u00f6zl\u0259ri A\u0130P lideri M\u00f6hs\u00fcn S\u0259m\u0259dovun v\u0259kili Anar Qas\u0131ml\u0131 bir h\u0259ft\u0259 \u0259vv\u0259l partiya s\u0259drinin m\u0259hk\u0259m\u0259 i\u015fi il\u0259 ba\u011fl\u0131 \u0130slaminsesi.org sayt\u0131na a\u00e7\u0131qlama ver\u0259rk\u0259n qeyd edib. V\u0259kill\u0259 \u0259laq\u0259 saxlayaraq v\u0259ziyy\u0259tl\u0259 maraqland\u0131q. Anar Qas\u0131ml\u0131 bildirdi\" \/>\n\t\t<script type=\"application\/ld+json\" class=\"aioseo-schema\">\n\t\t\t{\"@context\":\"https:\\\/\\\/schema.org\",\"@graph\":[{\"@type\":\"Article\",\"@id\":\"https:\\\/\\\/www.islamidavet.com\\\/azeri\\\/avropa-m%c9%99hk%c9%99m%c9%99si-g%c9%99l%c9%99n-ay-mohsun-s%c9%99m%c9%99dovun-isin%c9%99-baxacaq\\\/#article\",\"name\":\"Avropa M\\u0259hk\\u0259m\\u0259si g\\u0259l\\u0259n ay M\\u00f6hs\\u00fcn S\\u0259m\\u0259dovun i\\u015fin\\u0259 baxacaq | Azeri \\u0130sl\\u00e2mi Davet - Az\\u0259rbaycanca\",\"headline\":\"Avropa M\\u0259hk\\u0259m\\u0259si g\\u0259l\\u0259n ay M\\u00f6hs\\u00fcn S\\u0259m\\u0259dovun i\\u015fin\\u0259 baxacaq\",\"author\":{\"@id\":\"https:\\\/\\\/www.islamidavet.com\\\/azeri\\\/author\\\/admin\\\/#author\"},\"publisher\":{\"@id\":\"https:\\\/\\\/www.islamidavet.com\\\/azeri\\\/#organization\"},\"datePublished\":\"2014-10-25T01:29:19+05:00\",\"dateModified\":\"2014-10-25T01:29:19+05:00\",\"inLanguage\":\"tr-TR\",\"mainEntityOfPage\":{\"@id\":\"https:\\\/\\\/www.islamidavet.com\\\/azeri\\\/avropa-m%c9%99hk%c9%99m%c9%99si-g%c9%99l%c9%99n-ay-mohsun-s%c9%99m%c9%99dovun-isin%c9%99-baxacaq\\\/#webpage\"},\"isPartOf\":{\"@id\":\"https:\\\/\\\/www.islamidavet.com\\\/azeri\\\/avropa-m%c9%99hk%c9%99m%c9%99si-g%c9%99l%c9%99n-ay-mohsun-s%c9%99m%c9%99dovun-isin%c9%99-baxacaq\\\/#webpage\"},\"articleSection\":\"Asya, Az\\u0259rbaycan, D\\u00fcnya, X\\u018fB\\u018fRL\\u018fR, Avropa M\\u0259hk\\u0259m\\u0259si, gundem, M\\u00f6hs\\u00fcn S\\u0259m\\u0259dov, son dakika, xaber, xaberler\"},{\"@type\":\"BreadcrumbList\",\"@id\":\"https:\\\/\\\/www.islamidavet.com\\\/azeri\\\/avropa-m%c9%99hk%c9%99m%c9%99si-g%c9%99l%c9%99n-ay-mohsun-s%c9%99m%c9%99dovun-isin%c9%99-baxacaq\\\/#breadcrumblist\",\"itemListElement\":[{\"@type\":\"ListItem\",\"@id\":\"https:\\\/\\\/www.islamidavet.com\\\/azeri#listItem\",\"position\":1,\"name\":\"Ev\",\"item\":\"https:\\\/\\\/www.islamidavet.com\\\/azeri\",\"nextItem\":{\"@type\":\"ListItem\",\"@id\":\"https:\\\/\\\/www.islamidavet.com\\\/azeri\\\/x%c9%99b%c9%99rl%c9%99r\\\/#listItem\",\"name\":\"X\\u018fB\\u018fRL\\u018fR\"}},{\"@type\":\"ListItem\",\"@id\":\"https:\\\/\\\/www.islamidavet.com\\\/azeri\\\/x%c9%99b%c9%99rl%c9%99r\\\/#listItem\",\"position\":2,\"name\":\"X\\u018fB\\u018fRL\\u018fR\",\"item\":\"https:\\\/\\\/www.islamidavet.com\\\/azeri\\\/x%c9%99b%c9%99rl%c9%99r\\\/\",\"nextItem\":{\"@type\":\"ListItem\",\"@id\":\"https:\\\/\\\/www.islamidavet.com\\\/azeri\\\/x%c9%99b%c9%99rl%c9%99r\\\/az%c9%99rbaycan\\\/#listItem\",\"name\":\"Az\\u0259rbaycan\"},\"previousItem\":{\"@type\":\"ListItem\",\"@id\":\"https:\\\/\\\/www.islamidavet.com\\\/azeri#listItem\",\"name\":\"Ev\"}},{\"@type\":\"ListItem\",\"@id\":\"https:\\\/\\\/www.islamidavet.com\\\/azeri\\\/x%c9%99b%c9%99rl%c9%99r\\\/az%c9%99rbaycan\\\/#listItem\",\"position\":3,\"name\":\"Az\\u0259rbaycan\",\"item\":\"https:\\\/\\\/www.islamidavet.com\\\/azeri\\\/x%c9%99b%c9%99rl%c9%99r\\\/az%c9%99rbaycan\\\/\",\"nextItem\":{\"@type\":\"ListItem\",\"@id\":\"https:\\\/\\\/www.islamidavet.com\\\/azeri\\\/avropa-m%c9%99hk%c9%99m%c9%99si-g%c9%99l%c9%99n-ay-mohsun-s%c9%99m%c9%99dovun-isin%c9%99-baxacaq\\\/#listItem\",\"name\":\"Avropa M\\u0259hk\\u0259m\\u0259si g\\u0259l\\u0259n ay M\\u00f6hs\\u00fcn S\\u0259m\\u0259dovun i\\u015fin\\u0259 baxacaq\"},\"previousItem\":{\"@type\":\"ListItem\",\"@id\":\"https:\\\/\\\/www.islamidavet.com\\\/azeri\\\/x%c9%99b%c9%99rl%c9%99r\\\/#listItem\",\"name\":\"X\\u018fB\\u018fRL\\u018fR\"}},{\"@type\":\"ListItem\",\"@id\":\"https:\\\/\\\/www.islamidavet.com\\\/azeri\\\/avropa-m%c9%99hk%c9%99m%c9%99si-g%c9%99l%c9%99n-ay-mohsun-s%c9%99m%c9%99dovun-isin%c9%99-baxacaq\\\/#listItem\",\"position\":4,\"name\":\"Avropa M\\u0259hk\\u0259m\\u0259si g\\u0259l\\u0259n ay M\\u00f6hs\\u00fcn S\\u0259m\\u0259dovun i\\u015fin\\u0259 baxacaq\",\"previousItem\":{\"@type\":\"ListItem\",\"@id\":\"https:\\\/\\\/www.islamidavet.com\\\/azeri\\\/x%c9%99b%c9%99rl%c9%99r\\\/az%c9%99rbaycan\\\/#listItem\",\"name\":\"Az\\u0259rbaycan\"}}]},{\"@type\":\"Organization\",\"@id\":\"https:\\\/\\\/www.islamidavet.com\\\/azeri\\\/#organization\",\"name\":\"Azeri \\u0130sl\\u00e2mi Davet - Az\\u0259rbaycanca\",\"description\":\"Azeri \\u0130sl\\u00e2mi Davet - Az\\u0259rbaycanca\",\"url\":\"https:\\\/\\\/www.islamidavet.com\\\/azeri\\\/\"},{\"@type\":\"Person\",\"@id\":\"https:\\\/\\\/www.islamidavet.com\\\/azeri\\\/author\\\/admin\\\/#author\",\"url\":\"https:\\\/\\\/www.islamidavet.com\\\/azeri\\\/author\\\/admin\\\/\",\"name\":\"admin\",\"image\":{\"@type\":\"ImageObject\",\"@id\":\"https:\\\/\\\/www.islamidavet.com\\\/azeri\\\/avropa-m%c9%99hk%c9%99m%c9%99si-g%c9%99l%c9%99n-ay-mohsun-s%c9%99m%c9%99dovun-isin%c9%99-baxacaq\\\/#authorImage\",\"url\":\"https:\\\/\\\/secure.gravatar.com\\\/avatar\\\/c1d8483ec39fbbba55dfad1685bf961c55dfcb0620a6e6120073dcc7bed0ca6d?s=96&d=mm&r=g\",\"width\":96,\"height\":96,\"caption\":\"admin\"}},{\"@type\":\"WebPage\",\"@id\":\"https:\\\/\\\/www.islamidavet.com\\\/azeri\\\/avropa-m%c9%99hk%c9%99m%c9%99si-g%c9%99l%c9%99n-ay-mohsun-s%c9%99m%c9%99dovun-isin%c9%99-baxacaq\\\/#webpage\",\"url\":\"https:\\\/\\\/www.islamidavet.com\\\/azeri\\\/avropa-m%c9%99hk%c9%99m%c9%99si-g%c9%99l%c9%99n-ay-mohsun-s%c9%99m%c9%99dovun-isin%c9%99-baxacaq\\\/\",\"name\":\"Avropa M\\u0259hk\\u0259m\\u0259si g\\u0259l\\u0259n ay M\\u00f6hs\\u00fcn S\\u0259m\\u0259dovun i\\u015fin\\u0259 baxacaq | Azeri \\u0130sl\\u00e2mi Davet - Az\\u0259rbaycanca\",\"description\":\"\\u201cAz\\u0259rbaycan h\\u00f6kum\\u0259ti oktyabr ay\\u0131n\\u0131n 24-n\\u0259 q\\u0259d\\u0259r A\\u0130P lideri M\\u00f6hs\\u00fcn S\\u0259m\\u0259dovla ba\\u011fl\\u0131 Avropa M\\u0259hk\\u0259m\\u0259sinin \\u00fcnvanlad\\u0131\\u011f\\u0131 sor\\u011funu cavabland\\u0131rmal\\u0131d\\u0131r. Yaln\\u0131z bundan sonra m\\u0259hk\\u0259m\\u0259 prosesin\\u0259 start veril\\u0259c\\u0259k.\\u201d Bu s\\u00f6zl\\u0259ri A\\u0130P lideri M\\u00f6hs\\u00fcn S\\u0259m\\u0259dovun v\\u0259kili Anar Qas\\u0131ml\\u0131 bir h\\u0259ft\\u0259 \\u0259vv\\u0259l partiya s\\u0259drinin m\\u0259hk\\u0259m\\u0259 i\\u015fi il\\u0259 ba\\u011fl\\u0131 \\u0130slaminsesi.org sayt\\u0131na a\\u00e7\\u0131qlama ver\\u0259rk\\u0259n qeyd edib. V\\u0259kill\\u0259 \\u0259laq\\u0259 saxlayaraq v\\u0259ziyy\\u0259tl\\u0259 maraqland\\u0131q. Anar Qas\\u0131ml\\u0131 bildirdi\",\"inLanguage\":\"tr-TR\",\"isPartOf\":{\"@id\":\"https:\\\/\\\/www.islamidavet.com\\\/azeri\\\/#website\"},\"breadcrumb\":{\"@id\":\"https:\\\/\\\/www.islamidavet.com\\\/azeri\\\/avropa-m%c9%99hk%c9%99m%c9%99si-g%c9%99l%c9%99n-ay-mohsun-s%c9%99m%c9%99dovun-isin%c9%99-baxacaq\\\/#breadcrumblist\"},\"author\":{\"@id\":\"https:\\\/\\\/www.islamidavet.com\\\/azeri\\\/author\\\/admin\\\/#author\"},\"creator\":{\"@id\":\"https:\\\/\\\/www.islamidavet.com\\\/azeri\\\/author\\\/admin\\\/#author\"},\"datePublished\":\"2014-10-25T01:29:19+05:00\",\"dateModified\":\"2014-10-25T01:29:19+05:00\"},{\"@type\":\"WebSite\",\"@id\":\"https:\\\/\\\/www.islamidavet.com\\\/azeri\\\/#website\",\"url\":\"https:\\\/\\\/www.islamidavet.com\\\/azeri\\\/\",\"name\":\"Azeri \\u0130sl\\u00e2mi Davet - Az\\u0259rbaycanca\",\"description\":\"Azeri \\u0130sl\\u00e2mi Davet - Az\\u0259rbaycanca\",\"inLanguage\":\"tr-TR\",\"publisher\":{\"@id\":\"https:\\\/\\\/www.islamidavet.com\\\/azeri\\\/#organization\"}}]}\n\t\t<\/script>\n\t\t<!-- All in One SEO -->\n\n","aioseo_head_json":{"title":"Avropa M\u0259hk\u0259m\u0259si g\u0259l\u0259n ay M\u00f6hs\u00fcn S\u0259m\u0259dovun i\u015fin\u0259 baxacaq | Azeri \u0130sl\u00e2mi Davet - Az\u0259rbaycanca","description":"\u201cAz\u0259rbaycan h\u00f6kum\u0259ti oktyabr ay\u0131n\u0131n 24-n\u0259 q\u0259d\u0259r A\u0130P lideri M\u00f6hs\u00fcn S\u0259m\u0259dovla ba\u011fl\u0131 Avropa M\u0259hk\u0259m\u0259sinin \u00fcnvanlad\u0131\u011f\u0131 sor\u011funu cavabland\u0131rmal\u0131d\u0131r. Yaln\u0131z bundan sonra m\u0259hk\u0259m\u0259 prosesin\u0259 start veril\u0259c\u0259k.\u201d Bu s\u00f6zl\u0259ri A\u0130P lideri M\u00f6hs\u00fcn S\u0259m\u0259dovun v\u0259kili Anar Qas\u0131ml\u0131 bir h\u0259ft\u0259 \u0259vv\u0259l partiya s\u0259drinin m\u0259hk\u0259m\u0259 i\u015fi il\u0259 ba\u011fl\u0131 \u0130slaminsesi.org sayt\u0131na a\u00e7\u0131qlama ver\u0259rk\u0259n qeyd edib. V\u0259kill\u0259 \u0259laq\u0259 saxlayaraq v\u0259ziyy\u0259tl\u0259 maraqland\u0131q. Anar Qas\u0131ml\u0131 bildirdi","canonical_url":"https:\/\/www.islamidavet.com\/azeri\/avropa-m%c9%99hk%c9%99m%c9%99si-g%c9%99l%c9%99n-ay-mohsun-s%c9%99m%c9%99dovun-isin%c9%99-baxacaq\/","robots":"max-image-preview:large","keywords":"","webmasterTools":{"miscellaneous":""},"schema":{"@context":"https:\/\/schema.org","@graph":[{"@type":"Article","@id":"https:\/\/www.islamidavet.com\/azeri\/avropa-m%c9%99hk%c9%99m%c9%99si-g%c9%99l%c9%99n-ay-mohsun-s%c9%99m%c9%99dovun-isin%c9%99-baxacaq\/#article","name":"Avropa M\u0259hk\u0259m\u0259si g\u0259l\u0259n ay M\u00f6hs\u00fcn S\u0259m\u0259dovun i\u015fin\u0259 baxacaq | Azeri \u0130sl\u00e2mi Davet - Az\u0259rbaycanca","headline":"Avropa M\u0259hk\u0259m\u0259si g\u0259l\u0259n ay M\u00f6hs\u00fcn S\u0259m\u0259dovun i\u015fin\u0259 baxacaq","author":{"@id":"https:\/\/www.islamidavet.com\/azeri\/author\/admin\/#author"},"publisher":{"@id":"https:\/\/www.islamidavet.com\/azeri\/#organization"},"datePublished":"2014-10-25T01:29:19+05:00","dateModified":"2014-10-25T01:29:19+05:00","inLanguage":"tr-TR","mainEntityOfPage":{"@id":"https:\/\/www.islamidavet.com\/azeri\/avropa-m%c9%99hk%c9%99m%c9%99si-g%c9%99l%c9%99n-ay-mohsun-s%c9%99m%c9%99dovun-isin%c9%99-baxacaq\/#webpage"},"isPartOf":{"@id":"https:\/\/www.islamidavet.com\/azeri\/avropa-m%c9%99hk%c9%99m%c9%99si-g%c9%99l%c9%99n-ay-mohsun-s%c9%99m%c9%99dovun-isin%c9%99-baxacaq\/#webpage"},"articleSection":"Asya, Az\u0259rbaycan, D\u00fcnya, X\u018fB\u018fRL\u018fR, Avropa M\u0259hk\u0259m\u0259si, gundem, M\u00f6hs\u00fcn S\u0259m\u0259dov, son dakika, xaber, xaberler"},{"@type":"BreadcrumbList","@id":"https:\/\/www.islamidavet.com\/azeri\/avropa-m%c9%99hk%c9%99m%c9%99si-g%c9%99l%c9%99n-ay-mohsun-s%c9%99m%c9%99dovun-isin%c9%99-baxacaq\/#breadcrumblist","itemListElement":[{"@type":"ListItem","@id":"https:\/\/www.islamidavet.com\/azeri#listItem","position":1,"name":"Ev","item":"https:\/\/www.islamidavet.com\/azeri","nextItem":{"@type":"ListItem","@id":"https:\/\/www.islamidavet.com\/azeri\/x%c9%99b%c9%99rl%c9%99r\/#listItem","name":"X\u018fB\u018fRL\u018fR"}},{"@type":"ListItem","@id":"https:\/\/www.islamidavet.com\/azeri\/x%c9%99b%c9%99rl%c9%99r\/#listItem","position":2,"name":"X\u018fB\u018fRL\u018fR","item":"https:\/\/www.islamidavet.com\/azeri\/x%c9%99b%c9%99rl%c9%99r\/","nextItem":{"@type":"ListItem","@id":"https:\/\/www.islamidavet.com\/azeri\/x%c9%99b%c9%99rl%c9%99r\/az%c9%99rbaycan\/#listItem","name":"Az\u0259rbaycan"},"previousItem":{"@type":"ListItem","@id":"https:\/\/www.islamidavet.com\/azeri#listItem","name":"Ev"}},{"@type":"ListItem","@id":"https:\/\/www.islamidavet.com\/azeri\/x%c9%99b%c9%99rl%c9%99r\/az%c9%99rbaycan\/#listItem","position":3,"name":"Az\u0259rbaycan","item":"https:\/\/www.islamidavet.com\/azeri\/x%c9%99b%c9%99rl%c9%99r\/az%c9%99rbaycan\/","nextItem":{"@type":"ListItem","@id":"https:\/\/www.islamidavet.com\/azeri\/avropa-m%c9%99hk%c9%99m%c9%99si-g%c9%99l%c9%99n-ay-mohsun-s%c9%99m%c9%99dovun-isin%c9%99-baxacaq\/#listItem","name":"Avropa M\u0259hk\u0259m\u0259si g\u0259l\u0259n ay M\u00f6hs\u00fcn S\u0259m\u0259dovun i\u015fin\u0259 baxacaq"},"previousItem":{"@type":"ListItem","@id":"https:\/\/www.islamidavet.com\/azeri\/x%c9%99b%c9%99rl%c9%99r\/#listItem","name":"X\u018fB\u018fRL\u018fR"}},{"@type":"ListItem","@id":"https:\/\/www.islamidavet.com\/azeri\/avropa-m%c9%99hk%c9%99m%c9%99si-g%c9%99l%c9%99n-ay-mohsun-s%c9%99m%c9%99dovun-isin%c9%99-baxacaq\/#listItem","position":4,"name":"Avropa M\u0259hk\u0259m\u0259si g\u0259l\u0259n ay M\u00f6hs\u00fcn S\u0259m\u0259dovun i\u015fin\u0259 baxacaq","previousItem":{"@type":"ListItem","@id":"https:\/\/www.islamidavet.com\/azeri\/x%c9%99b%c9%99rl%c9%99r\/az%c9%99rbaycan\/#listItem","name":"Az\u0259rbaycan"}}]},{"@type":"Organization","@id":"https:\/\/www.islamidavet.com\/azeri\/#organization","name":"Azeri \u0130sl\u00e2mi Davet - Az\u0259rbaycanca","description":"Azeri \u0130sl\u00e2mi Davet - Az\u0259rbaycanca","url":"https:\/\/www.islamidavet.com\/azeri\/"},{"@type":"Person","@id":"https:\/\/www.islamidavet.com\/azeri\/author\/admin\/#author","url":"https:\/\/www.islamidavet.com\/azeri\/author\/admin\/","name":"admin","image":{"@type":"ImageObject","@id":"https:\/\/www.islamidavet.com\/azeri\/avropa-m%c9%99hk%c9%99m%c9%99si-g%c9%99l%c9%99n-ay-mohsun-s%c9%99m%c9%99dovun-isin%c9%99-baxacaq\/#authorImage","url":"https:\/\/secure.gravatar.com\/avatar\/c1d8483ec39fbbba55dfad1685bf961c55dfcb0620a6e6120073dcc7bed0ca6d?s=96&d=mm&r=g","width":96,"height":96,"caption":"admin"}},{"@type":"WebPage","@id":"https:\/\/www.islamidavet.com\/azeri\/avropa-m%c9%99hk%c9%99m%c9%99si-g%c9%99l%c9%99n-ay-mohsun-s%c9%99m%c9%99dovun-isin%c9%99-baxacaq\/#webpage","url":"https:\/\/www.islamidavet.com\/azeri\/avropa-m%c9%99hk%c9%99m%c9%99si-g%c9%99l%c9%99n-ay-mohsun-s%c9%99m%c9%99dovun-isin%c9%99-baxacaq\/","name":"Avropa M\u0259hk\u0259m\u0259si g\u0259l\u0259n ay M\u00f6hs\u00fcn S\u0259m\u0259dovun i\u015fin\u0259 baxacaq | Azeri \u0130sl\u00e2mi Davet - Az\u0259rbaycanca","description":"\u201cAz\u0259rbaycan h\u00f6kum\u0259ti oktyabr ay\u0131n\u0131n 24-n\u0259 q\u0259d\u0259r A\u0130P lideri M\u00f6hs\u00fcn S\u0259m\u0259dovla ba\u011fl\u0131 Avropa M\u0259hk\u0259m\u0259sinin \u00fcnvanlad\u0131\u011f\u0131 sor\u011funu cavabland\u0131rmal\u0131d\u0131r. Yaln\u0131z bundan sonra m\u0259hk\u0259m\u0259 prosesin\u0259 start veril\u0259c\u0259k.\u201d Bu s\u00f6zl\u0259ri A\u0130P lideri M\u00f6hs\u00fcn S\u0259m\u0259dovun v\u0259kili Anar Qas\u0131ml\u0131 bir h\u0259ft\u0259 \u0259vv\u0259l partiya s\u0259drinin m\u0259hk\u0259m\u0259 i\u015fi il\u0259 ba\u011fl\u0131 \u0130slaminsesi.org sayt\u0131na a\u00e7\u0131qlama ver\u0259rk\u0259n qeyd edib. V\u0259kill\u0259 \u0259laq\u0259 saxlayaraq v\u0259ziyy\u0259tl\u0259 maraqland\u0131q. Anar Qas\u0131ml\u0131 bildirdi","inLanguage":"tr-TR","isPartOf":{"@id":"https:\/\/www.islamidavet.com\/azeri\/#website"},"breadcrumb":{"@id":"https:\/\/www.islamidavet.com\/azeri\/avropa-m%c9%99hk%c9%99m%c9%99si-g%c9%99l%c9%99n-ay-mohsun-s%c9%99m%c9%99dovun-isin%c9%99-baxacaq\/#breadcrumblist"},"author":{"@id":"https:\/\/www.islamidavet.com\/azeri\/author\/admin\/#author"},"creator":{"@id":"https:\/\/www.islamidavet.com\/azeri\/author\/admin\/#author"},"datePublished":"2014-10-25T01:29:19+05:00","dateModified":"2014-10-25T01:29:19+05:00"},{"@type":"WebSite","@id":"https:\/\/www.islamidavet.com\/azeri\/#website","url":"https:\/\/www.islamidavet.com\/azeri\/","name":"Azeri \u0130sl\u00e2mi Davet - Az\u0259rbaycanca","description":"Azeri \u0130sl\u00e2mi Davet - Az\u0259rbaycanca","inLanguage":"tr-TR","publisher":{"@id":"https:\/\/www.islamidavet.com\/azeri\/#organization"}}]},"og:locale":"tr_TR","og:site_name":"Azeri \u0130sl\u00e2mi Davet - Az\u0259rbaycanca | Azeri \u0130sl\u00e2mi Davet - Az\u0259rbaycanca","og:type":"article","og:title":"Avropa M\u0259hk\u0259m\u0259si g\u0259l\u0259n ay M\u00f6hs\u00fcn S\u0259m\u0259dovun i\u015fin\u0259 baxacaq | Azeri \u0130sl\u00e2mi Davet - Az\u0259rbaycanca","og:description":"\u201cAz\u0259rbaycan h\u00f6kum\u0259ti oktyabr ay\u0131n\u0131n 24-n\u0259 q\u0259d\u0259r A\u0130P lideri M\u00f6hs\u00fcn S\u0259m\u0259dovla ba\u011fl\u0131 Avropa M\u0259hk\u0259m\u0259sinin \u00fcnvanlad\u0131\u011f\u0131 sor\u011funu cavabland\u0131rmal\u0131d\u0131r. Yaln\u0131z bundan sonra m\u0259hk\u0259m\u0259 prosesin\u0259 start veril\u0259c\u0259k.\u201d Bu s\u00f6zl\u0259ri A\u0130P lideri M\u00f6hs\u00fcn S\u0259m\u0259dovun v\u0259kili Anar Qas\u0131ml\u0131 bir h\u0259ft\u0259 \u0259vv\u0259l partiya s\u0259drinin m\u0259hk\u0259m\u0259 i\u015fi il\u0259 ba\u011fl\u0131 \u0130slaminsesi.org sayt\u0131na a\u00e7\u0131qlama ver\u0259rk\u0259n qeyd edib. V\u0259kill\u0259 \u0259laq\u0259 saxlayaraq v\u0259ziyy\u0259tl\u0259 maraqland\u0131q. Anar Qas\u0131ml\u0131 bildirdi","og:url":"https:\/\/www.islamidavet.com\/azeri\/avropa-m%c9%99hk%c9%99m%c9%99si-g%c9%99l%c9%99n-ay-mohsun-s%c9%99m%c9%99dovun-isin%c9%99-baxacaq\/","article:published_time":"2014-10-24T20:29:19+00:00","article:modified_time":"2014-10-24T20:29:19+00:00","twitter:card":"summary_large_image","twitter:title":"Avropa M\u0259hk\u0259m\u0259si g\u0259l\u0259n ay M\u00f6hs\u00fcn S\u0259m\u0259dovun i\u015fin\u0259 baxacaq | Azeri \u0130sl\u00e2mi Davet - Az\u0259rbaycanca","twitter:description":"\u201cAz\u0259rbaycan h\u00f6kum\u0259ti oktyabr ay\u0131n\u0131n 24-n\u0259 q\u0259d\u0259r A\u0130P lideri M\u00f6hs\u00fcn S\u0259m\u0259dovla ba\u011fl\u0131 Avropa M\u0259hk\u0259m\u0259sinin \u00fcnvanlad\u0131\u011f\u0131 sor\u011funu cavabland\u0131rmal\u0131d\u0131r. Yaln\u0131z bundan sonra m\u0259hk\u0259m\u0259 prosesin\u0259 start veril\u0259c\u0259k.\u201d Bu s\u00f6zl\u0259ri A\u0130P lideri M\u00f6hs\u00fcn S\u0259m\u0259dovun v\u0259kili Anar Qas\u0131ml\u0131 bir h\u0259ft\u0259 \u0259vv\u0259l partiya s\u0259drinin m\u0259hk\u0259m\u0259 i\u015fi il\u0259 ba\u011fl\u0131 \u0130slaminsesi.org sayt\u0131na a\u00e7\u0131qlama ver\u0259rk\u0259n qeyd edib. V\u0259kill\u0259 \u0259laq\u0259 saxlayaraq v\u0259ziyy\u0259tl\u0259 maraqland\u0131q. Anar Qas\u0131ml\u0131 bildirdi"},"aioseo_meta_data":{"post_id":"37873","title":null,"description":null,"keywords":null,"keyphrases":null,"primary_term":null,"canonical_url":null,"og_title":null,"og_description":null,"og_object_type":"default","og_image_type":"default","og_image_url":null,"og_image_width":null,"og_image_height":null,"og_image_custom_url":null,"og_image_custom_fields":null,"og_video":null,"og_custom_url":null,"og_article_section":null,"og_article_tags":null,"twitter_use_og":false,"twitter_card":"default","twitter_image_type":"default","twitter_image_url":null,"twitter_image_custom_url":null,"twitter_image_custom_fields":null,"twitter_title":null,"twitter_description":null,"schema":{"blockGraphs":[],"customGraphs":[],"default":{"data":{"Article":[],"Course":[],"Dataset":[],"FAQPage":[],"Movie":[],"Person":[],"Product":[],"ProductReview":[],"Car":[],"Recipe":[],"Service":[],"SoftwareApplication":[],"WebPage":[]},"graphName":"","isEnabled":true},"graphs":[]},"schema_type":"default","schema_type_options":null,"pillar_content":false,"robots_default":true,"robots_noindex":false,"robots_noarchive":false,"robots_nosnippet":false,"robots_nofollow":false,"robots_noimageindex":false,"robots_noodp":false,"robots_notranslate":false,"robots_max_snippet":null,"robots_max_videopreview":null,"robots_max_imagepreview":"large","priority":null,"frequency":null,"local_seo":null,"breadcrumb_settings":null,"limit_modified_date":false,"ai":null,"created":"2024-07-21 16:15:26","updated":"2025-06-06 08:23:41","seo_analyzer_scan_date":null,"focus_keyword":null,"additional_keywords":null,"truseo_locale":null},"aioseo_breadcrumb":"<div class=\"aioseo-breadcrumbs\"><span class=\"aioseo-breadcrumb\">\n\t\t\t<a href=\"https:\/\/www.islamidavet.com\/azeri\" title=\"Ev\">Ev<\/a>\n\t\t<\/span><span class=\"aioseo-breadcrumb-separator\">&raquo;<\/span><span class=\"aioseo-breadcrumb\">\n\t\t\t<a href=\"https:\/\/www.islamidavet.com\/azeri\/x%c9%99b%c9%99rl%c9%99r\/\" title=\"X\u018fB\u018fRL\u018fR\">X\u018fB\u018fRL\u018fR<\/a>\n\t\t<\/span><span class=\"aioseo-breadcrumb-separator\">&raquo;<\/span><span class=\"aioseo-breadcrumb\">\n\t\t\t<a href=\"https:\/\/www.islamidavet.com\/azeri\/x%c9%99b%c9%99rl%c9%99r\/az%c9%99rbaycan\/\" title=\"Az\u0259rbaycan\">Az\u0259rbaycan<\/a>\n\t\t<\/span><span class=\"aioseo-breadcrumb-separator\">&raquo;<\/span><span class=\"aioseo-breadcrumb\">\n\t\t\tAvropa M\u0259hk\u0259m\u0259si g\u0259l\u0259n ay M\u00f6hs\u00fcn S\u0259m\u0259dovun i\u015fin\u0259 baxacaq\n\t\t<\/span><\/div>","aioseo_breadcrumb_json":[{"label":"Ev","link":"https:\/\/www.islamidavet.com\/azeri"},{"label":"X\u018fB\u018fRL\u018fR","link":"https:\/\/www.islamidavet.com\/azeri\/x%c9%99b%c9%99rl%c9%99r\/"},{"label":"Az\u0259rbaycan","link":"https:\/\/www.islamidavet.com\/azeri\/x%c9%99b%c9%99rl%c9%99r\/az%c9%99rbaycan\/"},{"label":"Avropa M\u0259hk\u0259m\u0259si g\u0259l\u0259n ay M\u00f6hs\u00fcn S\u0259m\u0259dovun i\u015fin\u0259 baxacaq","link":"https:\/\/www.islamidavet.com\/azeri\/avropa-m%c9%99hk%c9%99m%c9%99si-g%c9%99l%c9%99n-ay-mohsun-s%c9%99m%c9%99dovun-isin%c9%99-baxacaq\/"}],"amp_enabled":true,"_links":{"self":[{"href":"https:\/\/www.islamidavet.com\/azeri\/wp-json\/wp\/v2\/posts\/37873","targetHints":{"allow":["GET"]}}],"collection":[{"href":"https:\/\/www.islamidavet.com\/azeri\/wp-json\/wp\/v2\/posts"}],"about":[{"href":"https:\/\/www.islamidavet.com\/azeri\/wp-json\/wp\/v2\/types\/post"}],"author":[{"embeddable":true,"href":"https:\/\/www.islamidavet.com\/azeri\/wp-json\/wp\/v2\/users\/1"}],"replies":[{"embeddable":true,"href":"https:\/\/www.islamidavet.com\/azeri\/wp-json\/wp\/v2\/comments?post=37873"}],"version-history":[{"count":0,"href":"https:\/\/www.islamidavet.com\/azeri\/wp-json\/wp\/v2\/posts\/37873\/revisions"}],"wp:attachment":[{"href":"https:\/\/www.islamidavet.com\/azeri\/wp-json\/wp\/v2\/media?parent=37873"}],"wp:term":[{"taxonomy":"category","embeddable":true,"href":"https:\/\/www.islamidavet.com\/azeri\/wp-json\/wp\/v2\/categories?post=37873"},{"taxonomy":"post_tag","embeddable":true,"href":"https:\/\/www.islamidavet.com\/azeri\/wp-json\/wp\/v2\/tags?post=37873"}],"curies":[{"name":"wp","href":"https:\/\/api.w.org\/{rel}","templated":true}]}}