{"id":6668,"date":"2013-05-23T16:11:07","date_gmt":"2013-05-23T16:11:07","guid":{"rendered":"http:\/\/www.islamidavet.com\/azeri\/?p=6668"},"modified":"2013-05-23T16:11:07","modified_gmt":"2013-05-23T16:11:07","slug":"siyasi-m%c9%99hbuslarin-azad-edilm%c9%99si-t%c9%99l%c9%99bi-il%c9%99-aksiya-keciril%c9%99c%c9%99k","status":"publish","type":"post","link":"https:\/\/www.islamidavet.com\/azeri\/siyasi-m%c9%99hbuslarin-azad-edilm%c9%99si-t%c9%99l%c9%99bi-il%c9%99-aksiya-keciril%c9%99c%c9%99k\/","title":{"rendered":"Siyasi m\u0259hbuslar\u0131n azad edilm\u0259si t\u0259l\u0259bi il\u0259 aksiya ke\u00e7iril\u0259c\u0259k"},"content":{"rendered":"<p>M\u00fcbariz ruhani Hac\u0131  Taleh Ba\u011f\u0131rovunv\u0259 dig\u0259r siyasi  m\u0259hbuslar\u0131n  h\u0259bsd\u0259n azad edilm\u0259si t\u0259l\u0259bi il\u0259 1 iyun, saat 16-da  Bak\u0131da aksiya ke\u00e7iril\u0259c\u0259k.<\/p>\n<p> Hac\u0131  Taleh Ba\u011f\u0131rovun H\u00fcquqlar\u0131n\u0131 M\u00fcdafi\u0259 Komit\u0259sinin s\u0259dri El\u00e7in Namazov qanunsuz h\u0259bsl\u0259r\u0259 etiraz mitinqi t\u0259\u015f\u0259bb\u00fcskarlar\u0131 ad\u0131ndan ictimai-siyasi qurumlara m\u00fcraci\u0259t edib.<\/p>\n<p> M\u00fcraci\u0259td\u0259 deyilir ki, hakimiyy\u0259t \u00f6t\u0259n ill\u0259rd\u0259 oldu\u011fu kimi 2013-c\u00fc ild\u0259 d\u0259 etiraz ed\u0259n insanlar\u0131 \u0259sass\u0131z olaraq h\u0259bs etm\u0259kl\u0259 z\u0259r\u0259rsizl\u0259\u015fdirm\u0259k taktikas\u0131ndan istifad\u0259 edir.<\/p>\n<p> M\u00fcraci\u0259td\u0259 \u0259lav\u0259 olunub : \u201cHaz\u0131rda c\u0259za\u00e7\u0259km\u0259 m\u00fc\u0259ssis\u0259l\u0259rind\u0259 v\u0259 istintaq t\u0259cridxanalar\u0131nda bu c\u00fcr haqs\u0131z h\u0259bs\u0259 m\u0259ruz qalm\u0131\u015f 40-dan yuxar\u0131 \u015f\u0259xs saxlan\u0131r. Onlar\u0131n aras\u0131nda siyasi qurumlar\u0131n r\u0259hb\u0259rliyind\u0259 t\u0259msil olunan \u015f\u0259xsl\u0259r, siyasi partiya f\u0259allar\u0131, jurnalistl\u0259r, h\u00fcquq m\u00fcdafi\u0259\u00e7isi, ilahiyyat\u00e7\u0131lar, g\u0259ncl\u0259r t\u0259\u015fkilat\u0131 \u00fczvl\u0259ri, \u201cFacebook\u201d f\u0259al\u0131, hicab m\u0259hbuslar\u0131 var.\u201d <\/p>\n<p> Taleh Ba\u011f\u0131rovun H\u00fcquqlar\u0131n\u0131 M\u00fcdafi\u0259 Komit\u0259si \u00f6lk\u0259d\u0259ki \u00f6zba\u015f\u0131nal\u0131q m\u00fchitind\u0259n xilas olmaq \u00fc\u00e7\u00fcn b\u00fct\u00fcn qanunsuz h\u0259bsl\u0259rl\u0259 ba\u011fl\u0131 etiraz mitinqi ke\u00e7irm\u0259k t\u0259\u015f\u0259bb\u00fcs\u00fc il\u0259 \u00e7\u0131x\u0131\u015f etdiyini bildir\u0259 Namazov bildirib : \u201cAksiyan\u0131n 1 iyun, saat 16-da ke\u00e7irilm\u0259sini t\u0259klif etmi\u015fik. Bak\u0131 \u015e\u0259h\u0259r \u0130cra Hakimiyy\u0259tin\u0259 yaz\u0131l\u0131 x\u0259b\u0259rdarl\u0131q m\u0259ktubu g\u00f6nd\u0259rilib\u201d. <\/p>\n<p> M\u00fcraci\u0259td\u0259 \u00f6lk\u0259nin b\u00fct\u00fcn apar\u0131c\u0131 ictimai-siyasi qurumlar\u0131 bir araya g\u0259lm\u0259y\u0259 \u00e7a\u011f\u0131r\u0131l\u0131b, aksiyan\u0131 d\u0259st\u0259kl\u0259y\u0259n b\u00fct\u00fcn qurumlar\u0131n n\u00fcmay\u0259nd\u0259l\u0259rind\u0259n ibar\u0259t mitinq komit\u0259si yaratmaq v\u0259 aksiyan\u0131 birlikd\u0259 ke\u00e7irm\u0259k t\u0259klif olunub.<\/p>\n","protected":false},"excerpt":{"rendered":"<p>M\u00fcbariz ruhani Hac\u0131 Taleh Ba\u011f\u0131rovunv\u0259 dig\u0259r siyasi m\u0259hbuslar\u0131n h\u0259bsd\u0259n azad edilm\u0259si t\u0259l\u0259bi il\u0259 1 iyun, saat 16-da Bak\u0131da aksiya ke\u00e7iril\u0259c\u0259k. Hac\u0131 Taleh Ba\u011f\u0131rovun H\u00fcquqlar\u0131n\u0131 M\u00fcdafi\u0259 Komit\u0259sinin s\u0259dri El\u00e7in Namazov qanunsuz h\u0259bsl\u0259r\u0259 etiraz mitinqi t\u0259\u015f\u0259bb\u00fcskarlar\u0131 ad\u0131ndan ictimai-siyasi qurumlara m\u00fcraci\u0259t edib. M\u00fcraci\u0259td\u0259 deyilir ki, hakimiyy\u0259t \u00f6t\u0259n ill\u0259rd\u0259 oldu\u011fu kimi 2013-c\u00fc ild\u0259 d\u0259 etiraz ed\u0259n insanlar\u0131 \u0259sass\u0131z olaraq &hellip;<\/p>\n","protected":false},"author":1,"featured_media":0,"comment_status":"open","ping_status":"open","sticky":false,"template":"","format":"standard","meta":{"footnotes":""},"categories":[8,2],"tags":[3023,3025,4946,4945,4948,3845,4947],"class_list":["post-6668","post","type-post","status-publish","format-standard","hentry","category-dunya","category-xbrlr","tag-haci-taleh","tag-haci-taleh-bagirov","tag-haci-taleh-bagirovunv","tag-mubariz-ruhani","tag-muracit","tag-siyasi-mhbuslar","tag-siyasi-mhbuslarin-azad-edilmsi-tlbi-il-aksiya-kecirilck"],"aioseo_notices":[],"aioseo_head":"\n\t\t<!-- All in One SEO 5.0.1.1 - aioseo.com -->\n\t<meta name=\"description\" content=\"M\u00fcbariz ruhani Hac\u0131 Taleh Ba\u011f\u0131rovunv\u0259 dig\u0259r siyasi m\u0259hbuslar\u0131n h\u0259bsd\u0259n azad edilm\u0259si t\u0259l\u0259bi il\u0259 1 iyun, saat 16-da Bak\u0131da aksiya ke\u00e7iril\u0259c\u0259k. Hac\u0131 Taleh Ba\u011f\u0131rovun H\u00fcquqlar\u0131n\u0131 M\u00fcdafi\u0259 Komit\u0259sinin s\u0259dri El\u00e7in Namazov qanunsuz h\u0259bsl\u0259r\u0259 etiraz mitinqi t\u0259\u015f\u0259bb\u00fcskarlar\u0131 ad\u0131ndan ictimai-siyasi qurumlara m\u00fcraci\u0259t edib. M\u00fcraci\u0259td\u0259 deyilir ki, hakimiyy\u0259t \u00f6t\u0259n ill\u0259rd\u0259 oldu\u011fu kimi 2013-c\u00fc ild\u0259 d\u0259 etiraz ed\u0259n insanlar\u0131 \u0259sass\u0131z olaraq\" \/>\n\t<meta name=\"robots\" content=\"max-image-preview:large\" \/>\n\t<meta name=\"author\" content=\"admin\"\/>\n\t<link rel=\"canonical\" href=\"https:\/\/www.islamidavet.com\/azeri\/siyasi-m%c9%99hbuslarin-azad-edilm%c9%99si-t%c9%99l%c9%99bi-il%c9%99-aksiya-keciril%c9%99c%c9%99k\/\" \/>\n\t<meta name=\"generator\" content=\"All in One SEO (AIOSEO) 5.0.1.1\" \/>\n\t\t<meta property=\"og:locale\" content=\"tr_TR\" \/>\n\t\t<meta property=\"og:site_name\" content=\"Azeri \u0130sl\u00e2mi Davet - Az\u0259rbaycanca | Azeri \u0130sl\u00e2mi Davet - Az\u0259rbaycanca\" \/>\n\t\t<meta property=\"og:type\" content=\"article\" \/>\n\t\t<meta property=\"og:title\" content=\"Siyasi m\u0259hbuslar\u0131n azad edilm\u0259si t\u0259l\u0259bi il\u0259 aksiya ke\u00e7iril\u0259c\u0259k | Azeri \u0130sl\u00e2mi Davet - Az\u0259rbaycanca\" \/>\n\t\t<meta property=\"og:description\" content=\"M\u00fcbariz ruhani Hac\u0131 Taleh Ba\u011f\u0131rovunv\u0259 dig\u0259r siyasi m\u0259hbuslar\u0131n h\u0259bsd\u0259n azad edilm\u0259si t\u0259l\u0259bi il\u0259 1 iyun, saat 16-da Bak\u0131da aksiya ke\u00e7iril\u0259c\u0259k. Hac\u0131 Taleh Ba\u011f\u0131rovun H\u00fcquqlar\u0131n\u0131 M\u00fcdafi\u0259 Komit\u0259sinin s\u0259dri El\u00e7in Namazov qanunsuz h\u0259bsl\u0259r\u0259 etiraz mitinqi t\u0259\u015f\u0259bb\u00fcskarlar\u0131 ad\u0131ndan ictimai-siyasi qurumlara m\u00fcraci\u0259t edib. M\u00fcraci\u0259td\u0259 deyilir ki, hakimiyy\u0259t \u00f6t\u0259n ill\u0259rd\u0259 oldu\u011fu kimi 2013-c\u00fc ild\u0259 d\u0259 etiraz ed\u0259n insanlar\u0131 \u0259sass\u0131z olaraq\" \/>\n\t\t<meta property=\"og:url\" content=\"https:\/\/www.islamidavet.com\/azeri\/siyasi-m%c9%99hbuslarin-azad-edilm%c9%99si-t%c9%99l%c9%99bi-il%c9%99-aksiya-keciril%c9%99c%c9%99k\/\" \/>\n\t\t<meta property=\"article:published_time\" content=\"2013-05-23T16:11:07+00:00\" \/>\n\t\t<meta property=\"article:modified_time\" content=\"2013-05-23T16:11:07+00:00\" \/>\n\t\t<meta name=\"twitter:card\" content=\"summary_large_image\" \/>\n\t\t<meta name=\"twitter:title\" content=\"Siyasi m\u0259hbuslar\u0131n azad edilm\u0259si t\u0259l\u0259bi il\u0259 aksiya ke\u00e7iril\u0259c\u0259k | Azeri \u0130sl\u00e2mi Davet - Az\u0259rbaycanca\" \/>\n\t\t<meta name=\"twitter:description\" content=\"M\u00fcbariz ruhani Hac\u0131 Taleh Ba\u011f\u0131rovunv\u0259 dig\u0259r siyasi m\u0259hbuslar\u0131n h\u0259bsd\u0259n azad edilm\u0259si t\u0259l\u0259bi il\u0259 1 iyun, saat 16-da Bak\u0131da aksiya ke\u00e7iril\u0259c\u0259k. Hac\u0131 Taleh Ba\u011f\u0131rovun H\u00fcquqlar\u0131n\u0131 M\u00fcdafi\u0259 Komit\u0259sinin s\u0259dri El\u00e7in Namazov qanunsuz h\u0259bsl\u0259r\u0259 etiraz mitinqi t\u0259\u015f\u0259bb\u00fcskarlar\u0131 ad\u0131ndan ictimai-siyasi qurumlara m\u00fcraci\u0259t edib. M\u00fcraci\u0259td\u0259 deyilir ki, hakimiyy\u0259t \u00f6t\u0259n ill\u0259rd\u0259 oldu\u011fu kimi 2013-c\u00fc ild\u0259 d\u0259 etiraz ed\u0259n insanlar\u0131 \u0259sass\u0131z olaraq\" \/>\n\t\t<script type=\"application\/ld+json\" class=\"aioseo-schema\">\n\t\t\t{\"@context\":\"https:\\\/\\\/schema.org\",\"@graph\":[{\"@type\":\"Article\",\"@id\":\"https:\\\/\\\/www.islamidavet.com\\\/azeri\\\/siyasi-m%c9%99hbuslarin-azad-edilm%c9%99si-t%c9%99l%c9%99bi-il%c9%99-aksiya-keciril%c9%99c%c9%99k\\\/#article\",\"name\":\"Siyasi m\\u0259hbuslar\\u0131n azad edilm\\u0259si t\\u0259l\\u0259bi il\\u0259 aksiya ke\\u00e7iril\\u0259c\\u0259k | Azeri \\u0130sl\\u00e2mi Davet - Az\\u0259rbaycanca\",\"headline\":\"Siyasi m\\u0259hbuslar\\u0131n azad edilm\\u0259si t\\u0259l\\u0259bi il\\u0259 aksiya ke\\u00e7iril\\u0259c\\u0259k\",\"author\":{\"@id\":\"https:\\\/\\\/www.islamidavet.com\\\/azeri\\\/author\\\/admin\\\/#author\"},\"publisher\":{\"@id\":\"https:\\\/\\\/www.islamidavet.com\\\/azeri\\\/#organization\"},\"datePublished\":\"2013-05-23T16:11:07+05:00\",\"dateModified\":\"2013-05-23T16:11:07+05:00\",\"inLanguage\":\"tr-TR\",\"mainEntityOfPage\":{\"@id\":\"https:\\\/\\\/www.islamidavet.com\\\/azeri\\\/siyasi-m%c9%99hbuslarin-azad-edilm%c9%99si-t%c9%99l%c9%99bi-il%c9%99-aksiya-keciril%c9%99c%c9%99k\\\/#webpage\"},\"isPartOf\":{\"@id\":\"https:\\\/\\\/www.islamidavet.com\\\/azeri\\\/siyasi-m%c9%99hbuslarin-azad-edilm%c9%99si-t%c9%99l%c9%99bi-il%c9%99-aksiya-keciril%c9%99c%c9%99k\\\/#webpage\"},\"articleSection\":\"D\\u00fcnya, X\\u018fB\\u018fRL\\u018fR, Hac\\u0131 Taleh, Hac\\u0131 Taleh Ba\\u011f\\u0131rov, Hac\\u0131 Taleh Ba\\u011f\\u0131rovunv, M\\u00fcbariz ruhani, M\\u00fcraci\\u0259t, siyasi m\\u0259hbuslar, Siyasi m\\u0259hbuslar\\u0131n azad edilm\\u0259si t\\u0259l\\u0259bi il\\u0259 aksiya ke\\u00e7iril\\u0259c\\u0259k\"},{\"@type\":\"BreadcrumbList\",\"@id\":\"https:\\\/\\\/www.islamidavet.com\\\/azeri\\\/siyasi-m%c9%99hbuslarin-azad-edilm%c9%99si-t%c9%99l%c9%99bi-il%c9%99-aksiya-keciril%c9%99c%c9%99k\\\/#breadcrumblist\",\"itemListElement\":[{\"@type\":\"ListItem\",\"@id\":\"https:\\\/\\\/www.islamidavet.com\\\/azeri#listItem\",\"position\":1,\"name\":\"Ev\",\"item\":\"https:\\\/\\\/www.islamidavet.com\\\/azeri\",\"nextItem\":{\"@type\":\"ListItem\",\"@id\":\"https:\\\/\\\/www.islamidavet.com\\\/azeri\\\/x%c9%99b%c9%99rl%c9%99r\\\/#listItem\",\"name\":\"X\\u018fB\\u018fRL\\u018fR\"}},{\"@type\":\"ListItem\",\"@id\":\"https:\\\/\\\/www.islamidavet.com\\\/azeri\\\/x%c9%99b%c9%99rl%c9%99r\\\/#listItem\",\"position\":2,\"name\":\"X\\u018fB\\u018fRL\\u018fR\",\"item\":\"https:\\\/\\\/www.islamidavet.com\\\/azeri\\\/x%c9%99b%c9%99rl%c9%99r\\\/\",\"nextItem\":{\"@type\":\"ListItem\",\"@id\":\"https:\\\/\\\/www.islamidavet.com\\\/azeri\\\/x%c9%99b%c9%99rl%c9%99r\\\/dunya\\\/#listItem\",\"name\":\"D\\u00fcnya\"},\"previousItem\":{\"@type\":\"ListItem\",\"@id\":\"https:\\\/\\\/www.islamidavet.com\\\/azeri#listItem\",\"name\":\"Ev\"}},{\"@type\":\"ListItem\",\"@id\":\"https:\\\/\\\/www.islamidavet.com\\\/azeri\\\/x%c9%99b%c9%99rl%c9%99r\\\/dunya\\\/#listItem\",\"position\":3,\"name\":\"D\\u00fcnya\",\"item\":\"https:\\\/\\\/www.islamidavet.com\\\/azeri\\\/x%c9%99b%c9%99rl%c9%99r\\\/dunya\\\/\",\"nextItem\":{\"@type\":\"ListItem\",\"@id\":\"https:\\\/\\\/www.islamidavet.com\\\/azeri\\\/siyasi-m%c9%99hbuslarin-azad-edilm%c9%99si-t%c9%99l%c9%99bi-il%c9%99-aksiya-keciril%c9%99c%c9%99k\\\/#listItem\",\"name\":\"Siyasi m\\u0259hbuslar\\u0131n azad edilm\\u0259si t\\u0259l\\u0259bi il\\u0259 aksiya ke\\u00e7iril\\u0259c\\u0259k\"},\"previousItem\":{\"@type\":\"ListItem\",\"@id\":\"https:\\\/\\\/www.islamidavet.com\\\/azeri\\\/x%c9%99b%c9%99rl%c9%99r\\\/#listItem\",\"name\":\"X\\u018fB\\u018fRL\\u018fR\"}},{\"@type\":\"ListItem\",\"@id\":\"https:\\\/\\\/www.islamidavet.com\\\/azeri\\\/siyasi-m%c9%99hbuslarin-azad-edilm%c9%99si-t%c9%99l%c9%99bi-il%c9%99-aksiya-keciril%c9%99c%c9%99k\\\/#listItem\",\"position\":4,\"name\":\"Siyasi m\\u0259hbuslar\\u0131n azad edilm\\u0259si t\\u0259l\\u0259bi il\\u0259 aksiya ke\\u00e7iril\\u0259c\\u0259k\",\"previousItem\":{\"@type\":\"ListItem\",\"@id\":\"https:\\\/\\\/www.islamidavet.com\\\/azeri\\\/x%c9%99b%c9%99rl%c9%99r\\\/dunya\\\/#listItem\",\"name\":\"D\\u00fcnya\"}}]},{\"@type\":\"Organization\",\"@id\":\"https:\\\/\\\/www.islamidavet.com\\\/azeri\\\/#organization\",\"name\":\"Azeri \\u0130sl\\u00e2mi Davet - Az\\u0259rbaycanca\",\"description\":\"Azeri \\u0130sl\\u00e2mi Davet - Az\\u0259rbaycanca\",\"url\":\"https:\\\/\\\/www.islamidavet.com\\\/azeri\\\/\"},{\"@type\":\"Person\",\"@id\":\"https:\\\/\\\/www.islamidavet.com\\\/azeri\\\/author\\\/admin\\\/#author\",\"url\":\"https:\\\/\\\/www.islamidavet.com\\\/azeri\\\/author\\\/admin\\\/\",\"name\":\"admin\",\"image\":{\"@type\":\"ImageObject\",\"@id\":\"https:\\\/\\\/www.islamidavet.com\\\/azeri\\\/siyasi-m%c9%99hbuslarin-azad-edilm%c9%99si-t%c9%99l%c9%99bi-il%c9%99-aksiya-keciril%c9%99c%c9%99k\\\/#authorImage\",\"url\":\"https:\\\/\\\/secure.gravatar.com\\\/avatar\\\/c1d8483ec39fbbba55dfad1685bf961c55dfcb0620a6e6120073dcc7bed0ca6d?s=96&d=mm&r=g\",\"width\":96,\"height\":96,\"caption\":\"admin\"}},{\"@type\":\"WebPage\",\"@id\":\"https:\\\/\\\/www.islamidavet.com\\\/azeri\\\/siyasi-m%c9%99hbuslarin-azad-edilm%c9%99si-t%c9%99l%c9%99bi-il%c9%99-aksiya-keciril%c9%99c%c9%99k\\\/#webpage\",\"url\":\"https:\\\/\\\/www.islamidavet.com\\\/azeri\\\/siyasi-m%c9%99hbuslarin-azad-edilm%c9%99si-t%c9%99l%c9%99bi-il%c9%99-aksiya-keciril%c9%99c%c9%99k\\\/\",\"name\":\"Siyasi m\\u0259hbuslar\\u0131n azad edilm\\u0259si t\\u0259l\\u0259bi il\\u0259 aksiya ke\\u00e7iril\\u0259c\\u0259k | Azeri \\u0130sl\\u00e2mi Davet - Az\\u0259rbaycanca\",\"description\":\"M\\u00fcbariz ruhani Hac\\u0131 Taleh Ba\\u011f\\u0131rovunv\\u0259 dig\\u0259r siyasi m\\u0259hbuslar\\u0131n h\\u0259bsd\\u0259n azad edilm\\u0259si t\\u0259l\\u0259bi il\\u0259 1 iyun, saat 16-da Bak\\u0131da aksiya ke\\u00e7iril\\u0259c\\u0259k. Hac\\u0131 Taleh Ba\\u011f\\u0131rovun H\\u00fcquqlar\\u0131n\\u0131 M\\u00fcdafi\\u0259 Komit\\u0259sinin s\\u0259dri El\\u00e7in Namazov qanunsuz h\\u0259bsl\\u0259r\\u0259 etiraz mitinqi t\\u0259\\u015f\\u0259bb\\u00fcskarlar\\u0131 ad\\u0131ndan ictimai-siyasi qurumlara m\\u00fcraci\\u0259t edib. M\\u00fcraci\\u0259td\\u0259 deyilir ki, hakimiyy\\u0259t \\u00f6t\\u0259n ill\\u0259rd\\u0259 oldu\\u011fu kimi 2013-c\\u00fc ild\\u0259 d\\u0259 etiraz ed\\u0259n insanlar\\u0131 \\u0259sass\\u0131z olaraq\",\"inLanguage\":\"tr-TR\",\"isPartOf\":{\"@id\":\"https:\\\/\\\/www.islamidavet.com\\\/azeri\\\/#website\"},\"breadcrumb\":{\"@id\":\"https:\\\/\\\/www.islamidavet.com\\\/azeri\\\/siyasi-m%c9%99hbuslarin-azad-edilm%c9%99si-t%c9%99l%c9%99bi-il%c9%99-aksiya-keciril%c9%99c%c9%99k\\\/#breadcrumblist\"},\"author\":{\"@id\":\"https:\\\/\\\/www.islamidavet.com\\\/azeri\\\/author\\\/admin\\\/#author\"},\"creator\":{\"@id\":\"https:\\\/\\\/www.islamidavet.com\\\/azeri\\\/author\\\/admin\\\/#author\"},\"datePublished\":\"2013-05-23T16:11:07+05:00\",\"dateModified\":\"2013-05-23T16:11:07+05:00\"},{\"@type\":\"WebSite\",\"@id\":\"https:\\\/\\\/www.islamidavet.com\\\/azeri\\\/#website\",\"url\":\"https:\\\/\\\/www.islamidavet.com\\\/azeri\\\/\",\"name\":\"Azeri \\u0130sl\\u00e2mi Davet - Az\\u0259rbaycanca\",\"description\":\"Azeri \\u0130sl\\u00e2mi Davet - Az\\u0259rbaycanca\",\"inLanguage\":\"tr-TR\",\"publisher\":{\"@id\":\"https:\\\/\\\/www.islamidavet.com\\\/azeri\\\/#organization\"}}]}\n\t\t<\/script>\n\t\t<!-- All in One SEO -->\n\n","aioseo_head_json":{"title":"Siyasi m\u0259hbuslar\u0131n azad edilm\u0259si t\u0259l\u0259bi il\u0259 aksiya ke\u00e7iril\u0259c\u0259k | Azeri \u0130sl\u00e2mi Davet - Az\u0259rbaycanca","description":"M\u00fcbariz ruhani Hac\u0131 Taleh Ba\u011f\u0131rovunv\u0259 dig\u0259r siyasi m\u0259hbuslar\u0131n h\u0259bsd\u0259n azad edilm\u0259si t\u0259l\u0259bi il\u0259 1 iyun, saat 16-da Bak\u0131da aksiya ke\u00e7iril\u0259c\u0259k. Hac\u0131 Taleh Ba\u011f\u0131rovun H\u00fcquqlar\u0131n\u0131 M\u00fcdafi\u0259 Komit\u0259sinin s\u0259dri El\u00e7in Namazov qanunsuz h\u0259bsl\u0259r\u0259 etiraz mitinqi t\u0259\u015f\u0259bb\u00fcskarlar\u0131 ad\u0131ndan ictimai-siyasi qurumlara m\u00fcraci\u0259t edib. M\u00fcraci\u0259td\u0259 deyilir ki, hakimiyy\u0259t \u00f6t\u0259n ill\u0259rd\u0259 oldu\u011fu kimi 2013-c\u00fc ild\u0259 d\u0259 etiraz ed\u0259n insanlar\u0131 \u0259sass\u0131z olaraq","canonical_url":"https:\/\/www.islamidavet.com\/azeri\/siyasi-m%c9%99hbuslarin-azad-edilm%c9%99si-t%c9%99l%c9%99bi-il%c9%99-aksiya-keciril%c9%99c%c9%99k\/","robots":"max-image-preview:large","keywords":"","webmasterTools":{"miscellaneous":""},"schema":{"@context":"https:\/\/schema.org","@graph":[{"@type":"Article","@id":"https:\/\/www.islamidavet.com\/azeri\/siyasi-m%c9%99hbuslarin-azad-edilm%c9%99si-t%c9%99l%c9%99bi-il%c9%99-aksiya-keciril%c9%99c%c9%99k\/#article","name":"Siyasi m\u0259hbuslar\u0131n azad edilm\u0259si t\u0259l\u0259bi il\u0259 aksiya ke\u00e7iril\u0259c\u0259k | Azeri \u0130sl\u00e2mi Davet - Az\u0259rbaycanca","headline":"Siyasi m\u0259hbuslar\u0131n azad edilm\u0259si t\u0259l\u0259bi il\u0259 aksiya ke\u00e7iril\u0259c\u0259k","author":{"@id":"https:\/\/www.islamidavet.com\/azeri\/author\/admin\/#author"},"publisher":{"@id":"https:\/\/www.islamidavet.com\/azeri\/#organization"},"datePublished":"2013-05-23T16:11:07+05:00","dateModified":"2013-05-23T16:11:07+05:00","inLanguage":"tr-TR","mainEntityOfPage":{"@id":"https:\/\/www.islamidavet.com\/azeri\/siyasi-m%c9%99hbuslarin-azad-edilm%c9%99si-t%c9%99l%c9%99bi-il%c9%99-aksiya-keciril%c9%99c%c9%99k\/#webpage"},"isPartOf":{"@id":"https:\/\/www.islamidavet.com\/azeri\/siyasi-m%c9%99hbuslarin-azad-edilm%c9%99si-t%c9%99l%c9%99bi-il%c9%99-aksiya-keciril%c9%99c%c9%99k\/#webpage"},"articleSection":"D\u00fcnya, X\u018fB\u018fRL\u018fR, Hac\u0131 Taleh, Hac\u0131 Taleh Ba\u011f\u0131rov, Hac\u0131 Taleh Ba\u011f\u0131rovunv, M\u00fcbariz ruhani, M\u00fcraci\u0259t, siyasi m\u0259hbuslar, Siyasi m\u0259hbuslar\u0131n azad edilm\u0259si t\u0259l\u0259bi il\u0259 aksiya ke\u00e7iril\u0259c\u0259k"},{"@type":"BreadcrumbList","@id":"https:\/\/www.islamidavet.com\/azeri\/siyasi-m%c9%99hbuslarin-azad-edilm%c9%99si-t%c9%99l%c9%99bi-il%c9%99-aksiya-keciril%c9%99c%c9%99k\/#breadcrumblist","itemListElement":[{"@type":"ListItem","@id":"https:\/\/www.islamidavet.com\/azeri#listItem","position":1,"name":"Ev","item":"https:\/\/www.islamidavet.com\/azeri","nextItem":{"@type":"ListItem","@id":"https:\/\/www.islamidavet.com\/azeri\/x%c9%99b%c9%99rl%c9%99r\/#listItem","name":"X\u018fB\u018fRL\u018fR"}},{"@type":"ListItem","@id":"https:\/\/www.islamidavet.com\/azeri\/x%c9%99b%c9%99rl%c9%99r\/#listItem","position":2,"name":"X\u018fB\u018fRL\u018fR","item":"https:\/\/www.islamidavet.com\/azeri\/x%c9%99b%c9%99rl%c9%99r\/","nextItem":{"@type":"ListItem","@id":"https:\/\/www.islamidavet.com\/azeri\/x%c9%99b%c9%99rl%c9%99r\/dunya\/#listItem","name":"D\u00fcnya"},"previousItem":{"@type":"ListItem","@id":"https:\/\/www.islamidavet.com\/azeri#listItem","name":"Ev"}},{"@type":"ListItem","@id":"https:\/\/www.islamidavet.com\/azeri\/x%c9%99b%c9%99rl%c9%99r\/dunya\/#listItem","position":3,"name":"D\u00fcnya","item":"https:\/\/www.islamidavet.com\/azeri\/x%c9%99b%c9%99rl%c9%99r\/dunya\/","nextItem":{"@type":"ListItem","@id":"https:\/\/www.islamidavet.com\/azeri\/siyasi-m%c9%99hbuslarin-azad-edilm%c9%99si-t%c9%99l%c9%99bi-il%c9%99-aksiya-keciril%c9%99c%c9%99k\/#listItem","name":"Siyasi m\u0259hbuslar\u0131n azad edilm\u0259si t\u0259l\u0259bi il\u0259 aksiya ke\u00e7iril\u0259c\u0259k"},"previousItem":{"@type":"ListItem","@id":"https:\/\/www.islamidavet.com\/azeri\/x%c9%99b%c9%99rl%c9%99r\/#listItem","name":"X\u018fB\u018fRL\u018fR"}},{"@type":"ListItem","@id":"https:\/\/www.islamidavet.com\/azeri\/siyasi-m%c9%99hbuslarin-azad-edilm%c9%99si-t%c9%99l%c9%99bi-il%c9%99-aksiya-keciril%c9%99c%c9%99k\/#listItem","position":4,"name":"Siyasi m\u0259hbuslar\u0131n azad edilm\u0259si t\u0259l\u0259bi il\u0259 aksiya ke\u00e7iril\u0259c\u0259k","previousItem":{"@type":"ListItem","@id":"https:\/\/www.islamidavet.com\/azeri\/x%c9%99b%c9%99rl%c9%99r\/dunya\/#listItem","name":"D\u00fcnya"}}]},{"@type":"Organization","@id":"https:\/\/www.islamidavet.com\/azeri\/#organization","name":"Azeri \u0130sl\u00e2mi Davet - Az\u0259rbaycanca","description":"Azeri \u0130sl\u00e2mi Davet - Az\u0259rbaycanca","url":"https:\/\/www.islamidavet.com\/azeri\/"},{"@type":"Person","@id":"https:\/\/www.islamidavet.com\/azeri\/author\/admin\/#author","url":"https:\/\/www.islamidavet.com\/azeri\/author\/admin\/","name":"admin","image":{"@type":"ImageObject","@id":"https:\/\/www.islamidavet.com\/azeri\/siyasi-m%c9%99hbuslarin-azad-edilm%c9%99si-t%c9%99l%c9%99bi-il%c9%99-aksiya-keciril%c9%99c%c9%99k\/#authorImage","url":"https:\/\/secure.gravatar.com\/avatar\/c1d8483ec39fbbba55dfad1685bf961c55dfcb0620a6e6120073dcc7bed0ca6d?s=96&d=mm&r=g","width":96,"height":96,"caption":"admin"}},{"@type":"WebPage","@id":"https:\/\/www.islamidavet.com\/azeri\/siyasi-m%c9%99hbuslarin-azad-edilm%c9%99si-t%c9%99l%c9%99bi-il%c9%99-aksiya-keciril%c9%99c%c9%99k\/#webpage","url":"https:\/\/www.islamidavet.com\/azeri\/siyasi-m%c9%99hbuslarin-azad-edilm%c9%99si-t%c9%99l%c9%99bi-il%c9%99-aksiya-keciril%c9%99c%c9%99k\/","name":"Siyasi m\u0259hbuslar\u0131n azad edilm\u0259si t\u0259l\u0259bi il\u0259 aksiya ke\u00e7iril\u0259c\u0259k | Azeri \u0130sl\u00e2mi Davet - Az\u0259rbaycanca","description":"M\u00fcbariz ruhani Hac\u0131 Taleh Ba\u011f\u0131rovunv\u0259 dig\u0259r siyasi m\u0259hbuslar\u0131n h\u0259bsd\u0259n azad edilm\u0259si t\u0259l\u0259bi il\u0259 1 iyun, saat 16-da Bak\u0131da aksiya ke\u00e7iril\u0259c\u0259k. Hac\u0131 Taleh Ba\u011f\u0131rovun H\u00fcquqlar\u0131n\u0131 M\u00fcdafi\u0259 Komit\u0259sinin s\u0259dri El\u00e7in Namazov qanunsuz h\u0259bsl\u0259r\u0259 etiraz mitinqi t\u0259\u015f\u0259bb\u00fcskarlar\u0131 ad\u0131ndan ictimai-siyasi qurumlara m\u00fcraci\u0259t edib. M\u00fcraci\u0259td\u0259 deyilir ki, hakimiyy\u0259t \u00f6t\u0259n ill\u0259rd\u0259 oldu\u011fu kimi 2013-c\u00fc ild\u0259 d\u0259 etiraz ed\u0259n insanlar\u0131 \u0259sass\u0131z olaraq","inLanguage":"tr-TR","isPartOf":{"@id":"https:\/\/www.islamidavet.com\/azeri\/#website"},"breadcrumb":{"@id":"https:\/\/www.islamidavet.com\/azeri\/siyasi-m%c9%99hbuslarin-azad-edilm%c9%99si-t%c9%99l%c9%99bi-il%c9%99-aksiya-keciril%c9%99c%c9%99k\/#breadcrumblist"},"author":{"@id":"https:\/\/www.islamidavet.com\/azeri\/author\/admin\/#author"},"creator":{"@id":"https:\/\/www.islamidavet.com\/azeri\/author\/admin\/#author"},"datePublished":"2013-05-23T16:11:07+05:00","dateModified":"2013-05-23T16:11:07+05:00"},{"@type":"WebSite","@id":"https:\/\/www.islamidavet.com\/azeri\/#website","url":"https:\/\/www.islamidavet.com\/azeri\/","name":"Azeri \u0130sl\u00e2mi Davet - Az\u0259rbaycanca","description":"Azeri \u0130sl\u00e2mi Davet - Az\u0259rbaycanca","inLanguage":"tr-TR","publisher":{"@id":"https:\/\/www.islamidavet.com\/azeri\/#organization"}}]},"og:locale":"tr_TR","og:site_name":"Azeri \u0130sl\u00e2mi Davet - Az\u0259rbaycanca | Azeri \u0130sl\u00e2mi Davet - Az\u0259rbaycanca","og:type":"article","og:title":"Siyasi m\u0259hbuslar\u0131n azad edilm\u0259si t\u0259l\u0259bi il\u0259 aksiya ke\u00e7iril\u0259c\u0259k | Azeri \u0130sl\u00e2mi Davet - Az\u0259rbaycanca","og:description":"M\u00fcbariz ruhani Hac\u0131 Taleh Ba\u011f\u0131rovunv\u0259 dig\u0259r siyasi m\u0259hbuslar\u0131n h\u0259bsd\u0259n azad edilm\u0259si t\u0259l\u0259bi il\u0259 1 iyun, saat 16-da Bak\u0131da aksiya ke\u00e7iril\u0259c\u0259k. Hac\u0131 Taleh Ba\u011f\u0131rovun H\u00fcquqlar\u0131n\u0131 M\u00fcdafi\u0259 Komit\u0259sinin s\u0259dri El\u00e7in Namazov qanunsuz h\u0259bsl\u0259r\u0259 etiraz mitinqi t\u0259\u015f\u0259bb\u00fcskarlar\u0131 ad\u0131ndan ictimai-siyasi qurumlara m\u00fcraci\u0259t edib. M\u00fcraci\u0259td\u0259 deyilir ki, hakimiyy\u0259t \u00f6t\u0259n ill\u0259rd\u0259 oldu\u011fu kimi 2013-c\u00fc ild\u0259 d\u0259 etiraz ed\u0259n insanlar\u0131 \u0259sass\u0131z olaraq","og:url":"https:\/\/www.islamidavet.com\/azeri\/siyasi-m%c9%99hbuslarin-azad-edilm%c9%99si-t%c9%99l%c9%99bi-il%c9%99-aksiya-keciril%c9%99c%c9%99k\/","article:published_time":"2013-05-23T16:11:07+00:00","article:modified_time":"2013-05-23T16:11:07+00:00","twitter:card":"summary_large_image","twitter:title":"Siyasi m\u0259hbuslar\u0131n azad edilm\u0259si t\u0259l\u0259bi il\u0259 aksiya ke\u00e7iril\u0259c\u0259k | Azeri \u0130sl\u00e2mi Davet - Az\u0259rbaycanca","twitter:description":"M\u00fcbariz ruhani Hac\u0131 Taleh Ba\u011f\u0131rovunv\u0259 dig\u0259r siyasi m\u0259hbuslar\u0131n h\u0259bsd\u0259n azad edilm\u0259si t\u0259l\u0259bi il\u0259 1 iyun, saat 16-da Bak\u0131da aksiya ke\u00e7iril\u0259c\u0259k. Hac\u0131 Taleh Ba\u011f\u0131rovun H\u00fcquqlar\u0131n\u0131 M\u00fcdafi\u0259 Komit\u0259sinin s\u0259dri El\u00e7in Namazov qanunsuz h\u0259bsl\u0259r\u0259 etiraz mitinqi t\u0259\u015f\u0259bb\u00fcskarlar\u0131 ad\u0131ndan ictimai-siyasi qurumlara m\u00fcraci\u0259t edib. M\u00fcraci\u0259td\u0259 deyilir ki, hakimiyy\u0259t \u00f6t\u0259n ill\u0259rd\u0259 oldu\u011fu kimi 2013-c\u00fc ild\u0259 d\u0259 etiraz ed\u0259n insanlar\u0131 \u0259sass\u0131z olaraq"},"aioseo_meta_data":{"post_id":"6668","title":null,"description":null,"keywords":null,"keyphrases":null,"primary_term":null,"canonical_url":null,"og_title":null,"og_description":null,"og_object_type":"default","og_image_type":"default","og_image_url":null,"og_image_width":null,"og_image_height":null,"og_image_custom_url":null,"og_image_custom_fields":null,"og_video":null,"og_custom_url":null,"og_article_section":null,"og_article_tags":null,"twitter_use_og":false,"twitter_card":"default","twitter_image_type":"default","twitter_image_url":null,"twitter_image_custom_url":null,"twitter_image_custom_fields":null,"twitter_title":null,"twitter_description":null,"schema":{"blockGraphs":[],"customGraphs":[],"default":{"data":{"Article":[],"Course":[],"Dataset":[],"FAQPage":[],"Movie":[],"Person":[],"Product":[],"ProductReview":[],"Car":[],"Recipe":[],"Service":[],"SoftwareApplication":[],"WebPage":[]},"graphName":"","isEnabled":true},"graphs":[]},"schema_type":"default","schema_type_options":null,"pillar_content":false,"robots_default":true,"robots_noindex":false,"robots_noarchive":false,"robots_nosnippet":false,"robots_nofollow":false,"robots_noimageindex":false,"robots_noodp":false,"robots_notranslate":false,"robots_max_snippet":null,"robots_max_videopreview":null,"robots_max_imagepreview":"large","priority":null,"frequency":null,"local_seo":null,"breadcrumb_settings":null,"limit_modified_date":false,"ai":null,"created":"2024-07-21 23:30:41","updated":"2025-06-05 14:05:21","seo_analyzer_scan_date":null,"focus_keyword":null,"additional_keywords":null,"truseo_locale":null},"aioseo_breadcrumb":"<div class=\"aioseo-breadcrumbs\"><span class=\"aioseo-breadcrumb\">\n\t\t\t<a href=\"https:\/\/www.islamidavet.com\/azeri\" title=\"Ev\">Ev<\/a>\n\t\t<\/span><span class=\"aioseo-breadcrumb-separator\">&raquo;<\/span><span class=\"aioseo-breadcrumb\">\n\t\t\t<a href=\"https:\/\/www.islamidavet.com\/azeri\/x%c9%99b%c9%99rl%c9%99r\/\" title=\"X\u018fB\u018fRL\u018fR\">X\u018fB\u018fRL\u018fR<\/a>\n\t\t<\/span><span class=\"aioseo-breadcrumb-separator\">&raquo;<\/span><span class=\"aioseo-breadcrumb\">\n\t\t\t<a href=\"https:\/\/www.islamidavet.com\/azeri\/x%c9%99b%c9%99rl%c9%99r\/dunya\/\" title=\"D\u00fcnya\">D\u00fcnya<\/a>\n\t\t<\/span><span class=\"aioseo-breadcrumb-separator\">&raquo;<\/span><span class=\"aioseo-breadcrumb\">\n\t\t\tSiyasi m\u0259hbuslar\u0131n azad edilm\u0259si t\u0259l\u0259bi il\u0259 aksiya ke\u00e7iril\u0259c\u0259k\n\t\t<\/span><\/div>","aioseo_breadcrumb_json":[{"label":"Ev","link":"https:\/\/www.islamidavet.com\/azeri"},{"label":"X\u018fB\u018fRL\u018fR","link":"https:\/\/www.islamidavet.com\/azeri\/x%c9%99b%c9%99rl%c9%99r\/"},{"label":"D\u00fcnya","link":"https:\/\/www.islamidavet.com\/azeri\/x%c9%99b%c9%99rl%c9%99r\/dunya\/"},{"label":"Siyasi m\u0259hbuslar\u0131n azad edilm\u0259si t\u0259l\u0259bi il\u0259 aksiya ke\u00e7iril\u0259c\u0259k","link":"https:\/\/www.islamidavet.com\/azeri\/siyasi-m%c9%99hbuslarin-azad-edilm%c9%99si-t%c9%99l%c9%99bi-il%c9%99-aksiya-keciril%c9%99c%c9%99k\/"}],"amp_enabled":true,"_links":{"self":[{"href":"https:\/\/www.islamidavet.com\/azeri\/wp-json\/wp\/v2\/posts\/6668","targetHints":{"allow":["GET"]}}],"collection":[{"href":"https:\/\/www.islamidavet.com\/azeri\/wp-json\/wp\/v2\/posts"}],"about":[{"href":"https:\/\/www.islamidavet.com\/azeri\/wp-json\/wp\/v2\/types\/post"}],"author":[{"embeddable":true,"href":"https:\/\/www.islamidavet.com\/azeri\/wp-json\/wp\/v2\/users\/1"}],"replies":[{"embeddable":true,"href":"https:\/\/www.islamidavet.com\/azeri\/wp-json\/wp\/v2\/comments?post=6668"}],"version-history":[{"count":0,"href":"https:\/\/www.islamidavet.com\/azeri\/wp-json\/wp\/v2\/posts\/6668\/revisions"}],"wp:attachment":[{"href":"https:\/\/www.islamidavet.com\/azeri\/wp-json\/wp\/v2\/media?parent=6668"}],"wp:term":[{"taxonomy":"category","embeddable":true,"href":"https:\/\/www.islamidavet.com\/azeri\/wp-json\/wp\/v2\/categories?post=6668"},{"taxonomy":"post_tag","embeddable":true,"href":"https:\/\/www.islamidavet.com\/azeri\/wp-json\/wp\/v2\/tags?post=6668"}],"curies":[{"name":"wp","href":"https:\/\/api.w.org\/{rel}","templated":true}]}}