{"id":394363,"date":"2025-05-26T16:45:03","date_gmt":"2025-05-26T13:45:03","guid":{"rendered":"https:\/\/www.islamidavet.com\/multimedya\/?p=394363"},"modified":"2025-05-26T16:45:03","modified_gmt":"2025-05-26T13:45:03","slug":"hizbullah-genel-sekreteri-seyh-naim-kasim-direnis-ve-zafer-gununun-25-yildonumu-vesilesiyle-yaptigi-konusmada","status":"publish","type":"post","link":"https:\/\/www.islamidavet.com\/multimedya\/hizbullah-genel-sekreteri-seyh-naim-kasim-direnis-ve-zafer-gununun-25-yildonumu-vesilesiyle-yaptigi-konusmada\/","title":{"rendered":"Hizbullah Genel Sekreteri \u015eeyh Naim Kas\u0131m, Direni\u015f ve Zafer G\u00fcn\u00fc&#8217;n\u00fcn 25. y\u0131ld\u00f6n\u00fcm\u00fc vesilesiyle yapt\u0131\u011f\u0131 konu\u015fmada:"},"content":{"rendered":"<p>Zaferin \u015ferefi \u00f6ncelikle Allah&#8217;a, \u0130mam Seyyid Musa Sadr&#8217;a, \u015fehit direni\u015f liderleri \u015eeyh Rag\u0131p Harb&#8217;a, Seyyid Abbas el-Musevi&#8217;ye ve milletin \u015fehitlerinin efendisi Seyyid Hasan Nasrallah&#8217;a aittir.<\/p>\n<div style=\"width: 640px;\" class=\"wp-video\"><video class=\"wp-video-shortcode\" id=\"video-394363-1\" width=\"640\" height=\"360\" preload=\"metadata\" controls=\"controls\"><source type=\"video\/mp4\" src=\"https:\/\/www.islamidavet.tv\/2025\/05\/hmib60l95k_conv.mp4?_=1\" \/><a href=\"https:\/\/www.islamidavet.tv\/2025\/05\/hmib60l95k_conv.mp4\" rel=\"nofollow noopener\" target=\"_blank\">https:\/\/www.islamidavet.tv\/2025\/05\/hmib60l95k_conv.mp4<\/a><\/video><\/div>\n","protected":false},"excerpt":{"rendered":"<p>Zaferin \u015ferefi \u00f6ncelikle Allah&#8217;a, \u0130mam Seyyid Musa Sadr&#8217;a, \u015fehit direni\u015f liderleri \u015eeyh Rag\u0131p Harb&#8217;a, Seyyid Abbas el-Musevi&#8217;ye ve milletin \u015fehitlerinin efendisi Seyyid Hasan Nasrallah&#8217;a aittir.<\/p>\n","protected":false},"author":1,"featured_media":394362,"comment_status":"closed","ping_status":"closed","sticky":false,"template":"","format":"standard","meta":{"footnotes":""},"categories":[10030,11981],"tags":[],"class_list":["post-394363","post","type-post","status-publish","format-standard","has-post-thumbnail","hentry","category-konusmalar","category-seyh-naim-kasim"],"_links":{"self":[{"href":"https:\/\/www.islamidavet.com\/multimedya\/wp-json\/wp\/v2\/posts\/394363","targetHints":{"allow":["GET"]}}],"collection":[{"href":"https:\/\/www.islamidavet.com\/multimedya\/wp-json\/wp\/v2\/posts"}],"about":[{"href":"https:\/\/www.islamidavet.com\/multimedya\/wp-json\/wp\/v2\/types\/post"}],"author":[{"embeddable":true,"href":"https:\/\/www.islamidavet.com\/multimedya\/wp-json\/wp\/v2\/users\/1"}],"replies":[{"embeddable":true,"href":"https:\/\/www.islamidavet.com\/multimedya\/wp-json\/wp\/v2\/comments?post=394363"}],"version-history":[{"count":1,"href":"https:\/\/www.islamidavet.com\/multimedya\/wp-json\/wp\/v2\/posts\/394363\/revisions"}],"predecessor-version":[{"id":394374,"href":"https:\/\/www.islamidavet.com\/multimedya\/wp-json\/wp\/v2\/posts\/394363\/revisions\/394374"}],"wp:featuredmedia":[{"embeddable":true,"href":"https:\/\/www.islamidavet.com\/multimedya\/wp-json\/wp\/v2\/media\/394362"}],"wp:attachment":[{"href":"https:\/\/www.islamidavet.com\/multimedya\/wp-json\/wp\/v2\/media?parent=394363"}],"wp:term":[{"taxonomy":"category","embeddable":true,"href":"https:\/\/www.islamidavet.com\/multimedya\/wp-json\/wp\/v2\/categories?post=394363"},{"taxonomy":"post_tag","embeddable":true,"href":"https:\/\/www.islamidavet.com\/multimedya\/wp-json\/wp\/v2\/tags?post=394363"}],"curies":[{"name":"wp","href":"https:\/\/api.w.org\/{rel}","templated":true}]}}